{"id":2938,"date":"2022-02-07T19:04:00","date_gmt":"2022-02-07T22:04:00","guid":{"rendered":"https:\/\/vimagazine.com.br\/?p=2938"},"modified":"2022-02-08T11:25:07","modified_gmt":"2022-02-08T14:25:07","slug":"conheca-nayane-pacheco-especialista-em-harmonizacao-facial-que-ja-realizou-mais-de-20-mil-transformacoes","status":"publish","type":"post","link":"https:\/\/vimagazine.com.br\/?p=2938","title":{"rendered":"Conhe\u00e7a Nayane Pacheco, especialista em harmoniza\u00e7\u00e3o facial que j\u00e1 realizou mais de 20 mil transforma\u00e7\u00f5es"},"content":{"rendered":"\n<p>O interesse pela harmoniza\u00e7\u00e3o facial n\u00e3o para de crescer: apenas em 2020, as pesquisas pelo termo aumentaram 540% de acordo com dados do Google Trends. E se engana quem pensa que s\u00e3o s\u00f3 as mulheres que s\u00e3o vaidosas, j\u00e1 que a busca masculina pela realiza\u00e7\u00e3o da t\u00e9cnica cresceu 255% somente entre 2014 e 2019. Respons\u00e1vel por parte desse crescimento, Dra. Nayane Pacheco \u00e9 refer\u00eancia nacional e internacional em harmoniza\u00e7\u00e3o facial de rostos masculinos. Sua t\u00e9cnica \u00e9 muito procurada por pacientes de outros pa\u00edses que v\u00eam ao Brasil exclusivamente para realizar o procedimento com a profissional.&nbsp;<\/p>\n\n\n\n<p>Uma das primeiras a realizar harmoniza\u00e7\u00e3o facial no&nbsp;pa\u00eds, Dra.&nbsp;Nayane ainda criou uma t\u00e9cnica exclusiva de preenchimento mandibular e j\u00e1 ofereceu cursos para mais de 500 profissionais de todo o mundo. Al\u00e9m disso, mais de 20 mil transforma\u00e7\u00f5es j\u00e1 foram realizadas por ela, que conta sobre o retorno dos pacientes: \u201cO feedback que a gente recebe todos os dias \u00e9 de que a harmoniza\u00e7\u00e3o n\u00e3o \u00e9 apenas um procedimento est\u00e9tico, \u00e9 uma transforma\u00e7\u00e3o que muda o interior das pessoas, melhora a autoestima, muda at\u00e9 a vida pessoal e profissional de forma muito positiva\u201d.<\/p>\n\n\n\n<p>A busca pelo procedimento com a dentista cresceu exponencialmente nos \u00faltimos 6 anos, muito pelo alcance conquistado no Instagram com o \u201cantes e depois\u201d de suas harmoniza\u00e7\u00f5es. Reflexo disso \u00e9 a sua agenda lotada: Nayane n\u00e3o tem mais data dispon\u00edvel para o ano de 2022. Com mais de&nbsp;<a href=\"https:\/\/mailtrack.io\/trace\/link\/8ce0e98e8cfa777e0fa522ad9e0fa93a12b65d77?w=ZWxpc2FuZ2VsYS5hbmdlbGFzc2Vzc29yaWFAZ21haWwuY29t&amp;url=https%3A%2F%2Finstagram.com%2Fdranayanepacheco%3Futm_medium%3Dcopy_link&amp;userId=4239081&amp;signature=3a8ba7bf283191b3\" target=\"_blank\" rel=\"noreferrer noopener\">1 milh\u00e3o de seguidores<\/a>&nbsp;na rede social, ela \u00e9 uma das maiores do segmento. Ap\u00f3s participa\u00e7\u00f5es em anos anteriores, a dentista foi convidada novamente para ser palestrante da pr\u00f3xima edi\u00e7\u00e3o do Congresso Internacional de Odontologia de S\u00e3o Paulo (CIOSP), que acontece em junho em S\u00e3o Paulo.<\/p>\n\n\n\n<p>Sobre os padr\u00f5es sociais, Dra. Nayane alerta para o risco da press\u00e3o est\u00e9tica que as redes sociais podem trazer. \u201c\u00c9 responsabilidade do profissional identificar os motivos que levam o paciente a fazer o procedimento. No meu caso, o tempo de consulta \u00e9 at\u00e9 maior que o da t\u00e9cnica em si. Eu converso e entendo se a pessoa n\u00e3o est\u00e1 com uma expectativa irreal, se ela n\u00e3o pode se arrepender, se a mudan\u00e7a realmente faz parte da vontade dela. Eu trabalho muito com a sinceridade\u201d, conta.<\/p>\n\n\n\n<p><strong>SOBRE DRA. NAYANE PACHECO<\/strong><\/p>\n\n\n\n<p>Nascida no munic\u00edpio de Caruaru, em Pernambuco, Nayane Pacheco \u00e9 refer\u00eancia quando falamos de harmoniza\u00e7\u00e3o facial no Brasil. Come\u00e7ou a estudar a t\u00e9cnica h\u00e1 quase 10 anos e foi uma das primeiras a realizar o procedimento no pa\u00eds para a \u00e1rea da est\u00e9tica. Em 2011, se formou em Odontologia e come\u00e7ou a atuar no Rio de Janeiro, apesar de todas as dificuldades financeiras que sua fam\u00edlia viveu na \u00e9poca de sua forma\u00e7\u00e3o. Nayane construiu o seu caminho no ramo e hoje recebe pacientes do mundo inteiro em sua cl\u00ednica situada na cidade de S\u00e3o Paulo.&nbsp;<\/p>\n\n\n\n<p>A dentista oferece cursos de Est\u00e9tica Avan\u00e7ada e ensina suas t\u00e9cnicas para profissionais do Brasil e do mundo, tendo mais de 500 alunos que j\u00e1 passaram pela sua mentoria. Como uma a\u00e7\u00e3o social, o curso presenteia com uma transforma\u00e7\u00e3o gratuita os pacientes modelo que n\u00e3o possuem recursos financeiros para o procedimento, proporcionando tamb\u00e9m o aumento da autoestima<\/p>\n\n\n\n<p><\/p>\n\n\n\n<p>Bruna Alves<br>Assessoria de Imprensa e RP<\/p>\n\n\n\n<figure class=\"wp-block-image size-full\"><img width=\"804\" height=\"534\" src=\"https:\/\/vimagazine.com.br\/wp-content\/uploads\/2022\/02\/pasted-image-0.jpg\" alt=\"\" class=\"wp-image-2940\" srcset=\"https:\/\/vimagazine.com.br\/wp-content\/uploads\/2022\/02\/pasted-image-0.jpg 804w, https:\/\/vimagazine.com.br\/wp-content\/uploads\/2022\/02\/pasted-image-0-300x199.jpg 300w, https:\/\/vimagazine.com.br\/wp-content\/uploads\/2022\/02\/pasted-image-0-768x510.jpg 768w\" sizes=\"(max-width: 804px) 100vw, 804px\" \/><\/figure>\n","protected":false},"excerpt":{"rendered":"<p>O interesse pela harmoniza\u00e7\u00e3o facial n\u00e3o para de crescer: apenas em 2020, as pesquisas pelo&#8230;<\/p>\n","protected":false},"author":3,"featured_media":2985,"comment_status":"closed","ping_status":"open","sticky":false,"template":"","format":"standard","meta":{"om_disable_all_campaigns":false,"_monsterinsights_skip_tracking":false,"_monsterinsights_sitenote_active":false,"_monsterinsights_sitenote_note":"","_monsterinsights_sitenote_category":0,"spay_email":""},"categories":[1],"tags":[],"jetpack_featured_media_url":"https:\/\/vimagazine.com.br\/wp-content\/uploads\/2022\/02\/pasted-image-0-1-1.jpg","_links":{"self":[{"href":"https:\/\/vimagazine.com.br\/index.php?rest_route=\/wp\/v2\/posts\/2938"}],"collection":[{"href":"https:\/\/vimagazine.com.br\/index.php?rest_route=\/wp\/v2\/posts"}],"about":[{"href":"https:\/\/vimagazine.com.br\/index.php?rest_route=\/wp\/v2\/types\/post"}],"author":[{"embeddable":true,"href":"https:\/\/vimagazine.com.br\/index.php?rest_route=\/wp\/v2\/users\/3"}],"replies":[{"embeddable":true,"href":"https:\/\/vimagazine.com.br\/index.php?rest_route=%2Fwp%2Fv2%2Fcomments&post=2938"}],"version-history":[{"count":2,"href":"https:\/\/vimagazine.com.br\/index.php?rest_route=\/wp\/v2\/posts\/2938\/revisions"}],"predecessor-version":[{"id":2986,"href":"https:\/\/vimagazine.com.br\/index.php?rest_route=\/wp\/v2\/posts\/2938\/revisions\/2986"}],"wp:featuredmedia":[{"embeddable":true,"href":"https:\/\/vimagazine.com.br\/index.php?rest_route=\/wp\/v2\/media\/2985"}],"wp:attachment":[{"href":"https:\/\/vimagazine.com.br\/index.php?rest_route=%2Fwp%2Fv2%2Fmedia&parent=2938"}],"wp:term":[{"taxonomy":"category","embeddable":true,"href":"https:\/\/vimagazine.com.br\/index.php?rest_route=%2Fwp%2Fv2%2Fcategories&post=2938"},{"taxonomy":"post_tag","embeddable":true,"href":"https:\/\/vimagazine.com.br\/index.php?rest_route=%2Fwp%2Fv2%2Ftags&post=2938"}],"curies":[{"name":"wp","href":"https:\/\/api.w.org\/{rel}","templated":true}]}}