{"id":2942,"date":"2022-02-07T19:14:56","date_gmt":"2022-02-07T22:14:56","guid":{"rendered":"https:\/\/vimagazine.com.br\/?p=2942"},"modified":"2022-02-07T19:15:23","modified_gmt":"2022-02-07T22:15:23","slug":"joinville-recebe-espetaculo-teatral-sobre-empreendedorismo-e-criatividade","status":"publish","type":"post","link":"https:\/\/vimagazine.com.br\/?p=2942","title":{"rendered":"Joinville recebe espet\u00e1culo teatral sobre empreendedorismo e criatividade"},"content":{"rendered":"\n<p><em>Com&nbsp;<\/em><em>cinco&nbsp;apresenta\u00e7\u00f5es na cidade em fevereiro, montagem&nbsp;mescla&nbsp;circo-teatro e com\u00e9dia&nbsp;e aborda de forma humorada&nbsp;empreendedorismo&nbsp;e planejamento financeiro<br><\/em><\/p>\n\n\n\n<p>Joinville, cidade naturalmente empreendedora e cheia de gente com iniciativa e vontade de crescer, recebe em fevereiro um espet\u00e1culo teatral que reflete essa busca por outros caminhos e novas ideias com o mesmo fim: a completa realiza\u00e7\u00e3o. Vindo de S\u00e3o Paulo, em sua terceira turn\u00ea nacional, o espet\u00e1culo\u00a0<strong>QUEM PROSPERA SEMPRE ALCAN\u00c7A\u00a0<\/strong>ser\u00e1 apresentado no dia 13, no jardim do Museu de Arte de Joinville (MAJ), e no dia 15, no CEU Aventureiro, sempre com entrada gratuita, interpreta\u00e7\u00e3o em libras e programa em braille.<br><br><strong>QUEM PROSPERA SEMPRE ALCAN\u00c7A<\/strong>, que aborda a\u00a0determina\u00e7\u00e3o dos brasileiros em encontrar novas op\u00e7\u00f5es de trabalho por conta pr\u00f3pria, ganha novos tons com grande parte da popula\u00e7\u00e3o lan\u00e7ando m\u00e3o da criatividade para\u00a0seguir trabalhando. A pe\u00e7a fala sobre a import\u00e2ncia do planejamento e da organiza\u00e7\u00e3o para a concretiza\u00e7\u00e3o dos sonhos, principalmente dos novos empreendedores brasileiros, que, at\u00e9 pela falta de empregos agravada pela pandemia da COVID-19, criam os seus pequenos neg\u00f3cios para gerar a sua renda.<br><br>Em\u00a0<strong><em>QUEM PROSPERA SEMPRE ALCAN\u00c7A<\/em><\/strong>, Leonardo Cortez\u00a0assina a dramaturgia e dire\u00e7\u00e3o e os atores Andr\u00e9 Santos e Djair Guilherme se revezam em onze diferentes personagens.\u00a0Patrocinado pela Visa, por meio da Lei Federal de Incentivo \u00e0 Cultura da Secretaria Especial da Cultura, do Governo Federal, a atual turn\u00ea passar\u00e1 por 15 cidades de oito Estados, num total de 45 apresenta\u00e7\u00f5es gratuitas.<br><br>Em Joinville,\u00a0al\u00e9m das duas sess\u00f5es abertas ao p\u00fablico, o espet\u00e1culo ter\u00e1 tr\u00eas sess\u00f5es para os alunos de duas escolas p\u00fablicas da cidade, a EEB Governador Celso Ramos e a EEB Dr. Georg Keller.<\/p>\n\n\n\n<figure class=\"wp-block-image size-large\"><img width=\"1024\" height=\"853\" src=\"https:\/\/vimagazine.com.br\/wp-content\/uploads\/2022\/02\/Foto-Joao-Caldas-F\u00a7_50062-press-1024x853.jpg\" alt=\"\" class=\"wp-image-2944\" srcset=\"https:\/\/vimagazine.com.br\/wp-content\/uploads\/2022\/02\/Foto-Joao-Caldas-F\u00a7_50062-press-1024x853.jpg 1024w, https:\/\/vimagazine.com.br\/wp-content\/uploads\/2022\/02\/Foto-Joao-Caldas-F\u00a7_50062-press-300x250.jpg 300w, https:\/\/vimagazine.com.br\/wp-content\/uploads\/2022\/02\/Foto-Joao-Caldas-F\u00a7_50062-press-768x640.jpg 768w, https:\/\/vimagazine.com.br\/wp-content\/uploads\/2022\/02\/Foto-Joao-Caldas-F\u00a7_50062-press-1536x1279.jpg 1536w, https:\/\/vimagazine.com.br\/wp-content\/uploads\/2022\/02\/Foto-Joao-Caldas-F\u00a7_50062-press.jpg 1920w\" sizes=\"(max-width: 1024px) 100vw, 1024px\" \/><figcaption>\u00a9 Joao Caldas F\u00ba<\/figcaption><\/figure>\n\n\n\n<p><strong>O PROJETO<\/strong><\/p>\n\n\n\n<p>QUEM PROSPERA SEMPRE ALCAN\u00c7A \u00e9 um espet\u00e1culo de rua, cuja proposta de encena\u00e7\u00e3o dialoga diretamente com as ra\u00edzes do teatro popular, do circo-teatro e da com\u00e9dia de costumes. O humor \u00e9 elemento de aproxima\u00e7\u00e3o direta com o p\u00fablico, conquistado atrav\u00e9s de um texto \u00e1gil, contempor\u00e2neo e de comunica\u00e7\u00e3o franca, caracter\u00edsticas not\u00f3rias da dramaturgia de Leonardo Cortez, um dos autores mais importantes da atual dramaturgia paulistana e que j\u00e1 demonstrou o pleno dom\u00ednio da estrutura dial\u00f3gica e da carpintaria teatral em textos como \u201cAmor \u00e0 vista\u201d, \u201cPousada Ref\u00fagio\u201d, \u201cRua do medo\u201d, \u201cMaldito benef\u00edcio\u201d e \u201cSala dos professores\u201d.<\/p>\n\n\n\n<p><strong><em>QUEM PROSPERA SEMPRE ALCAN\u00c7A<\/em><\/strong>&nbsp;come\u00e7a com a entrada de dois t\u00e9cnicos de uma companhia teatral encarregados de montar o palco para a apresenta\u00e7\u00e3o que ser\u00e1 feita no local. Eles fazem \u00e0s vezes de oper\u00e1rios e mestres de cerim\u00f4nia e evocam situa\u00e7\u00f5es sobre empreendedorismo a partir de quatro hist\u00f3rias.&nbsp;A primeira hist\u00f3ria \u00e9 a da pr\u00f3pria companhia teatral. Na segunda, duas f\u00e3s de uma dupla sertaneja decidem, no meio da fila para entrar no show, como v\u00e3o gastar o dinheiro que juntaram com muito sacrif\u00edcio. J\u00e1 na terceira, dois desempregados decidem empreender como vendedores ambulantes e entram em uma atrapalhada sociedade e na \u00faltima, um falido dono de boteco recebe a visita de uma inusitada fada-madrinha.<\/p>\n\n\n\n<p>A metalinguagem proposta por QUEM PROSPERA SEMPRE ALCAN\u00c7A incentiva o embarque do espectador em diferentes camadas: assim, o entendimento do fazer teatral e as necessidades imperativas para a cria\u00e7\u00e3o de uma obra se intercalam com a divers\u00e3o que abre caminhos para a plena absor\u00e7\u00e3o da parte conceitual do texto ligada \u00e0 problem\u00e1ticas contempor\u00e2neas: como se organizar, planejar, inventar e realizar o trabalho quando falta emprego, educa\u00e7\u00e3o financeira.<\/p>\n\n\n\n<p>E se no in\u00edcio da pe\u00e7a mostra a estrutura sendo revelada aos olhos do p\u00fablico, no decorrer embarcamos no jogo com o mergulho na pura conven\u00e7\u00e3o teatral. A partir do cen\u00e1rio montado, novos personagens surgem atrav\u00e9s do uso de acess\u00f3rios e figurinos, numa sucess\u00e3o de cenas com caracter\u00edsticas de esquetes o que proporciona a absor\u00e7\u00e3o da obra inclusive para os transeuntes que est\u00e3o de passagem pela rua ou que come\u00e7aram a assistir a pe\u00e7a depois do seu in\u00edcio. Nesse momento do espet\u00e1culo, a m\u00fasica e a dan\u00e7a entram como elementos de linguagem cobrando dos atores, versatilidade, energia e multiplicidade de aptid\u00f5es. Assim, a proposta do espet\u00e1culo se concretiza atrav\u00e9s do fasc\u00ednio gerado pela sucess\u00e3o de elementos surpreendentes que revigoram a aten\u00e7\u00e3o do p\u00fablico na medida em que o espet\u00e1culo se desenrola.<\/p>\n\n\n\n<figure class=\"wp-block-image size-large\"><img width=\"1024\" height=\"864\" src=\"https:\/\/vimagazine.com.br\/wp-content\/uploads\/2022\/02\/Foto-Joao-Caldas-F\u00a7_49917-press-1024x864.jpg\" alt=\"\" class=\"wp-image-2945\" srcset=\"https:\/\/vimagazine.com.br\/wp-content\/uploads\/2022\/02\/Foto-Joao-Caldas-F\u00a7_49917-press-1024x864.jpg 1024w, https:\/\/vimagazine.com.br\/wp-content\/uploads\/2022\/02\/Foto-Joao-Caldas-F\u00a7_49917-press-300x253.jpg 300w, https:\/\/vimagazine.com.br\/wp-content\/uploads\/2022\/02\/Foto-Joao-Caldas-F\u00a7_49917-press-768x648.jpg 768w, https:\/\/vimagazine.com.br\/wp-content\/uploads\/2022\/02\/Foto-Joao-Caldas-F\u00a7_49917-press-1536x1296.jpg 1536w, https:\/\/vimagazine.com.br\/wp-content\/uploads\/2022\/02\/Foto-Joao-Caldas-F\u00a7_49917-press.jpg 1920w\" sizes=\"(max-width: 1024px) 100vw, 1024px\" \/><figcaption>\u00a9 Joao Caldas F\u00ba<\/figcaption><\/figure>\n\n\n\n<p><strong>Sem didatismo e com muito humor<\/strong><\/p>\n\n\n\n<p>O autor e diretor Leonardo Cortez explica que&nbsp;<strong><em>QUEM PROSPERA SEMPRE ALCAN\u00c7A<\/em><\/strong>&nbsp;n\u00e3o tem a pretens\u00e3o de ser did\u00e1tico, mas apresenta, com muito humor, situa\u00e7\u00f5es e ciladas que qualquer um pode se meter por conta da inexperi\u00eancia nos neg\u00f3cios e na vida pessoal. \u201cO espet\u00e1culo \u00e9 anterior a pandemia e devido ao cen\u00e1rio econ\u00f4mico j\u00e1 dialogava muito com o p\u00fablico. Agora, que a situa\u00e7\u00e3o piorou, acredito que falar de empreendedorismo e educa\u00e7\u00e3o financeira pode ser um alerta para algumas armadilhas.\u201d<\/p>\n\n\n\n<p>A encena\u00e7\u00e3o busca as ra\u00edzes do teatro popular, do circo-teatro e da com\u00e9dia de costumes. \u201cArtisticamente, pesquisei sobre a linguagem teatral do espet\u00e1culo de rua, me debru\u00e7ando sobre a obra de Dario Fo e os trabalhos da Cia. La M\u00ednima\u201d, acrescenta o autor e diretor. Leonardo conta ainda que o espet\u00e1culo pode ser apresentado na rua, em parques, escolas e at\u00e9 teatros e que em 2020, com a necessidade do isolamento social, foi feito de forma virtual.<\/p>\n\n\n\n<p>J\u00e1 a diretora de produ\u00e7\u00e3o Sonia Kavantan, da&nbsp;Kavantan Projetos e Eventos Culturais, refor\u00e7a a miss\u00e3o da pe\u00e7a junto \u00e0 democratiza\u00e7\u00e3o do acesso ao teatro, que tem todas as suas apresenta\u00e7\u00f5es gratuitas e com acessibilidade a portadores de necessidades especiais f\u00edsicas, auditivas e visuais.<\/p>\n\n\n\n<p>\u201cAs pequenas empresas s\u00e3o a espinha dorsal da economia. Apesar de importantes, elas normalmente n\u00e3o disp\u00f5em do treinamento, da tecnologia e das ferramentas financeiras que as ajudariam a crescer. Por isso, a Visa est\u00e1 globalmente comprometida a ajudar as empresas a crescerem por meio de acesso a capital, ativos, expertise e parcerias\u201d, explica Sabrina Sciama, diretora de Comunica\u00e7\u00e3o Corporativa da Visa do Brasil. \u201cO patroc\u00ednio da pe\u00e7a \u00e9 um de nossos compromissos para levar informa\u00e7\u00e3o relevante de maneira gratuita para os empreendedores do pa\u00eds\u201d.<\/p>\n\n\n\n<p><strong>Onze personagens<\/strong><\/p>\n\n\n\n<p>Os atores Andr\u00e9 Santos e Djair Guilherme d\u00e3o vida a onze personagens diferentes. A cada cena, novos personagens s\u00e3o evocados pelos dois atores a partir do uso de figurinos e acess\u00f3rios&nbsp;numa est\u00e9tica que remete ao circo.<\/p>\n\n\n\n<p>Andr\u00e9 Santos conta que voltar \u00e0s apresenta\u00e7\u00f5es presenciais \u00e9 muito prazeroso, pois dessa forma ele pode sentir a energia do p\u00fablico. \u201cVoltar apresentar presencialmente o espet\u00e1culo Quem Prospera Sempre Alcan\u00e7a \u00e9 voltar para um lugar de afeto, alegria e arte em estado puro. Seja na rua, na pra\u00e7a, em parques, escolas, a energia entre o p\u00fablico e a pe\u00e7a \u00e9 uma energia criativa e emp\u00e1tica\u201d, explica. Para ele, a arte encontra atalhos e chega no destino final de qualquer forma.<\/p>\n\n\n\n<p>J\u00e1 Djair Guilherme acredita que estar de volta aos palcos possibilita olhar no olho das pessoas que est\u00e3o na plateia e entender o que eles est\u00e3o passando e sentindo. \u201dA gente fez o espet\u00e1culo em tantas circunst\u00e2ncias diferentes, em tantos espa\u00e7os que n\u00e3o o teatro, e as pessoas vinham conversar com a gente e dizer que est\u00e1vamos contando a hist\u00f3ria de vida deles. A melhor coisa do mundo \u00e9 poder ver a nossa gente dando risadas e se reerguendo. Vamos pra frente!\u201d, acredita o ator.<\/p>\n\n\n\n<figure class=\"wp-block-image size-large\"><img width=\"1024\" height=\"789\" src=\"https:\/\/vimagazine.com.br\/wp-content\/uploads\/2022\/02\/Foto-Joao-Caldas-F\u00a7_49868-press-1024x789.jpg\" alt=\"\" class=\"wp-image-2946\" srcset=\"https:\/\/vimagazine.com.br\/wp-content\/uploads\/2022\/02\/Foto-Joao-Caldas-F\u00a7_49868-press-1024x789.jpg 1024w, https:\/\/vimagazine.com.br\/wp-content\/uploads\/2022\/02\/Foto-Joao-Caldas-F\u00a7_49868-press-300x231.jpg 300w, https:\/\/vimagazine.com.br\/wp-content\/uploads\/2022\/02\/Foto-Joao-Caldas-F\u00a7_49868-press-768x592.jpg 768w, https:\/\/vimagazine.com.br\/wp-content\/uploads\/2022\/02\/Foto-Joao-Caldas-F\u00a7_49868-press-1536x1184.jpg 1536w, https:\/\/vimagazine.com.br\/wp-content\/uploads\/2022\/02\/Foto-Joao-Caldas-F\u00a7_49868-press.jpg 1920w\" sizes=\"(max-width: 1024px) 100vw, 1024px\" \/><figcaption>\u00a9 Joao Caldas F\u00ba<\/figcaption><\/figure>\n\n\n\n<p><\/p>\n\n\n\n<p><strong><u>Servi\u00e7o<\/u>:<\/strong><\/p>\n\n\n\n<p><strong>QUEM PROSPERA SEMPRE ALCAN\u00c7A<\/strong><\/p>\n\n\n\n<p>Dura\u00e7\u00e3o \u2013 45 minutos (espet\u00e1culo)<br>Classifica\u00e7\u00e3o livre.<\/p>\n\n\n\n<p>Apresenta\u00e7\u00f5es abertas ao p\u00fablico, com entrada gratuita:<\/p>\n\n\n\n<p>Dia 13\/02, \u00e0s 19h<br>Jardim do MAJ, Rua 15 de Novembro, 1.400<br>Dia 15\/02, \u00e0s 20h<br>CEU Aventureiro, Rua Theonesto Westrupp, s\/n\u00ba<\/p>\n\n\n\n<p>Apresenta\u00e7\u00f5es fechadas:<\/p>\n\n\n\n<p>Dia 14\/02, \u00e0s 10h30 e \u00e0s 20h<br>Para os alunos da EEB Dr. Georg Keller<br>Dia 15\/02, \u00e0s 09h<br>Para os alunos da EEM Governador Celso Ramos<br><br>Facebook e Instagram \u2013 @quemprospera<br>Fotos:&nbsp;Jo\u00e3o Caldas Filho\/divulga\u00e7\u00e3o<\/p>\n\n\n\n<p><strong>Ficha T\u00e9cnica<\/strong><\/p>\n\n\n\n<p>Texto e Dire\u00e7\u00e3o \u2013 Leonardo Cortez<br>Elenco \u2013 Andr\u00e9 Santos e Djair Guilherme<br>Assist\u00eancia de Dire\u00e7\u00e3o \u2013 Rog\u00e9rio Barsan<br>Composi\u00e7\u00e3o e Dire\u00e7\u00e3o Musical \u2013 Jonatan Harold<br>Cen\u00e1rio e Figurino \u2013 M\u00e1rcio Ara\u00fajo e equipe<br>Ilumina\u00e7\u00e3o \u2013 Ricardo Bueno<br>Coreografia \u2013 Fabiana Santos<br>Opera\u00e7\u00e3o de Som \u2013 Rog\u00e9rio Barsan<br>Fotografia \u2013 Jo\u00e3o Caldas Filho<br>Identidade Visual \u2013 Fernando Moser<br>Dire\u00e7\u00e3o de Produ\u00e7\u00e3o \u2013 Sonia Kavantan<br>Produ\u00e7\u00e3o \u2013 Tiago Barizon e Rog\u00e9rio Barsan<br>Assistente Administrativo \u2013 Milka Master<br>Realiza\u00e7\u00e3o \u2013 Kavantan Projetos e Eventos Culturais<\/p>\n\n\n\n<p>Lei Nacional de Incentivo \u00e0 Cultura<br>Patroc\u00ednio \u2013 Visa<br>Apoio \u2013 AJOTE e Secretaria de Cultura e Turismo de Joinville<br>Realiza\u00e7\u00e3o \u2013 Kavantan Projetos e Eventos Culturais, Secretaria Especial de Cultura, Minist\u00e9rio do Turismo, Governo Federal<\/p>\n\n\n\n<p>Informa\u00e7\u00f5es e agendamento para grupos pelo e-mail:&nbsp;<a href=\"mailto:quemprospera@kavantan.com.br\" target=\"_blank\" rel=\"noreferrer noopener\">quemprospera@kavantan.com.br<\/a><\/p>\n\n\n\n<p>Assessoria de Imprensa<\/p>\n\n\n\n<p>Rubens Herbst &#8211; DRT 487\/SC<br><a href=\"mailto:rubensherbst.jornalista@gmail.com\" target=\"_blank\" rel=\"noreferrer noopener\">rubensherbst.jornalista@gmail.com<\/a><br><a href=\"http:\/\/facebook.com\/rubens.herbst\" target=\"_blank\" rel=\"noreferrer noopener\">facebook.com\/rubens.herbst<\/a><\/p>\n\n\n\n<figure class=\"wp-block-image size-large\"><img width=\"758\" height=\"1024\" src=\"https:\/\/vimagazine.com.br\/wp-content\/uploads\/2022\/02\/Foto-Joao-Caldas-F\u00a7_49833-press-758x1024.jpg\" alt=\"\" class=\"wp-image-2947\" srcset=\"https:\/\/vimagazine.com.br\/wp-content\/uploads\/2022\/02\/Foto-Joao-Caldas-F\u00a7_49833-press-758x1024.jpg 758w, https:\/\/vimagazine.com.br\/wp-content\/uploads\/2022\/02\/Foto-Joao-Caldas-F\u00a7_49833-press-222x300.jpg 222w, https:\/\/vimagazine.com.br\/wp-content\/uploads\/2022\/02\/Foto-Joao-Caldas-F\u00a7_49833-press-768x1037.jpg 768w, https:\/\/vimagazine.com.br\/wp-content\/uploads\/2022\/02\/Foto-Joao-Caldas-F\u00a7_49833-press-1138x1536.jpg 1138w, https:\/\/vimagazine.com.br\/wp-content\/uploads\/2022\/02\/Foto-Joao-Caldas-F\u00a7_49833-press-1024x1383.jpg 1024w, https:\/\/vimagazine.com.br\/wp-content\/uploads\/2022\/02\/Foto-Joao-Caldas-F\u00a7_49833-press.jpg 1422w\" sizes=\"(max-width: 758px) 100vw, 758px\" \/><figcaption>\u00a9 Joao Caldas F\u00ba<\/figcaption><\/figure>\n\n\n\n<figure class=\"wp-block-image size-large\"><img width=\"1024\" height=\"761\" src=\"https:\/\/vimagazine.com.br\/wp-content\/uploads\/2022\/02\/Foto-Joao-Caldas-F\u00a7_49826-press-1024x761.jpg\" alt=\"\" class=\"wp-image-2948\" srcset=\"https:\/\/vimagazine.com.br\/wp-content\/uploads\/2022\/02\/Foto-Joao-Caldas-F\u00a7_49826-press-1024x761.jpg 1024w, https:\/\/vimagazine.com.br\/wp-content\/uploads\/2022\/02\/Foto-Joao-Caldas-F\u00a7_49826-press-300x223.jpg 300w, https:\/\/vimagazine.com.br\/wp-content\/uploads\/2022\/02\/Foto-Joao-Caldas-F\u00a7_49826-press-768x570.jpg 768w, https:\/\/vimagazine.com.br\/wp-content\/uploads\/2022\/02\/Foto-Joao-Caldas-F\u00a7_49826-press-1536x1141.jpg 1536w, https:\/\/vimagazine.com.br\/wp-content\/uploads\/2022\/02\/Foto-Joao-Caldas-F\u00a7_49826-press.jpg 1920w\" sizes=\"(max-width: 1024px) 100vw, 1024px\" \/><figcaption>\u00a9 Joao Caldas F\u00ba<\/figcaption><\/figure>\n","protected":false},"excerpt":{"rendered":"<p>Com&nbsp;cinco&nbsp;apresenta\u00e7\u00f5es na cidade em fevereiro, montagem&nbsp;mescla&nbsp;circo-teatro e com\u00e9dia&nbsp;e aborda de forma humorada&nbsp;empreendedorismo&nbsp;e planejamento financeiro Joinville,&#8230;<\/p>\n","protected":false},"author":3,"featured_media":2943,"comment_status":"closed","ping_status":"open","sticky":false,"template":"","format":"standard","meta":{"om_disable_all_campaigns":false,"_monsterinsights_skip_tracking":false,"_monsterinsights_sitenote_active":false,"_monsterinsights_sitenote_note":"","_monsterinsights_sitenote_category":0,"spay_email":""},"categories":[1],"tags":[],"jetpack_featured_media_url":"https:\/\/vimagazine.com.br\/wp-content\/uploads\/2022\/02\/Foto-Joao-Caldas-F\u00a7_50006-press-e1644271786669.jpg","_links":{"self":[{"href":"https:\/\/vimagazine.com.br\/index.php?rest_route=\/wp\/v2\/posts\/2942"}],"collection":[{"href":"https:\/\/vimagazine.com.br\/index.php?rest_route=\/wp\/v2\/posts"}],"about":[{"href":"https:\/\/vimagazine.com.br\/index.php?rest_route=\/wp\/v2\/types\/post"}],"author":[{"embeddable":true,"href":"https:\/\/vimagazine.com.br\/index.php?rest_route=\/wp\/v2\/users\/3"}],"replies":[{"embeddable":true,"href":"https:\/\/vimagazine.com.br\/index.php?rest_route=%2Fwp%2Fv2%2Fcomments&post=2942"}],"version-history":[{"count":1,"href":"https:\/\/vimagazine.com.br\/index.php?rest_route=\/wp\/v2\/posts\/2942\/revisions"}],"predecessor-version":[{"id":2949,"href":"https:\/\/vimagazine.com.br\/index.php?rest_route=\/wp\/v2\/posts\/2942\/revisions\/2949"}],"wp:featuredmedia":[{"embeddable":true,"href":"https:\/\/vimagazine.com.br\/index.php?rest_route=\/wp\/v2\/media\/2943"}],"wp:attachment":[{"href":"https:\/\/vimagazine.com.br\/index.php?rest_route=%2Fwp%2Fv2%2Fmedia&parent=2942"}],"wp:term":[{"taxonomy":"category","embeddable":true,"href":"https:\/\/vimagazine.com.br\/index.php?rest_route=%2Fwp%2Fv2%2Fcategories&post=2942"},{"taxonomy":"post_tag","embeddable":true,"href":"https:\/\/vimagazine.com.br\/index.php?rest_route=%2Fwp%2Fv2%2Ftags&post=2942"}],"curies":[{"name":"wp","href":"https:\/\/api.w.org\/{rel}","templated":true}]}}