{"id":2972,"date":"2022-02-07T20:03:26","date_gmt":"2022-02-07T23:03:26","guid":{"rendered":"https:\/\/vimagazine.com.br\/?p=2972"},"modified":"2022-02-07T20:04:59","modified_gmt":"2022-02-07T23:04:59","slug":"samba-miudinho-agita-arena-dicro-no-dia-12","status":"publish","type":"post","link":"https:\/\/vimagazine.com.br\/?p=2972","title":{"rendered":"Samba Miudinho agita Arena Dicr\u00f3 no dia 12"},"content":{"rendered":"\n<p><em>Projeto busca fomentar a cultura do samba em diferentes regi\u00f5es da cidade e lan\u00e7ar novas vozes no cen\u00e1rio musical<\/em><br>O Samba Miudinho \u00e9 atra\u00e7\u00e3o no dia 12 de fevereiro, \u00e0s 15h, na Arena Dicr\u00f3, na Penha Circular. O projeto \u00e9 conhecido por apresentar m\u00fasicas autorais e vers\u00f5es especiais de cl\u00e1ssicos do samba de raiz que agradam tanto a velha guarda quanto os mais jovens. A entrada \u00e9 gratuita at\u00e9 \u00e0s 17h e a classifica\u00e7\u00e3o \u00e9 livre.<\/p>\n\n\n\n<p><br>Renata Santiago (voz), Mari Ara\u00fajo (percuss\u00e3o e voz) e Gl\u00f3ria Salim (cavaquinho e voz) dividem o vocal e d\u00e3o vida \u00e0s melodias criadas por Marcos Poubel, autor de m\u00fasicas cada vez mais conhecidas no cen\u00e1rio musical, em especial no g\u00eanero samba. Os m\u00fasicos Jean Ximenes (flauta e saxofone), Luiz Alves (trompete), Vitor Vallad\u00e3o (percuss\u00e3o), Mateus Balbi (percuss\u00e3o), Matheus Camar\u00e1 no viol\u00e3o e dire\u00e7\u00e3o musical que \u00e9 dividida com o percussionista Matheus Pessanha, completam a forma\u00e7\u00e3o do grupo.<\/p>\n\n\n\n<p><br>O projeto nasceu em 2019 e j\u00e1 teve edi\u00e7\u00f5es na Escambo Cultural, no Bangu Atl\u00e9tico Clube e no Festival da Sardinha de B\u00fazios e tem contribu\u00eddo para fomentar a cultura do samba em territ\u00f3rios diversos e lan\u00e7ar novas vozes no cen\u00e1rio musical.<br>O Samba Miudinho \u00e9 reconhecido como uma A\u00e7\u00e3o Local pela Secretaria Municipal de Cultura da Prefeitura da Cidade do Rio de Janeiro por sua import\u00e2ncia e representatividade cultural.<\/p>\n\n\n\n<p>Servi\u00e7o:<br>O que: Samba Miudinho<br>Data: 12\/02 (s\u00e1bado)<br>Hor\u00e1rio: 15h<br>Local: Arena Carioca Dicr\u00f3 \u2013 Carlos Roberto de Oliveira<br>Endere\u00e7o: Parque Ari Barroso, Penha (entrada pela Rua Flora Lobo)<br>Entrada gratuita at\u00e9 17h. Ap\u00f3s R$20 a inteira e R$10 a meia entrada para todos os cariocas.<br>Retirada de ingressos:\u00a0<a href=\"https:\/\/www.sympla.com.br\/samba-miudinho---edicao-verao__1469758\" target=\"_blank\" rel=\"noreferrer noopener\">https:\/\/www.sympla.com.br\/samba-miudinho&#8212;edicao-verao__1469758<\/a><br>Classifica\u00e7\u00e3o et\u00e1ria: Livre<br>Dura\u00e7\u00e3o: dois sets de 60 minutos<br>Canal no Youtube:\u00a0<a href=\"https:\/\/www.youtube.com\/watch?v=cCT-o0KEcko\" target=\"_blank\" rel=\"noreferrer noopener\">https:\/\/www.youtube.com\/watch?v=cCT-o0KEcko<\/a><br>Cr\u00e9dito Foto: Douglas Temperine<\/p>\n\n\n\n<p>Fonte: Carlos Augusto Rodrigues<\/p>\n\n\n\n<figure class=\"wp-block-image size-large\"><img width=\"1024\" height=\"682\" src=\"https:\/\/vimagazine.com.br\/wp-content\/uploads\/2022\/02\/9ce75ab4-2c22-4c6b-b201-b8c1ed004375-1024x682.jpg\" alt=\"\" class=\"wp-image-2974\" srcset=\"https:\/\/vimagazine.com.br\/wp-content\/uploads\/2022\/02\/9ce75ab4-2c22-4c6b-b201-b8c1ed004375-1024x682.jpg 1024w, https:\/\/vimagazine.com.br\/wp-content\/uploads\/2022\/02\/9ce75ab4-2c22-4c6b-b201-b8c1ed004375-300x200.jpg 300w, https:\/\/vimagazine.com.br\/wp-content\/uploads\/2022\/02\/9ce75ab4-2c22-4c6b-b201-b8c1ed004375-768x512.jpg 768w, https:\/\/vimagazine.com.br\/wp-content\/uploads\/2022\/02\/9ce75ab4-2c22-4c6b-b201-b8c1ed004375.jpg 1280w\" sizes=\"(max-width: 1024px) 100vw, 1024px\" \/><\/figure>\n","protected":false},"excerpt":{"rendered":"<p>Projeto busca fomentar a cultura do samba em diferentes regi\u00f5es da cidade e lan\u00e7ar novas&#8230;<\/p>\n","protected":false},"author":3,"featured_media":2973,"comment_status":"closed","ping_status":"open","sticky":false,"template":"","format":"standard","meta":{"om_disable_all_campaigns":false,"_monsterinsights_skip_tracking":false,"_monsterinsights_sitenote_active":false,"_monsterinsights_sitenote_note":"","_monsterinsights_sitenote_category":0,"spay_email":""},"categories":[1],"tags":[],"jetpack_featured_media_url":"https:\/\/vimagazine.com.br\/wp-content\/uploads\/2022\/02\/e6074952-aebf-4c52-9da0-232fabfe08be-e1644274884325.jpg","_links":{"self":[{"href":"https:\/\/vimagazine.com.br\/index.php?rest_route=\/wp\/v2\/posts\/2972"}],"collection":[{"href":"https:\/\/vimagazine.com.br\/index.php?rest_route=\/wp\/v2\/posts"}],"about":[{"href":"https:\/\/vimagazine.com.br\/index.php?rest_route=\/wp\/v2\/types\/post"}],"author":[{"embeddable":true,"href":"https:\/\/vimagazine.com.br\/index.php?rest_route=\/wp\/v2\/users\/3"}],"replies":[{"embeddable":true,"href":"https:\/\/vimagazine.com.br\/index.php?rest_route=%2Fwp%2Fv2%2Fcomments&post=2972"}],"version-history":[{"count":2,"href":"https:\/\/vimagazine.com.br\/index.php?rest_route=\/wp\/v2\/posts\/2972\/revisions"}],"predecessor-version":[{"id":2977,"href":"https:\/\/vimagazine.com.br\/index.php?rest_route=\/wp\/v2\/posts\/2972\/revisions\/2977"}],"wp:featuredmedia":[{"embeddable":true,"href":"https:\/\/vimagazine.com.br\/index.php?rest_route=\/wp\/v2\/media\/2973"}],"wp:attachment":[{"href":"https:\/\/vimagazine.com.br\/index.php?rest_route=%2Fwp%2Fv2%2Fmedia&parent=2972"}],"wp:term":[{"taxonomy":"category","embeddable":true,"href":"https:\/\/vimagazine.com.br\/index.php?rest_route=%2Fwp%2Fv2%2Fcategories&post=2972"},{"taxonomy":"post_tag","embeddable":true,"href":"https:\/\/vimagazine.com.br\/index.php?rest_route=%2Fwp%2Fv2%2Ftags&post=2972"}],"curies":[{"name":"wp","href":"https:\/\/api.w.org\/{rel}","templated":true}]}}