{"id":2978,"date":"2022-02-08T10:59:32","date_gmt":"2022-02-08T13:59:32","guid":{"rendered":"https:\/\/vimagazine.com.br\/?p=2978"},"modified":"2022-02-08T10:59:36","modified_gmt":"2022-02-08T13:59:36","slug":"sucesso-de-critica-e-publico-o-musical-naked-boys-singing-chega-ao-rio-de-janeiro","status":"publish","type":"post","link":"https:\/\/vimagazine.com.br\/?p=2978","title":{"rendered":"Sucesso de cr\u00edtica e p\u00fablico o musical &#8220;Naked Boys Singing&#8221; chega ao Rio de Janeiro"},"content":{"rendered":"\n<p><\/p>\n\n\n\n<p class=\"has-medium-font-size\"><em><strong>Sucesso de cr\u00edtica e p\u00fablico, com duas temporadas de sucesso em S\u00e3o Paulo, o musical &#8220;Naked Boys Singing!&#8221; chega em mar\u00e7o ao Rio de Janeiro, no Teatro Claro Rio.<\/strong><\/em><\/p>\n\n\n\n<p style=\"font-size:14px\"><strong><em>Naked Boys Singing!<\/em><\/strong>&nbsp;\u00e9 um espet\u00e1culo de teatro musical, \u00edcone da cultura gay, que estreou no Hollywood &#8216;s Celebration Theatre, em Los Angeles nos Estados Unidos, em 1998, e que posteriormente foi montado em New York, onde se tornou o segundo musical mais longevo off-Broadway. Produzido em mais de 20 pa\u00edses, desde a sua estreia sempre esteve em cartaz em algum lugar do mundo.<\/p>\n\n\n\n<p style=\"font-size:14px\">No Brasil, a nova montagem esteve em cartaz no Teatro S\u00e9rgio Cardoso &#8211; Sala Paschoal Carlos Magno (2021) e, devido ao sucesso, est\u00e1 em cartaz em nova temporada presencial, no Teatro Nair Bello, de sexta a domingo.<\/p>\n\n\n\n<p style=\"font-size:14px\"><strong><em>Naked Boys Singing!<\/em><\/strong>&nbsp;\u00e9 um musical, com m\u00fasicas pujantes, tocadas ao vivo por um ator\/pianista e defendido com energia e vitalidade por dez atores\/cantores\/bailarinos, al\u00e9m de uma equipe criativa com nove artistas. O espet\u00e1culo \u00e9&nbsp;dividido&nbsp;por 15 atos musicados, que&nbsp;abordam&nbsp;temas distintos relacionados ao corpo masculino, do c\u00f4mico nonsense ao drama.<\/p>\n\n\n\n<p style=\"font-size:14px\">Segundo o diretor Rodrigo Alfer, a pele exposta, desta vez, no musical tem um significado mais amplo e po\u00e9tico, principalmente pelo momento de pandemia em que fomos obrigados a nos cobrir, e temermos o corpo e contato com o outro. O musical al\u00e9m de libertador \u00e9 uma celebra\u00e7\u00e3o\u00a0\u00e0 vida.\u00a0<\/p>\n\n\n\n<div class=\"wp-block-image\"><figure class=\"aligncenter size-medium\"><img width=\"300\" height=\"200\" src=\"https:\/\/vimagazine.com.br\/wp-content\/uploads\/2022\/02\/TS8yxdg-300x200.jpeg\" alt=\"\" class=\"wp-image-2979\" srcset=\"https:\/\/vimagazine.com.br\/wp-content\/uploads\/2022\/02\/TS8yxdg-300x200.jpeg 300w, https:\/\/vimagazine.com.br\/wp-content\/uploads\/2022\/02\/TS8yxdg-1024x682.jpeg 1024w, https:\/\/vimagazine.com.br\/wp-content\/uploads\/2022\/02\/TS8yxdg-768x512.jpeg 768w, https:\/\/vimagazine.com.br\/wp-content\/uploads\/2022\/02\/TS8yxdg-1536x1023.jpeg 1536w, https:\/\/vimagazine.com.br\/wp-content\/uploads\/2022\/02\/TS8yxdg.jpeg 1621w\" sizes=\"(max-width: 300px) 100vw, 300px\" \/><\/figure><\/div>\n\n\n\n<div class=\"wp-block-image\"><figure class=\"aligncenter size-medium\"><img width=\"300\" height=\"200\" src=\"https:\/\/vimagazine.com.br\/wp-content\/uploads\/2022\/02\/GfwVWs_w-300x200.jpeg\" alt=\"\" class=\"wp-image-2980\" srcset=\"https:\/\/vimagazine.com.br\/wp-content\/uploads\/2022\/02\/GfwVWs_w-300x200.jpeg 300w, https:\/\/vimagazine.com.br\/wp-content\/uploads\/2022\/02\/GfwVWs_w-1024x682.jpeg 1024w, https:\/\/vimagazine.com.br\/wp-content\/uploads\/2022\/02\/GfwVWs_w-768x511.jpeg 768w, https:\/\/vimagazine.com.br\/wp-content\/uploads\/2022\/02\/GfwVWs_w-1536x1023.jpeg 1536w, https:\/\/vimagazine.com.br\/wp-content\/uploads\/2022\/02\/GfwVWs_w.jpeg 1622w\" sizes=\"(max-width: 300px) 100vw, 300px\" \/><\/figure><\/div>\n\n\n\n<p><strong>Ficha T\u00e9cnica<\/strong><\/p>\n\n\n\n<p>Idealiza\u00e7\u00e3o: Robert Schrock<\/p>\n\n\n\n<p>Versionista: Rafael Oliveira<\/p>\n\n\n\n<p>Dire\u00e7\u00e3o: Rodrigo Alfer<\/p>\n\n\n\n<p>Assistente de Dire\u00e7\u00e3o: Manu Litti\u00e9ry<\/p>\n\n\n\n<p>Dire\u00e7\u00e3o Coreogr\u00e1fica: Alex Martins<\/p>\n\n\n\n<p>Assistente de Coreografia: Jo\u00e3o Hespanholeto<\/p>\n\n\n\n<p>Dire\u00e7\u00e3o Musical: Ettore Ver\u00edssimo<\/p>\n\n\n\n<p>Assistente de Dire\u00e7\u00e3o Musical: Gabriel Fabbri<\/p>\n\n\n\n<p>Prepara\u00e7\u00e3o de Elenco: \u00c9rika Altimayer<\/p>\n\n\n\n<p>Cen\u00e1rio e Figurino: Daniele Desierr\u00ea<\/p>\n\n\n\n<p>Desenho de Luz: Guilherme Andrade<\/p>\n\n\n\n<p>Desenho de Som: Andr\u00e9 Omote<\/p>\n\n\n\n<p>Copista: Rafael Gamboa<\/p>\n\n\n\n<p>Produ\u00e7\u00e3o e Cenotecnia \u2013 Alexandre de Marco<\/p>\n\n\n\n<p>Produ\u00e7\u00e3o: Bacana Produ\u00e7\u00f5es Art\u00edsticas<\/p>\n\n\n\n<p>Elenco: Andr\u00e9 Lau, Aquiles, Jo\u00e3o Hespanholeto, Luan Carvalho, Lucas Cordeiro, Raphael Mota, Ruan Rairo, Silvano Vieira, Victor Barreto, Tiago Prates e Gabriel Fabbri &#8211; Pianista<\/p>\n\n\n\n<p>Fotos: Caio Gallucci<\/p>\n\n\n\n<p><strong>Servi\u00e7o S\u00e3o Paulo:<\/strong><\/p>\n\n\n\n<p><strong><em>Naked Boys Singing!<\/em><\/strong><\/p>\n\n\n\n<p>Teatro Nair Bello (Rua Frei Caneca, 569 &#8211; 3\u00ba Piso, Shopping Frei Caneca, S\u00e3o Paulo \u2013 SP)<\/p>\n\n\n\n<p>Temporada at\u00e9 20 de fevereiro<\/p>\n\n\n\n<p>Sextas e s\u00e1bados, \u00e0s 21h; e domingos, \u00e0s 19h<\/p>\n\n\n\n<p>Ingressos: R$40,00 e R$80,00<\/p>\n\n\n\n<p>Vendas online:&nbsp;<a href=\"https:\/\/bileto.sympla.com.br\/event\/70174\/d\/116105\/s\/681423\" target=\"_blank\" rel=\"noreferrer noopener\">https:\/\/bileto.sympla.com.br\/event\/70174\/d\/116105\/s\/681423<\/a><\/p>\n\n\n\n<p>Vendas presenciais na Bilheteria do Teatro ou nos Totens de Venda no Shopping Frei Caneca<\/p>\n\n\n\n<p>Dura\u00e7\u00e3o: 80 min<\/p>\n\n\n\n<p>Classifica\u00e7\u00e3o indicativa:&nbsp;16 anos<\/p>\n\n\n\n<p><strong>Servi\u00e7o Rio de Janeiro:<\/strong><\/p>\n\n\n\n<p><strong><em>Naked Boys Singing!<\/em><\/strong><\/p>\n\n\n\n<p>Teatro Claro Rio (Rua Siqueira Campos, 143 &#8211; 2\u00ba Piso &#8211; Copacabana, Rio de Janeiro \u2013 RJ)<\/p>\n\n\n\n<p>Temporada de 11 de mar\u00e7o a 24 de abril<\/p>\n\n\n\n<p>Ingressos em breve<\/p>\n\n\n\n<p>Dura\u00e7\u00e3o: 80 min<\/p>\n\n\n\n<p>Classifica\u00e7\u00e3o indicativa:&nbsp;16 anos&nbsp;<\/p>\n","protected":false},"excerpt":{"rendered":"<p>Sucesso de cr\u00edtica e p\u00fablico, com duas temporadas de sucesso em S\u00e3o Paulo, o musical&#8230;<\/p>\n","protected":false},"author":1,"featured_media":2981,"comment_status":"closed","ping_status":"open","sticky":false,"template":"","format":"standard","meta":{"om_disable_all_campaigns":false,"_monsterinsights_skip_tracking":false,"_monsterinsights_sitenote_active":false,"_monsterinsights_sitenote_note":"","_monsterinsights_sitenote_category":0,"spay_email":""},"categories":[26],"tags":[],"jetpack_featured_media_url":"https:\/\/vimagazine.com.br\/wp-content\/uploads\/2022\/02\/CGF1071.jpg","_links":{"self":[{"href":"https:\/\/vimagazine.com.br\/index.php?rest_route=\/wp\/v2\/posts\/2978"}],"collection":[{"href":"https:\/\/vimagazine.com.br\/index.php?rest_route=\/wp\/v2\/posts"}],"about":[{"href":"https:\/\/vimagazine.com.br\/index.php?rest_route=\/wp\/v2\/types\/post"}],"author":[{"embeddable":true,"href":"https:\/\/vimagazine.com.br\/index.php?rest_route=\/wp\/v2\/users\/1"}],"replies":[{"embeddable":true,"href":"https:\/\/vimagazine.com.br\/index.php?rest_route=%2Fwp%2Fv2%2Fcomments&post=2978"}],"version-history":[{"count":1,"href":"https:\/\/vimagazine.com.br\/index.php?rest_route=\/wp\/v2\/posts\/2978\/revisions"}],"predecessor-version":[{"id":2982,"href":"https:\/\/vimagazine.com.br\/index.php?rest_route=\/wp\/v2\/posts\/2978\/revisions\/2982"}],"wp:featuredmedia":[{"embeddable":true,"href":"https:\/\/vimagazine.com.br\/index.php?rest_route=\/wp\/v2\/media\/2981"}],"wp:attachment":[{"href":"https:\/\/vimagazine.com.br\/index.php?rest_route=%2Fwp%2Fv2%2Fmedia&parent=2978"}],"wp:term":[{"taxonomy":"category","embeddable":true,"href":"https:\/\/vimagazine.com.br\/index.php?rest_route=%2Fwp%2Fv2%2Fcategories&post=2978"},{"taxonomy":"post_tag","embeddable":true,"href":"https:\/\/vimagazine.com.br\/index.php?rest_route=%2Fwp%2Fv2%2Ftags&post=2978"}],"curies":[{"name":"wp","href":"https:\/\/api.w.org\/{rel}","templated":true}]}}