{"id":2988,"date":"2022-02-10T20:23:37","date_gmt":"2022-02-10T23:23:37","guid":{"rendered":"https:\/\/vimagazine.com.br\/?p=2988"},"modified":"2022-02-10T20:23:40","modified_gmt":"2022-02-10T23:23:40","slug":"cantora-maira-garrido-faz-participacao-especial-no-geracao-glee-o-musical","status":"publish","type":"post","link":"https:\/\/vimagazine.com.br\/?p=2988","title":{"rendered":"Cantora Ma\u00edra Garrido faz participa\u00e7\u00e3o especial no \u201cGera\u00e7\u00e3o Glee &#8211; O Musical\u201d"},"content":{"rendered":"\n<p>Espet\u00e1culo em cartaz no Teatro Clara Nunes todos os domingos, anuncia participa\u00e7\u00e3o especial dia 13 de fevereiro<\/p>\n\n\n\n<p>\u201cGera\u00e7\u00e3o Glee &#8211; O Musical\u201d est\u00e1 fazendo muito sucesso no Rio de Janeiro! O espet\u00e1culo acaba de anunciar a prorroga\u00e7\u00e3o da temporada at\u00e9 dia 20\/02 no Teatro Clara Nunes no Rio de Janeiro. O espet\u00e1culo est\u00e1 em cartaz todos os domingos, \u00e0s 20h.<\/p>\n\n\n\n<p>No pr\u00f3ximo dia 13 de fevereiro a cantora, compositora e atriz Ma\u00edra Garrido far\u00e1 uma participa\u00e7\u00e3o especial.<\/p>\n\n\n\n<p>A pe\u00e7a retrata a hist\u00f3ria de alunos do \u00faltimo ano do High School que est\u00e3o prestes a passar pela fase mais dif\u00edcil de suas vidas, enquanto trabalham para ter a chance de ganhar o concurso de m\u00fasica mais prestigiado do mundo em Nova York e compartilhar suas esperan\u00e7as e sonhos com a nova professora do Clube de Coral.<\/p>\n\n\n\n<p>Com m\u00fasicas de Lady Gaga, One Direction, Jessie J., Katy Perry, Bruno Mars, Miley Cyrus, Demi Lovato, entre outras, Gera\u00e7\u00e3o Glee retrata um ano cheio de felicidades, decep\u00e7\u00f5es, amores e perdas na vida dos jovens alunos.<\/p>\n\n\n\n<p>Com realiza\u00e7\u00e3o da Escola de Artes Faz Assim, o musical do brit\u00e2nico Martin Callaghan, ator e diretor em West End London, destaque na Europa, j\u00e1 \u00e9 considerado sucesso no Brasil.<\/p>\n\n\n\n<p><strong>Servi\u00e7o:<\/strong><\/p>\n\n\n\n<p>Datas: 13\/02 e 20\/02<\/p>\n\n\n\n<p>Hor\u00e1rio: \u00e0s 20h<\/p>\n\n\n\n<p>Local: Teatro Clara Nunes no Shopping da G\u00e1vea<\/p>\n\n\n\n<p>Endere\u00e7o: R. Marqu\u00eas de S\u00e3o Vicente, 52 &#8211; G\u00e1vea, Rio de Janeiro &#8211; RJ<\/p>\n\n\n\n<p>Classifica\u00e7\u00e3o: livre<\/p>\n\n\n\n<p>Dura\u00e7\u00e3o:&nbsp; 80min<\/p>\n\n\n\n<p>Texto e dire\u00e7\u00e3o: Martin Callaghan<\/p>\n\n\n\n<p>Adapta\u00e7\u00e3o: Fred Trotta<\/p>\n\n\n\n<p>Dire\u00e7\u00e3o residente: Fred Trotta<\/p>\n\n\n\n<p>Dire\u00e7\u00e3o musical residente: Kika Trist\u00e3o<\/p>\n\n\n\n<p>Dire\u00e7\u00e3o de movimento: Andressa Trist\u00e3o<\/p>\n\n\n\n<p>Prepara\u00e7\u00e3o de elenco: Karlla Guimar\u00e3es<\/p>\n\n\n\n<p>Realiza\u00e7\u00e3o: Escola de Artes Faz Assim<\/p>\n\n\n\n<p>Valores ingressos:<\/p>\n\n\n\n<p>Inteira &#8211; 80,00<\/p>\n\n\n\n<p>Meia &#8211; 40,00<\/p>\n\n\n\n<figure class=\"wp-block-embed\"><div class=\"wp-block-embed__wrapper\">\nhttps:\/\/bileto.sympla.com.br\/event\/70717\n<\/div><\/figure>\n\n\n\n<p>Apoio cultural : Rei do Mate Barra Shopping<\/p>\n\n\n\n<p><strong>Contatos Imprensa:<\/strong><\/p>\n\n\n\n<p>Carol Freitas Assessoria<\/p>\n\n\n\n<p><\/p>\n\n\n\n<p><a href=\"mailto:Carolfreitas.jornalista@gmail.com\" target=\"_blank\" rel=\"noreferrer noopener\">Carolfreitas.jornalista@gmail.com<\/a><\/p>\n","protected":false},"excerpt":{"rendered":"<p>Espet\u00e1culo em cartaz no Teatro Clara Nunes todos os domingos, anuncia participa\u00e7\u00e3o especial dia 13&#8230;<\/p>\n","protected":false},"author":3,"featured_media":2989,"comment_status":"closed","ping_status":"open","sticky":false,"template":"","format":"standard","meta":{"om_disable_all_campaigns":false,"_monsterinsights_skip_tracking":false,"_monsterinsights_sitenote_active":false,"_monsterinsights_sitenote_note":"","_monsterinsights_sitenote_category":0,"spay_email":""},"categories":[1],"tags":[],"jetpack_featured_media_url":"https:\/\/vimagazine.com.br\/wp-content\/uploads\/2022\/02\/WhatsApp-Image-2022-02-07-at-15.17.21-e1644535328808.jpeg","_links":{"self":[{"href":"https:\/\/vimagazine.com.br\/index.php?rest_route=\/wp\/v2\/posts\/2988"}],"collection":[{"href":"https:\/\/vimagazine.com.br\/index.php?rest_route=\/wp\/v2\/posts"}],"about":[{"href":"https:\/\/vimagazine.com.br\/index.php?rest_route=\/wp\/v2\/types\/post"}],"author":[{"embeddable":true,"href":"https:\/\/vimagazine.com.br\/index.php?rest_route=\/wp\/v2\/users\/3"}],"replies":[{"embeddable":true,"href":"https:\/\/vimagazine.com.br\/index.php?rest_route=%2Fwp%2Fv2%2Fcomments&post=2988"}],"version-history":[{"count":1,"href":"https:\/\/vimagazine.com.br\/index.php?rest_route=\/wp\/v2\/posts\/2988\/revisions"}],"predecessor-version":[{"id":2990,"href":"https:\/\/vimagazine.com.br\/index.php?rest_route=\/wp\/v2\/posts\/2988\/revisions\/2990"}],"wp:featuredmedia":[{"embeddable":true,"href":"https:\/\/vimagazine.com.br\/index.php?rest_route=\/wp\/v2\/media\/2989"}],"wp:attachment":[{"href":"https:\/\/vimagazine.com.br\/index.php?rest_route=%2Fwp%2Fv2%2Fmedia&parent=2988"}],"wp:term":[{"taxonomy":"category","embeddable":true,"href":"https:\/\/vimagazine.com.br\/index.php?rest_route=%2Fwp%2Fv2%2Fcategories&post=2988"},{"taxonomy":"post_tag","embeddable":true,"href":"https:\/\/vimagazine.com.br\/index.php?rest_route=%2Fwp%2Fv2%2Ftags&post=2988"}],"curies":[{"name":"wp","href":"https:\/\/api.w.org\/{rel}","templated":true}]}}