{"id":2992,"date":"2022-02-11T12:55:51","date_gmt":"2022-02-11T15:55:51","guid":{"rendered":"https:\/\/vimagazine.com.br\/?p=2992"},"modified":"2022-02-11T12:55:55","modified_gmt":"2022-02-11T15:55:55","slug":"produtora-do-abc-paulista-movimenta-mercado-cultural-durante-a-pandemia","status":"publish","type":"post","link":"https:\/\/vimagazine.com.br\/?p=2992","title":{"rendered":"Produtora do ABC Paulista movimenta mercado cultural durante a pandemia"},"content":{"rendered":"\n<p><\/p>\n\n\n\n<p style=\"font-size:18px\"><em>Em cartaz no Teatro Liberdade, em S\u00e3o Paulo, a adapta\u00e7\u00e3o musical de um dos maiores sucessos da hist\u00f3ria, &#8220;A Bela e a Fera&#8221;, de Madame de Beaumont, \u00e9 mais uma das produ\u00e7\u00f5es da Palavra e Som, produtora cultural do ABC Paulista que movimenta a cultura mesmo durante a pandemia.<\/em><\/p>\n\n\n\n<p style=\"font-size:14px\">Palavra e Som \u00e9 uma produtora cultural do ABC Paulista, comandada por Bruno Souza, que durante a pandemia percorreu mais de 9 estados, realizou mais de 30 sess\u00f5es e atingiu um p\u00fablico de mais de 100 mil pessoas com apresenta\u00e7\u00e3o em Drive- in. Empregando diretamente mais de 40 pessoas durante esse per\u00edodo, entre t\u00e9cnicos, atores, camareiras e costureiras.<\/p>\n\n\n\n<p style=\"font-size:14px\">&#8220;A Bela e a Fera \u2013 Um Musical&#8221; \u00e9 o novo espet\u00e1culo da Palavra e Som, e conta com efeitos especiais, 60 figurinos, sensa\u00e7\u00f5es em 3D onde a plateia poder\u00e1 se sentir imersa na hist\u00f3ria, ilusionismo, cen\u00e1rios grandiosos, al\u00e9m de ser todo cantado ao vivo. Seguindo a linha Family Show o musical encanta a toda fam\u00edlia aos s\u00e1bados e domingos, sempre \u00e0s 16h, no Teatro Liberdade, em S\u00e3o Paulo.<\/p>\n\n\n\n<p style=\"font-size:14px\">O musical conta a hist\u00f3ria de Bela, uma inteligente jovem que vive em uma pequena aldeia e \u00e9 considerada estranha pelos moradores locais. Seu pai, Ant\u00f4nio, \u00e9 um construtor nada talentoso, por\u00e9m muito esfor\u00e7ado que perdeu toda sua fortuna ao longo dos anos. Bela \u00e9 cortejada por Gaspar, o jovem ca\u00e7ador da aldeia que pretende casar com ela. Mesmo sendo desejado por todas na aldeia, Bela n\u00e3o retribui o interesse, pois acha Gaspar uma pessoa primitiva. Quando seu pai decide viajar para apresentar uma de suas inven\u00e7\u00f5es em uma famosa feira de inventores, Bela pede para que ele traga uma rosa que encontrar em seu caminho. Ant\u00f4nio segue viagem e se perde em meio a floresta, buscando abrigo em um castelo abandonado, onde coisas estranhas acontecem. Uma Fera monstruosa surge em meio a folhagem e captura o velho, o tornando seu prisioneiro. Quando Bela recebe a not\u00edcia, decide embarcar em uma grande aventura pela floresta para salvar seu pai. A jovem descobre que os moradores do castelo foram transformados em objetos que falam, dan\u00e7am e at\u00e9 cantam. Todos no castelo percebem que este encontro pode ser a grande chance do feiti\u00e7o ser quebrado. Isto s\u00f3 acontecer\u00e1 se a Fera amar algu\u00e9m e ter o amor retribu\u00eddo. Mas isso deve ser r\u00e1pido, pois quando a \u00faltima p\u00e9tala de uma rosa encantada cair, o feiti\u00e7o n\u00e3o poder\u00e1 mais ser desfeito.<\/p>\n\n\n\n<p style=\"font-size:14px\">O espet\u00e1culo tem dura\u00e7\u00e3o de uma hora e trinta minutos. A montagem nacional \u00e9 idealizada pelo diretor geral Bruno Souza, dire\u00e7\u00e3o de cena de Manuela Litti\u00e9ry, com coreografias de Gabriela Evangelista, dire\u00e7\u00e3o musical do Maestro Ettore Ver\u00edssimo, vers\u00e3o do texto de Lucas Cavalaro e roteiro final de Bruno Souza. A produ\u00e7\u00e3o do espet\u00e1culo fica a cargo da Palavra e Som Entretenimento.<\/p>\n\n\n\n<p style=\"font-size:18px\"><br><strong>Sobre Bruno Souza<\/strong><\/p>\n\n\n\n<p style=\"font-size:14px\"><br>Bruno Souza \u00e9 ator, cantor, m\u00fasico e Arte-Educador, iniciou seus estudos em teatro aos 12 anos pela Escola Nacional de Teatro em Santo Andr\u00e9. Aos 13 anos, deu in\u00edcio ao piano cl\u00e1ssico e sapateado americano, cursou Licenciatura em Artes com bacharel em Artes C\u00eanicas pela FAINC. Fez uma temporada em Santiago, no Chile, com La Bella y La Bestia \u2013 El Musical. Aprimorou seus conhecimentos t\u00e9cnicos e te\u00f3ricos, cursou; teatro na pedagogia, hist\u00f3ria e evolu\u00e7\u00e3o do teatro musical no Brasil, cenografia, efeitos especiais, t\u00e9cnica vocal e express\u00e3o corporal, especializou em teatro musical na Act&amp;Art, em Buenos aires, e interpreta\u00e7\u00e3o para TV no CIC (Centro de Investigaci\u00f3n Cinematogr\u00e1fica. Dirigiu o Coral de pessoas com defici\u00eancia da Universidade Metodista de S\u00e3o Paulo. Com dire\u00e7\u00e3o de Billy Bond, integrou o elenco de tr\u00eas musicais infantis da Broadway, Branca de Neve e os Sete An\u00f5es, A Bela e a Fera, Cinderela e O. Na Televis\u00e3o, realizou mais de 15 comerciais para diferentes institui\u00e7\u00f5es, participou do elenco da novela C\u00famplices de um Resgate e Carinho de Anjo, ambas do SBT. Na Rede Globo fez parte do programa: \u00c9 de Casa e o Programa do L\u00e1zaro Ramos. Diretor Art\u00edstico da Palavra e Som Entretenimento, produziu no Brasil mais de 6 espet\u00e1culos infantis e in\u00fameros shows de artistas renomados, como: Elza Soares, Ana Carolina, Isabela Taviani, Maria Gad\u00fa, Maria Rita, dentre outros. S\u00f3cio Diretor da Palavra e Som Entretenimento, produtora especialista em espet\u00e1culos musicais infantis.<\/p>\n\n\n\n<p style=\"font-size:12px\">Foto: Helena Mello<\/p>\n","protected":false},"excerpt":{"rendered":"<p>Em cartaz no Teatro Liberdade, em S\u00e3o Paulo, a adapta\u00e7\u00e3o musical de um dos maiores&#8230;<\/p>\n","protected":false},"author":1,"featured_media":2993,"comment_status":"closed","ping_status":"open","sticky":false,"template":"","format":"standard","meta":{"om_disable_all_campaigns":false,"_monsterinsights_skip_tracking":false,"_monsterinsights_sitenote_active":false,"_monsterinsights_sitenote_note":"","_monsterinsights_sitenote_category":0,"spay_email":""},"categories":[26],"tags":[94,95,99,286,63,267],"jetpack_featured_media_url":"https:\/\/vimagazine.com.br\/wp-content\/uploads\/2022\/02\/A-BELA-E-A-FERA-3.jpeg","_links":{"self":[{"href":"https:\/\/vimagazine.com.br\/index.php?rest_route=\/wp\/v2\/posts\/2992"}],"collection":[{"href":"https:\/\/vimagazine.com.br\/index.php?rest_route=\/wp\/v2\/posts"}],"about":[{"href":"https:\/\/vimagazine.com.br\/index.php?rest_route=\/wp\/v2\/types\/post"}],"author":[{"embeddable":true,"href":"https:\/\/vimagazine.com.br\/index.php?rest_route=\/wp\/v2\/users\/1"}],"replies":[{"embeddable":true,"href":"https:\/\/vimagazine.com.br\/index.php?rest_route=%2Fwp%2Fv2%2Fcomments&post=2992"}],"version-history":[{"count":1,"href":"https:\/\/vimagazine.com.br\/index.php?rest_route=\/wp\/v2\/posts\/2992\/revisions"}],"predecessor-version":[{"id":2994,"href":"https:\/\/vimagazine.com.br\/index.php?rest_route=\/wp\/v2\/posts\/2992\/revisions\/2994"}],"wp:featuredmedia":[{"embeddable":true,"href":"https:\/\/vimagazine.com.br\/index.php?rest_route=\/wp\/v2\/media\/2993"}],"wp:attachment":[{"href":"https:\/\/vimagazine.com.br\/index.php?rest_route=%2Fwp%2Fv2%2Fmedia&parent=2992"}],"wp:term":[{"taxonomy":"category","embeddable":true,"href":"https:\/\/vimagazine.com.br\/index.php?rest_route=%2Fwp%2Fv2%2Fcategories&post=2992"},{"taxonomy":"post_tag","embeddable":true,"href":"https:\/\/vimagazine.com.br\/index.php?rest_route=%2Fwp%2Fv2%2Ftags&post=2992"}],"curies":[{"name":"wp","href":"https:\/\/api.w.org\/{rel}","templated":true}]}}