{"id":3037,"date":"2022-02-15T12:42:23","date_gmt":"2022-02-15T15:42:23","guid":{"rendered":"https:\/\/vimagazine.com.br\/?p=3037"},"modified":"2022-02-15T12:42:28","modified_gmt":"2022-02-15T15:42:28","slug":"henrique-juliano-se-apresentam-na-arena-petry-em-marco","status":"publish","type":"post","link":"https:\/\/vimagazine.com.br\/?p=3037","title":{"rendered":"Henrique &amp; Juliano se apresentam na Arena Petry em mar\u00e7o"},"content":{"rendered":"\n<p><\/p>\n\n\n\n<p>A Arena Petry anuncia mais uma grande atra\u00e7\u00e3o de sucesso que arrasta multid\u00f5es: no dia 25 de mar\u00e7o, a dupla Henrique &amp; Juliano sobe ao palco para um show cheio de hits para os f\u00e3s cantarem de cor. Os ingressos est\u00e3o \u00e0 venda pelo site <a href=\"https:\/\/uhuu.com\/evento\/sc\/sao-jose-do-cerrito\/henrique-e-juliano-9923\" target=\"_blank\" rel=\"noreferrer noopener\"><strong>uhuu.com<\/strong><\/a>.\u00a0<\/p>\n\n\n\n<p>Naturais de Palmeir\u00f3polis, Tocantins, os irm\u00e3os foram contagiados pelo sucesso de Jo\u00e3o Paulo &amp; Daniel e logo come\u00e7aram a se apresentar nas r\u00e1dios da cidade. Os dois conseguiram conciliar a paix\u00e3o pela m\u00fasica com os estudos e, com o apoio dos f\u00e3s, gravaram, durante uma festa particular, o primeiro \u00e1lbum ac\u00fastico ao vivo. O p\u00fablico aplaudiu e os irm\u00e3os logo ganharam proje\u00e7\u00e3o por todo o pa\u00eds, ficando conhecidos, assim, como a dupla que arrasta multid\u00f5es.&nbsp;<\/p>\n\n\n\n<p>Destacam-se entre seus principais hits as m\u00fasicas \u201cN\u00e3o T\u00f4 Valendo Nada\u201d e \u201cCuida Bem Dela\u201d. Henrique &amp; Juliano s\u00e3o um fen\u00f4meno: foram os primeiros m\u00fasicos brasileiros a alcan\u00e7ar 1,5 bilh\u00f5es de visualiza\u00e7\u00f5es no Youtube, al\u00e9m de serem a dupla mais assistida nos shows, com m\u00e9dia de p\u00fablico de 40 mil pessoas. J\u00e1 colecionam lan\u00e7amentos pela Som Livre, sendo o \u00faltimo deles o 4o DVD da carreira da dupla, \u201cO C\u00e9u explica tudo\u201d, que traz apenas m\u00fasicas in\u00e9ditas, com destaque para &#8220;Vidinha de Balada&#8221;, &#8220;Bebida Com Saudade&#8221;, &#8220;De Tr\u00e1s Pra Frente\u201d, \u201cEu sei que c\u00ea volta\u201d e a que d\u00e1 o nome ao DVD, \u201cO c\u00e9u explica tudo\u201d. Henrique &amp; Juliano s\u00e3o juntos a garantia de um sertanejo verdadeiramente moderno e relevante.<\/p>\n\n\n\n<p><strong>Evento seguro<\/strong><\/p>\n\n\n\n<p>O acesso ao evento ser\u00e1 dado somente a pessoas imunizadas com pelo menos 14 dias de esquema vacinal completo contra a Covid-19 (duas doses completas ou dose \u00fanica), mediante apresenta\u00e7\u00e3o da caderneta ou carteirinha de vacina\u00e7\u00e3o emitida pela Secretaria Municipal de Sa\u00fade ou pelo App Conecte SUS (junto de documento de identifica\u00e7\u00e3o), ou pessoas que apresentarem laudo de exame RT-qPCR, realizado nas \u00faltimas 72 horas, ou pesquisa de ant\u00edgeno SARS-COV-2 por swab realizado nas \u00faltimas 48 horas com resultado negativo, n\u00e3o reagente ou n\u00e3o detectado. O laudo deve ser realizado por estabelecimentos credenciados e dever\u00e1 ser entregue impresso para fins de auditoria.<\/p>\n\n\n\n<p>ARENA PETRY &#8211; S\u00c3O JOS\u00c9 (SC)<\/p>\n\n\n\n<p><strong>Quando<\/strong>: 25 de mar\u00e7o de 2022 (sexta)<\/p>\n\n\n\n<p><strong>Onde<\/strong>: Arena Petry &#8211; SC-281, 4000 &#8211; Grande Florian\u00f3polis, S\u00e3o Jos\u00e9 &#8211; SC, 88122-001<\/p>\n\n\n\n<p><strong>Hor\u00e1rio<\/strong>: 21h (abertura da casa com DJ)<\/p>\n\n\n\n<p>Acesso a pessoas com defici\u00eancia<\/p>\n\n\n\n<p><strong>Classifica\u00e7\u00e3o et\u00e1ria<\/strong>: 16 anos. Menores de 16 anos poder\u00e3o comparecer ao evento desde que acompanhados dos pais e\/ou respons\u00e1veis legais. Informa\u00e7\u00e3o sujeita \u00e0 altera\u00e7\u00e3o, conforme decis\u00e3o judicial.<\/p>\n\n\n\n<p>MAPA DE SETORES<\/p>\n\n\n\n<figure class=\"wp-block-image\"><img src=\"https:\/\/lh4.googleusercontent.com\/IJhZn6-x4tJVoaaopiVtMCmLTc_gn4c5_j39VSgj7KXRtYSx2EuCl4zs2VlsjsBjShAc80kOwO7Tq-dA-hWEtVP6WMnrPyQ0yCh7IvDi6S_32qUIa5LJuPsbHCdJp7UPqG8bmNre\" alt=\"\" \/><\/figure>\n\n\n\n<p><strong>Quanto<\/strong>: Ingressos a partir de:<\/p>\n\n\n\n<p>Pista a partir de R$ 70<\/p>\n\n\n\n<p>Premium a partir de R$ 120<\/p>\n\n\n\n<p>Mesas Bistr\u00f4 a partir de R$ 1500 para 6 pessoas<\/p>\n\n\n\n<p>Terra\u00e7o Central a partir de R$ 220 por pessoa<\/p>\n\n\n\n<p>Terra\u00e7o Grupo a partir de R$ 6600 para 30 pessoas<\/p>\n\n\n\n<p>Camarote a partir de R$ 2100 para 14 pessoas<\/p>\n\n\n\n<p>Dispon\u00edveis pelo<a href=\"https:\/\/uhuu.com\/evento\/sc\/sao-jose-do-cerrito\/baroes-vip-baroes-da-pisadinha-tierry-9767\/evento\/sc\/sao-jose-do-cerrito\/baroes-vip-baroes-da-pisadinha-tierry-9767?queueittoken=e_principal~q_9969b464-05a8-4888-8cd5-456e98e135bb~ts_1637775078~ce_true~rt_safetynet~h_1e63367062c1fc78f9ac61aecd72572e2d7353f698641deb1da4a853175457d0\" target=\"_blank\" rel=\"noreferrer noopener\"> <\/a><a href=\"https:\/\/uhuu.com\/evento\/sc\/sao-jose-do-cerrito\/henrique-e-juliano-9923\" target=\"_blank\" rel=\"noreferrer noopener\"><strong>uhuu.com<\/strong><\/a> ou pelo atendimento Arena Petry. Contato: (48) 3954 2400 (48) 99168 7221 (Angela)<\/p>\n\n\n\n<p>CANAIS DE VENDAS OFICIAIS:<\/p>\n\n\n\n<p>Ponto de venda sem taxa de servi\u00e7o: Bilheteria da Arena Petry (atendimento de segunda a sexta-feira das 9h \u00e0s 12h e das 13h \u00e0s 18h).<\/p>\n\n\n\n<p>Formas de Pagamento:<\/p>\n\n\n\n<p>Internet: Dep\u00f3sito e Cart\u00f5es Visa, Master, Diners, Hiper, Elo e American.<\/p>\n\n\n\n<p>Bilheteria: Dinheiro, Visa, Master, Elo.<\/p>\n\n\n\n<p>Parcelamento &#8211; at\u00e9 4x &#8211; sem juros ao consumidor 5x at\u00e9 12x &#8211; Com juros ao consumidor de 1,49%<\/p>\n\n\n\n<p>MEIA ENTRADA\/DESCONTOS:<\/p>\n\n\n\n<p>*Desconto de Meia Entrada somente no setor de Pista<\/p>\n\n\n\n<p>Meia Entrada\/Descontos:&nbsp;<\/p>\n\n\n\n<p>ESTUDANTES: Lei Federal 12.933\/13, Decreto Federal 8.537\/15 e Medida Cautelar Provis\u00f3ria concedida pelo STF em 29\/12\/2015 &#8211; obrigat\u00f3ria apresenta\u00e7\u00e3o de Carteira de Identifica\u00e7\u00e3o Estudantil (CIE).Consulte tamb\u00e9m:<a href=\"http:\/\/www.documentodoestudante.com.br\/\" target=\"_blank\" rel=\"noreferrer noopener\"> www.documentodoestudante.com.br<\/a><\/p>\n\n\n\n<p>IDOSOS: Lei Federal 10.741\/2003 &#8211; obrigat\u00f3ria apresenta\u00e7\u00e3o de identidade ou documento oficial com foto que comprove a sua condi\u00e7\u00e3o.<\/p>\n\n\n\n<p>JOVENS PERTENCENTES \u00c0 FAMILIAS DE BAIXA RENDA: Lei Federal 12.933\/13 e Decreto Federal 8.537\/15 \u2013 obrigat\u00f3ria apresenta\u00e7\u00e3o da Carteira de Identidade Jovem que ser\u00e1 emitida pela Secretaria Nacional de Juventude a partir de 31 de mar\u00e7o de 2016, acompanhada de documento de identidade oficial com foto.<\/p>\n\n\n\n<p>PESSOAS COM DEFICI\u00caNCIA (e acompanhante quando necess\u00e1rio): Lei Federal 12.933\/13 e Decreto Federal 8.537\/15 &#8211; obrigat\u00f3ria apresenta\u00e7\u00e3o do Cart\u00e3o de Benef\u00edcio de Presta\u00e7\u00e3o Continuada da Assist\u00eancia Social da Pessoa com Defici\u00eancia ou de documento emitido pelo Instituto Nacional do Seguro Social &#8211; INSS que ateste a aposentadoria de acordo com os crit\u00e9rios estabelecidos na Lei Complementar no 142, de 8 de maio de 2013. No momento de apresenta\u00e7\u00e3o, esses documentos dever\u00e3o estar acompanhados de documento de identidade oficial com foto.<\/p>\n\n\n\n<p>JOVENS COM AT\u00c9 15 ANOS: Lei Estadual n\u00b0 14.612\/14 &#8211; obrigat\u00f3ria apresenta\u00e7\u00e3o do documento de identidade oficial com foto.<\/p>\n\n\n\n<p>DOADORES REGULARES DE SANGUE*: Lei Estadual n\u00b0 13.891\/12 &#8211; obrigat\u00f3ria apresenta\u00e7\u00e3o de documento oficial v\u00e1lido, expedido pelos hemocentros e bancos de sangue. *S\u00e3o considerados doadores regulares de sangue a mulher que se submete \u00e0 coleta pelo menos duas vezes ao ano, e o homem que se submete \u00e0 coleta tr\u00eas vezes ao ano.<\/p>\n\n\n\n<p>APOSENTADOS OU PENSIONISTAS DO INSS: Lei Municipal n\u00b0 7.366\/93 &#8211; Documento fornecido pela Federa\u00e7\u00e3o dos Aposentados e Pensionistas do RS ou outros Associa\u00e7\u00f5es de Classe devidamente registradas ou filiadas.<\/p>\n\n\n\n<p>PNE (Portadores de Necessidades Especiais) em conformidade com a Lei Municipal n\u00ba 11.519, de 18\/12\/2013.<\/p>\n\n\n\n<p>O benef\u00edcio de meia-entrada \u00e9 assegurado para 40% do total de ingressos dispon\u00edveis para cada evento, conforme o Decreto n\u00ba 8.537\/15.<\/p>\n\n\n\n<p>Ingressos E-Ticket em arquivo .PDF entregues automaticamente ao e-mail do titular do pedido em at\u00e9 30 min ap\u00f3s o recebimento da confirma\u00e7\u00e3o de compra. Apresente no acesso do evento. Caso n\u00e3o tenha recebido o email, verifique tamb\u00e9m sua caixa anti-spam.&nbsp;<\/p>\n\n\n\n<p>ATEN\u00c7\u00c3O: N\u00e3o nos responsabilizamos por ingressos adquiridos fora dos canais de venda oficiais.<\/p>\n\n\n\n<p>Caso os documentos necess\u00e1rios n\u00e3o sejam apresentados ou n\u00e3o comprovem a condi\u00e7\u00e3o, ser\u00e1 exigido o pagamento do complemento do valor do ingresso adquirido, caso contr\u00e1rio, o acesso n\u00e3o ser\u00e1 autorizado.<\/p>\n\n\n\n<p>Aviso Importante<\/p>\n\n\n\n<p>Para acesso ao local do evento \u00e9 obrigat\u00f3rio a apresenta\u00e7\u00e3o do comprovante de vacina\u00e7\u00e3o contra COVID-19, com as duas doses ou dose \u00fanica. O comprovante pode ser f\u00edsico ou digital (dispon\u00edvel no aplicativo Conecte SUS). Em caso de d\u00favidas entre em contato atrav\u00e9s no e-mail <a href=\"mailto:sac@opusentretenimento.com\" target=\"_blank\" rel=\"noreferrer noopener\">sac@opusentretenimento.com<\/a>.<\/p>\n\n\n\n<p>Objetos proibidos em todas as cidades: C\u00e2mera fotogr\u00e1fica profissional ou semi profissional (c\u00e2meras grandes com zoom externo ou que trocam de lente), filmadoras de v\u00eddeo, gravadores de \u00e1udio, canetas laser, qualquer tipo de trip\u00e9, pau de selfie, camisas de time, correntes e cintur\u00f5es, garrafas pl\u00e1sticas, bebidas alc\u00f3olicas, subst\u00e2ncias t\u00f3xicas, fogos de artif\u00edcio, inflam\u00e1veis em geral, objetos que possam causar ferimentos, armas de fogo, armas brancas, copos de vidro e vidros em geral, frutas inteiras, latas de alum\u00ednio, guarda-chuva, jornais, revistas, bandeiras e faixas, capacetes de motos e similares.<\/p>\n\n\n\n<p><strong>Assessoria de imprensa Arena Petry:<\/strong><\/p>\n\n\n\n<p><em>All Press Comunica\u00e7\u00e3o<\/em><\/p>\n\n\n\n<p>Yasmine Holanda &#8211; (48) 99953 8576<\/p>\n\n\n\n<p>D\u00e9borah Almada &#8211; (48) 99981 4497<\/p>\n\n\n\n<p><strong>Assessoria de Imprensa Opus Entretenimento:<\/strong><\/p>\n\n\n\n<p>Cost\u00e1bile Salzano Jr. | <a href=\"mailto:imprensa@opusentretenimento.com\" target=\"_blank\" rel=\"noreferrer noopener\">imprensa@opusentretenimento.com<\/a> | (11) 964.197.206<br><strong><br><\/strong><strong>Yasmine Holanda Fiorini | Atendimento<\/strong><\/p>\n","protected":false},"excerpt":{"rendered":"<p>A Arena Petry anuncia mais uma grande atra\u00e7\u00e3o de sucesso que arrasta multid\u00f5es: no dia&#8230;<\/p>\n","protected":false},"author":3,"featured_media":3038,"comment_status":"closed","ping_status":"open","sticky":false,"template":"","format":"standard","meta":{"om_disable_all_campaigns":false,"_monsterinsights_skip_tracking":false,"_monsterinsights_sitenote_active":false,"_monsterinsights_sitenote_note":"","_monsterinsights_sitenote_category":0,"spay_email":""},"categories":[1],"tags":[],"jetpack_featured_media_url":"https:\/\/vimagazine.com.br\/wp-content\/uploads\/2022\/02\/HeJ_.jpg","_links":{"self":[{"href":"https:\/\/vimagazine.com.br\/index.php?rest_route=\/wp\/v2\/posts\/3037"}],"collection":[{"href":"https:\/\/vimagazine.com.br\/index.php?rest_route=\/wp\/v2\/posts"}],"about":[{"href":"https:\/\/vimagazine.com.br\/index.php?rest_route=\/wp\/v2\/types\/post"}],"author":[{"embeddable":true,"href":"https:\/\/vimagazine.com.br\/index.php?rest_route=\/wp\/v2\/users\/3"}],"replies":[{"embeddable":true,"href":"https:\/\/vimagazine.com.br\/index.php?rest_route=%2Fwp%2Fv2%2Fcomments&post=3037"}],"version-history":[{"count":1,"href":"https:\/\/vimagazine.com.br\/index.php?rest_route=\/wp\/v2\/posts\/3037\/revisions"}],"predecessor-version":[{"id":3039,"href":"https:\/\/vimagazine.com.br\/index.php?rest_route=\/wp\/v2\/posts\/3037\/revisions\/3039"}],"wp:featuredmedia":[{"embeddable":true,"href":"https:\/\/vimagazine.com.br\/index.php?rest_route=\/wp\/v2\/media\/3038"}],"wp:attachment":[{"href":"https:\/\/vimagazine.com.br\/index.php?rest_route=%2Fwp%2Fv2%2Fmedia&parent=3037"}],"wp:term":[{"taxonomy":"category","embeddable":true,"href":"https:\/\/vimagazine.com.br\/index.php?rest_route=%2Fwp%2Fv2%2Fcategories&post=3037"},{"taxonomy":"post_tag","embeddable":true,"href":"https:\/\/vimagazine.com.br\/index.php?rest_route=%2Fwp%2Fv2%2Ftags&post=3037"}],"curies":[{"name":"wp","href":"https:\/\/api.w.org\/{rel}","templated":true}]}}