{"id":3040,"date":"2022-02-15T14:32:49","date_gmt":"2022-02-15T17:32:49","guid":{"rendered":"https:\/\/vimagazine.com.br\/?p=3040"},"modified":"2022-02-15T15:55:26","modified_gmt":"2022-02-15T18:55:26","slug":"devido-ao-sucesso-a-bela-e-a-fera-um-musical-tera-novas-sessoes-em-sao-paulo","status":"publish","type":"post","link":"https:\/\/vimagazine.com.br\/?p=3040","title":{"rendered":"Devido ao sucesso &#8220;A Bela e a Fera \u2013 Um Musical&#8221; ter\u00e1 novas sess\u00f5es em S\u00e3o Paulo"},"content":{"rendered":"\n<p><\/p>\n\n\n\n<p style=\"font-size:23px\"><em>Devido ao sucesso a adapta\u00e7\u00e3o musical de um dos maiores sucessos da hist\u00f3ria, &#8220;A Bela e a Fera&#8221;, de Madame de Beaumont, ter\u00e3o novas datas de apresenta\u00e7\u00e3o no Teatro Liberdade, em S\u00e3o Paulo, O espet\u00e1culo \u00e9 uma produ\u00e7\u00e3o da Palavra e Som, produtora cultural do ABC Paulista.<\/em><\/p>\n\n\n\n<figure class=\"wp-container-2 wp-block-gallery-1 wp-block-gallery columns-2 is-cropped\"><ul class=\"blocks-gallery-grid\"><li class=\"blocks-gallery-item\"><figure><img width=\"1024\" height=\"683\" src=\"https:\/\/vimagazine.com.br\/wp-content\/uploads\/2022\/02\/BELA_06FEV22-264-1024x683.jpg\" alt=\"\" data-id=\"3056\" data-full-url=\"https:\/\/vimagazine.com.br\/wp-content\/uploads\/2022\/02\/BELA_06FEV22-264.jpg\" data-link=\"https:\/\/vimagazine.com.br\/?attachment_id=3056\" class=\"wp-image-3056\" srcset=\"https:\/\/vimagazine.com.br\/wp-content\/uploads\/2022\/02\/BELA_06FEV22-264-1024x683.jpg 1024w, https:\/\/vimagazine.com.br\/wp-content\/uploads\/2022\/02\/BELA_06FEV22-264-300x200.jpg 300w, https:\/\/vimagazine.com.br\/wp-content\/uploads\/2022\/02\/BELA_06FEV22-264-768x512.jpg 768w, https:\/\/vimagazine.com.br\/wp-content\/uploads\/2022\/02\/BELA_06FEV22-264-1536x1024.jpg 1536w, https:\/\/vimagazine.com.br\/wp-content\/uploads\/2022\/02\/BELA_06FEV22-264.jpg 1920w\" sizes=\"(max-width: 1024px) 100vw, 1024px\" \/><\/figure><\/li><li class=\"blocks-gallery-item\"><figure><img width=\"1024\" height=\"683\" src=\"https:\/\/vimagazine.com.br\/wp-content\/uploads\/2022\/02\/BELA_06FEV22-270-1024x683.jpg\" alt=\"\" data-id=\"3057\" data-full-url=\"https:\/\/vimagazine.com.br\/wp-content\/uploads\/2022\/02\/BELA_06FEV22-270.jpg\" data-link=\"https:\/\/vimagazine.com.br\/?attachment_id=3057\" class=\"wp-image-3057\" srcset=\"https:\/\/vimagazine.com.br\/wp-content\/uploads\/2022\/02\/BELA_06FEV22-270-1024x683.jpg 1024w, https:\/\/vimagazine.com.br\/wp-content\/uploads\/2022\/02\/BELA_06FEV22-270-300x200.jpg 300w, https:\/\/vimagazine.com.br\/wp-content\/uploads\/2022\/02\/BELA_06FEV22-270-768x512.jpg 768w, https:\/\/vimagazine.com.br\/wp-content\/uploads\/2022\/02\/BELA_06FEV22-270-1536x1024.jpg 1536w, https:\/\/vimagazine.com.br\/wp-content\/uploads\/2022\/02\/BELA_06FEV22-270.jpg 1920w\" sizes=\"(max-width: 1024px) 100vw, 1024px\" \/><\/figure><\/li><\/ul><\/figure>\n\n\n\n<p class=\"has-normal-font-size\">&#8220;A Bela e a Fera \u2013 Um Musical&#8221; \u00e9 um espet\u00e1culo da Palavra e Som, e conta com efeitos especiais, 60 figurinos, sensa\u00e7\u00f5es em 3D onde a plateia poder\u00e1 se sentir imersa na hist\u00f3ria, ilusionismo, cen\u00e1rios grandiosos, al\u00e9m de ser todo cantado ao vivo. Seguindo a linha Family Show o musical encanta a toda fam\u00edlia e ter\u00e1 novas sess\u00f5es, aos <strong>domingos, \u00e0s<\/strong> <strong>16h, no Teatro Liberdade.<\/strong><\/p>\n\n\n\n<p class=\"has-normal-font-size\">O musical conta a hist\u00f3ria de Bela, uma inteligente jovem que vive em uma pequena aldeia e \u00e9 considerada estranha pelos moradores locais. Bela \u00e9 cortejada por Gaspar, o jovem ca\u00e7ador da aldeia que pretende casar com ela, por\u00e9m Bela n\u00e3o retribui o interesse, pois acha Gaspar uma pessoa primitiva. A jovem tem o pai capturado pela Fera e decide entregar sua vida ao estranho ser em troca da liberdade do progenitor. No castelo, ela conhece objetos m\u00e1gicos e descobre que a Fera \u00e9 na verdade um pr\u00edncipe que precisa de amor para voltar \u00e0 forma humana.<\/p>\n\n\n\n<p class=\"has-normal-font-size\">O espet\u00e1culo tem dura\u00e7\u00e3o de uma hora e trinta minutos. A montagem nacional \u00e9 idealizada pelo diretor geral Bruno Souza, dire\u00e7\u00e3o de cena de Manuela Litti\u00e9ry, com coreografias de Gabriela Evangelista, dire\u00e7\u00e3o musical do Maestro Ettore Ver\u00edssimo, vers\u00e3o do texto de Lucas Cavalaro e roteiro final de Bruno Souza. A produ\u00e7\u00e3o do espet\u00e1culo fica a cargo da Palavra &amp; Som Entretenimento.<\/p>\n\n\n\n<p class=\"has-normal-font-size\">O musical ter\u00e1 novas sess\u00f5es no Teatro Liberdade, aos domingos, sempre \u00e0s 16h at\u00e9 dia 06 de mar\u00e7o. Os ingressos est\u00e3o \u00e0 venda pelo Sympla.com.<\/p>\n\n\n\n<p><\/p>\n\n\n\n<figure class=\"wp-container-4 wp-block-gallery-3 wp-block-gallery columns-3 is-cropped\"><ul class=\"blocks-gallery-grid\"><li class=\"blocks-gallery-item\"><figure><img width=\"1024\" height=\"683\" src=\"https:\/\/vimagazine.com.br\/wp-content\/uploads\/2022\/02\/BELA_06FEV22-74-2-1024x683.jpg\" alt=\"\" data-id=\"3047\" data-full-url=\"https:\/\/vimagazine.com.br\/wp-content\/uploads\/2022\/02\/BELA_06FEV22-74-2.jpg\" data-link=\"https:\/\/vimagazine.com.br\/?attachment_id=3047\" class=\"wp-image-3047\" srcset=\"https:\/\/vimagazine.com.br\/wp-content\/uploads\/2022\/02\/BELA_06FEV22-74-2-1024x683.jpg 1024w, https:\/\/vimagazine.com.br\/wp-content\/uploads\/2022\/02\/BELA_06FEV22-74-2-300x200.jpg 300w, https:\/\/vimagazine.com.br\/wp-content\/uploads\/2022\/02\/BELA_06FEV22-74-2-768x512.jpg 768w, https:\/\/vimagazine.com.br\/wp-content\/uploads\/2022\/02\/BELA_06FEV22-74-2-1536x1024.jpg 1536w, https:\/\/vimagazine.com.br\/wp-content\/uploads\/2022\/02\/BELA_06FEV22-74-2.jpg 1920w\" sizes=\"(max-width: 1024px) 100vw, 1024px\" \/><\/figure><\/li><li class=\"blocks-gallery-item\"><figure><img width=\"1024\" height=\"683\" src=\"https:\/\/vimagazine.com.br\/wp-content\/uploads\/2022\/02\/BELA_06FEV22-27-1024x683.jpg\" alt=\"\" data-id=\"3042\" data-full-url=\"https:\/\/vimagazine.com.br\/wp-content\/uploads\/2022\/02\/BELA_06FEV22-27.jpg\" data-link=\"https:\/\/vimagazine.com.br\/?attachment_id=3042\" class=\"wp-image-3042\" srcset=\"https:\/\/vimagazine.com.br\/wp-content\/uploads\/2022\/02\/BELA_06FEV22-27-1024x683.jpg 1024w, https:\/\/vimagazine.com.br\/wp-content\/uploads\/2022\/02\/BELA_06FEV22-27-300x200.jpg 300w, https:\/\/vimagazine.com.br\/wp-content\/uploads\/2022\/02\/BELA_06FEV22-27-768x512.jpg 768w, https:\/\/vimagazine.com.br\/wp-content\/uploads\/2022\/02\/BELA_06FEV22-27-1536x1024.jpg 1536w, https:\/\/vimagazine.com.br\/wp-content\/uploads\/2022\/02\/BELA_06FEV22-27.jpg 1920w\" sizes=\"(max-width: 1024px) 100vw, 1024px\" \/><\/figure><\/li><li class=\"blocks-gallery-item\"><figure><img width=\"1024\" height=\"683\" src=\"https:\/\/vimagazine.com.br\/wp-content\/uploads\/2022\/02\/BELA_06FEV22-146-1024x683.jpg\" alt=\"\" data-id=\"3044\" data-full-url=\"https:\/\/vimagazine.com.br\/wp-content\/uploads\/2022\/02\/BELA_06FEV22-146.jpg\" data-link=\"https:\/\/vimagazine.com.br\/?attachment_id=3044\" class=\"wp-image-3044\" srcset=\"https:\/\/vimagazine.com.br\/wp-content\/uploads\/2022\/02\/BELA_06FEV22-146-1024x683.jpg 1024w, https:\/\/vimagazine.com.br\/wp-content\/uploads\/2022\/02\/BELA_06FEV22-146-300x200.jpg 300w, https:\/\/vimagazine.com.br\/wp-content\/uploads\/2022\/02\/BELA_06FEV22-146-768x512.jpg 768w, https:\/\/vimagazine.com.br\/wp-content\/uploads\/2022\/02\/BELA_06FEV22-146-1536x1024.jpg 1536w, https:\/\/vimagazine.com.br\/wp-content\/uploads\/2022\/02\/BELA_06FEV22-146.jpg 1920w\" sizes=\"(max-width: 1024px) 100vw, 1024px\" \/><\/figure><\/li><\/ul><\/figure>\n\n\n\n<figure class=\"wp-container-6 wp-block-gallery-5 wp-block-gallery columns-2 is-cropped\"><ul class=\"blocks-gallery-grid\"><li class=\"blocks-gallery-item\"><figure><img width=\"1024\" height=\"683\" src=\"https:\/\/vimagazine.com.br\/wp-content\/uploads\/2022\/02\/BELA_06FEV22-248-1-1024x683.jpg\" alt=\"\" data-id=\"3053\" data-full-url=\"https:\/\/vimagazine.com.br\/wp-content\/uploads\/2022\/02\/BELA_06FEV22-248-1.jpg\" data-link=\"https:\/\/vimagazine.com.br\/?attachment_id=3053\" class=\"wp-image-3053\" srcset=\"https:\/\/vimagazine.com.br\/wp-content\/uploads\/2022\/02\/BELA_06FEV22-248-1-1024x683.jpg 1024w, https:\/\/vimagazine.com.br\/wp-content\/uploads\/2022\/02\/BELA_06FEV22-248-1-300x200.jpg 300w, https:\/\/vimagazine.com.br\/wp-content\/uploads\/2022\/02\/BELA_06FEV22-248-1-768x512.jpg 768w, https:\/\/vimagazine.com.br\/wp-content\/uploads\/2022\/02\/BELA_06FEV22-248-1-1536x1024.jpg 1536w, https:\/\/vimagazine.com.br\/wp-content\/uploads\/2022\/02\/BELA_06FEV22-248-1.jpg 1920w\" sizes=\"(max-width: 1024px) 100vw, 1024px\" \/><\/figure><\/li><li class=\"blocks-gallery-item\"><figure><img width=\"1024\" height=\"683\" src=\"https:\/\/vimagazine.com.br\/wp-content\/uploads\/2022\/02\/BELA_06FEV22-311-1-1024x683.jpg\" alt=\"\" data-id=\"3055\" data-full-url=\"https:\/\/vimagazine.com.br\/wp-content\/uploads\/2022\/02\/BELA_06FEV22-311-1.jpg\" data-link=\"https:\/\/vimagazine.com.br\/?attachment_id=3055\" class=\"wp-image-3055\" srcset=\"https:\/\/vimagazine.com.br\/wp-content\/uploads\/2022\/02\/BELA_06FEV22-311-1-1024x683.jpg 1024w, https:\/\/vimagazine.com.br\/wp-content\/uploads\/2022\/02\/BELA_06FEV22-311-1-300x200.jpg 300w, https:\/\/vimagazine.com.br\/wp-content\/uploads\/2022\/02\/BELA_06FEV22-311-1-768x512.jpg 768w, https:\/\/vimagazine.com.br\/wp-content\/uploads\/2022\/02\/BELA_06FEV22-311-1-1536x1024.jpg 1536w, https:\/\/vimagazine.com.br\/wp-content\/uploads\/2022\/02\/BELA_06FEV22-311-1.jpg 1920w\" sizes=\"(max-width: 1024px) 100vw, 1024px\" \/><\/figure><\/li><\/ul><\/figure>\n\n\n\n<p class=\"has-normal-font-size\">Palavra e Som \u00e9 uma produtora cultural do ABC Paulista, comandada por Bruno Souza, durante a pandemia percorreu mais de 9 estados, realizou mais de 30 sess\u00f5es e atingiu um p\u00fablico de mais de 100 mil pessoas com apresenta\u00e7\u00e3o em Drive- in. Empregando diretamente mais de 40 pessoas durante esse per\u00edodo, entre t\u00e9cnicos, atores, camareiras e costureiras.<\/p>\n\n\n\n<p><\/p>\n\n\n\n<p><strong>Ficha T\u00e9cnica:<\/strong><\/p>\n\n\n\n<p>Idealiza\u00e7\u00e3o e dire\u00e7\u00e3o geral: Bruno Souza<\/p>\n\n\n\n<p>Vers\u00e3o: Lucas Cavalaro<\/p>\n\n\n\n<p>Dire\u00e7\u00e3o de cena: Manuela Litti\u00e9ry<\/p>\n\n\n\n<p>Dire\u00e7\u00e3o musical: Ettore Ver\u00edssimo<\/p>\n\n\n\n<p>Assistente de dire\u00e7\u00e3o musical: Gabriel Fabbri<\/p>\n\n\n\n<p>Coreografias: Gabriela Evangelista<\/p>\n\n\n\n<p>Produ\u00e7\u00e3o: Palavra &amp; Som Entretenimento<\/p>\n\n\n\n<p>Produ\u00e7\u00e3o executiva: Tatiana Veliz<\/p>\n\n\n\n<p>Produ\u00e7\u00e3o Art\u00edstica: Daniela Simonassi<\/p>\n\n\n\n<p>Elenco: Beatriz Algranti, Bruno Souza, Lucas Godoy, Gui Giannetto, Marcos Antonelli, Gustavo Mazzei, Lucas Marques, Priscila Cammarosano, Manu Littiery, Carol Cristal, Gabriela Evangelista, Luke Lima, Bruno de Paiva, Caio de Paiva, Giovanna Claboxar<\/p>\n\n\n\n<p><strong>Servi\u00e7o:<\/strong><\/p>\n\n\n\n<p>&#8220;A Bela e a Fera \u2013 Um Musical&#8221;<\/p>\n\n\n\n<p>Novas datas<\/p>\n\n\n\n<p>Curta temporada at\u00e9 6 de mar\u00e7o<\/p>\n\n\n\n<p>Aos domingos, sempre \u00e0s 16h<\/p>\n\n\n\n<p>Teatro Liberdade (R. S\u00e3o Joaquim, 129, S\u00e3o Paulo &#8211; S\u00e3o Paulo)<\/p>\n\n\n\n<p>Ingressos de R$25,00 a R$150,00<\/p>\n\n\n\n<p>Venda pelo site:&nbsp;<a href=\"https:\/\/bileto.sympla.com.br\/event\/70782\/d\/120457\" target=\"_blank\" rel=\"noreferrer noopener\">https:\/\/bileto.sympla.com.br\/event\/70782\/d\/120457<\/a><\/p>\n\n\n\n<p>Dura\u00e7\u00e3o: 90 minutos (com intervalo)<\/p>\n\n\n\n<p>Classifica\u00e7\u00e3o: Livre<\/p>\n\n\n\n<p><\/p>\n\n\n\n<p style=\"font-size:14px\"><strong>Fotos<\/strong>: Fotos Bruno Sette<\/p>\n","protected":false},"excerpt":{"rendered":"<p>Devido ao sucesso a adapta\u00e7\u00e3o musical de um dos maiores sucessos da hist\u00f3ria, &#8220;A Bela&#8230;<\/p>\n","protected":false},"author":1,"featured_media":3052,"comment_status":"closed","ping_status":"open","sticky":false,"template":"","format":"standard","meta":{"om_disable_all_campaigns":false,"_monsterinsights_skip_tracking":false,"_monsterinsights_sitenote_active":false,"_monsterinsights_sitenote_note":"","_monsterinsights_sitenote_category":0,"spay_email":""},"categories":[1],"tags":[],"jetpack_featured_media_url":"https:\/\/vimagazine.com.br\/wp-content\/uploads\/2022\/02\/BELA_06FEV22-268-1.jpg","_links":{"self":[{"href":"https:\/\/vimagazine.com.br\/index.php?rest_route=\/wp\/v2\/posts\/3040"}],"collection":[{"href":"https:\/\/vimagazine.com.br\/index.php?rest_route=\/wp\/v2\/posts"}],"about":[{"href":"https:\/\/vimagazine.com.br\/index.php?rest_route=\/wp\/v2\/types\/post"}],"author":[{"embeddable":true,"href":"https:\/\/vimagazine.com.br\/index.php?rest_route=\/wp\/v2\/users\/1"}],"replies":[{"embeddable":true,"href":"https:\/\/vimagazine.com.br\/index.php?rest_route=%2Fwp%2Fv2%2Fcomments&post=3040"}],"version-history":[{"count":7,"href":"https:\/\/vimagazine.com.br\/index.php?rest_route=\/wp\/v2\/posts\/3040\/revisions"}],"predecessor-version":[{"id":3072,"href":"https:\/\/vimagazine.com.br\/index.php?rest_route=\/wp\/v2\/posts\/3040\/revisions\/3072"}],"wp:featuredmedia":[{"embeddable":true,"href":"https:\/\/vimagazine.com.br\/index.php?rest_route=\/wp\/v2\/media\/3052"}],"wp:attachment":[{"href":"https:\/\/vimagazine.com.br\/index.php?rest_route=%2Fwp%2Fv2%2Fmedia&parent=3040"}],"wp:term":[{"taxonomy":"category","embeddable":true,"href":"https:\/\/vimagazine.com.br\/index.php?rest_route=%2Fwp%2Fv2%2Fcategories&post=3040"},{"taxonomy":"post_tag","embeddable":true,"href":"https:\/\/vimagazine.com.br\/index.php?rest_route=%2Fwp%2Fv2%2Ftags&post=3040"}],"curies":[{"name":"wp","href":"https:\/\/api.w.org\/{rel}","templated":true}]}}