{"id":3075,"date":"2022-02-15T19:43:40","date_gmt":"2022-02-15T22:43:40","guid":{"rendered":"https:\/\/vimagazine.com.br\/?p=3075"},"modified":"2022-02-15T19:43:43","modified_gmt":"2022-02-15T22:43:43","slug":"alberto-venceslau-fara-participacao-especial-em-se-essa-lua-fosse-minha","status":"publish","type":"post","link":"https:\/\/vimagazine.com.br\/?p=3075","title":{"rendered":"Alberto Venceslau far\u00e1 participa\u00e7\u00e3o especial em &#8220;Se Essa Lua Fosse Minha&#8221;"},"content":{"rendered":"\n<p><\/p>\n\n\n\n<p style=\"font-size:19px\"><em>Atualmente em cartaz em &#8220;Chicago&#8221;, o ator e bailarino, que assina as coreografias do premiado musical &#8220;Se Essa Lua Fosse Minha&#8221; far\u00e1 participa\u00e7\u00e3o especial no espet\u00e1culo nesta quarta-feira (16). Os ingressos est\u00e3o \u00e0 venda pelo Sympla.com.<\/em><\/p>\n\n\n\n<p><\/p>\n\n\n\n<p><strong>Nesta quarta-feira (16) o premiado musical &#8220;Se Essa Lua Fosse Minha&#8221; far\u00e1 sess\u00e3o extra, no Teatro Viradalata, em S\u00e3o Paulo, com a participa\u00e7\u00e3o especial do ator e core\u00f3grafo Alberto Venceslau.<\/strong><\/p>\n\n\n\n<p style=\"font-size:14px\">Convidado por Victor Rocha e Elton Towersey em 2019 para coreografar e integrar o elenco de &#8220;Se Essa Lua Fosse Minha&#8221;, Alberto Venceslau se afastou da temporada em 2022 por estar integrando o elenco do aclamado musical &#8220;Chicago&#8221;, em cartaz no Teatro Santander, de quinta a domingo.&nbsp; Devido a sess\u00e3o extra, nesta quarta-feira, Alberto estar\u00e1 de volta ao palco de &#8220;Se Essa Lua Fosse Minha&#8221;, para uma participa\u00e7\u00e3o especial ao lado do elenco do espet\u00e1culo.<\/p>\n\n\n\n<p style=\"font-size:14px\">Sa\u00eddo de Terrarrosa, uma prov\u00edncia da Espanha, um povo navega pelo oceano em busca de um lugar para construir um novo amanh\u00e3. Eis que lhe \u00e9 apresentada a terra de Porto Leste, uma ilha que para a surpresa de todos j\u00e1 era habitada por um outro povo. A diferen\u00e7a de cren\u00e7as e culturas faz com que uma divis\u00e3o se torne indispens\u00e1vel e uma linha \u00e9 riscada no ch\u00e3o a fim de evitar a guerra. De um lado fica a destemida Leila e do outro o rebelde Iago. Quem \u00e9 que faria um cora\u00e7\u00e3o respeitar uma linha riscada no ch\u00e3o? A lua escuta mais versos de amor do que os pr\u00f3prios amantes. Enquanto isso, da Espanha vem Belisa, predestinada a se casar com ele, da terra vem a flor do alecrim, talvez a solu\u00e7\u00e3o para ela. O lencinho branco cai no ch\u00e3o. O anel que era de vidro e se quebra. Os p\u00e9s virados para tr\u00e1s. Um canto que atrai os homens. Pirulito que tanto bate. A hist\u00f3ria \u00e0s vezes rima, \u00e0s vezes ensina e \u00e0s vezes faz os dois ao mesmo tempo, s\u00e3o dois coelhos numa cajadada s\u00f3!<\/p>\n\n\n\n<p style=\"font-size:14px\">&#8220;Se Essa Lua Fosse Minha&#8221; ter\u00e1 uma sess\u00e3o extra na quarta-feira, dia 16 de fevereiro, \u00e0s 20h30, no Teatro Viradalata, em S\u00e3o Paulo. Os ingressos est\u00e3o \u00e0 venda pelo Sympla ou na bilheteria do teatro.<\/p>\n\n\n\n<p style=\"font-size:14px\">Alberto come\u00e7ou a dan\u00e7ar aos 20 anos na Cia dos Homens em Recife sob dire\u00e7\u00e3o de Cl\u00e1udia S\u00e3o Bento. No ano seguinte integrou o elenco da Cisne Negro Cia de dan\u00e7a em S\u00e3o Paulo dirigida por Hulda Bittencourt e DeAnima Ballet Contempor\u00e2neo do Rio de Janeiro sob dire\u00e7\u00e3o de Richard Cragun. Em 2004 entrou para o elenco do Grupo Corpo onde dan\u00e7ou durante dez anos sob dire\u00e7\u00e3o de Paulo Pederneiras e Rodrigo Pederneiras fazendo turn\u00eas nacionais e internacionais por mais de 30 pa\u00edses. Em seguida integrou o elenco do Ballet Municipal de Niter\u00f3i dirigido por Pedro Pires. De volta a S\u00e3o Paulo em 2018 inicia um novo momento na carreira, dessa vez em musicais. Convidado a fazer parte do ensemble de &#8220;Cinderella&#8221; de Rodgers e Hammerstein e em seguida integrando o elenco de &#8220;A Pequena Sereia&#8221;. Em 2019 foi convidado por Victor Rocha e Elton Towersey a integrar o elenco e coreografar o espet\u00e1culo &#8220;Se Essa Lua Fosse Minha&#8221;, pelo qual foi indicado a pr\u00eamios especializados. Atualmente Alberto integra o elenco do aclamado musical da Broadway &#8220;Chicago&#8221;, em cartaz no Teatro Santander, em S\u00e3o Paulo.<\/p>\n\n\n\n<p><\/p>\n\n\n\n<p><em>&#8220;Se Essa Lua Fosse Minha&#8221;<\/em><\/p>\n\n\n\n<p>Sess\u00e3o extra 16 de fevereiro de 2022<\/p>\n\n\n\n<p>Quarta-feira \u00e0s 20h30<\/p>\n\n\n\n<p>Ingressos: R$70,00 (inteira) e R$35,00 (meia)<\/p>\n\n\n\n<p>Vendas de ingressos:&nbsp;<a href=\"https:\/\/bileto.sympla.com.br\/event\/70483\/d\/118100\" target=\"_blank\" rel=\"noreferrer noopener\">https:\/\/bileto.sympla.com.br\/event\/70483\/d\/118100<\/a><\/p>\n\n\n\n<p>G\u00eanero: Musical<\/p>\n\n\n\n<p>Dura\u00e7\u00e3o: 140 min.<\/p>\n","protected":false},"excerpt":{"rendered":"<p>Atualmente em cartaz em &#8220;Chicago&#8221;, o ator e bailarino, que assina as coreografias do premiado&#8230;<\/p>\n","protected":false},"author":1,"featured_media":3076,"comment_status":"closed","ping_status":"open","sticky":false,"template":"","format":"standard","meta":{"om_disable_all_campaigns":false,"_monsterinsights_skip_tracking":false,"_monsterinsights_sitenote_active":false,"_monsterinsights_sitenote_note":"","_monsterinsights_sitenote_category":0,"spay_email":""},"categories":[1],"tags":[],"jetpack_featured_media_url":"https:\/\/vimagazine.com.br\/wp-content\/uploads\/2022\/02\/Alberto.seessalua.jpeg","_links":{"self":[{"href":"https:\/\/vimagazine.com.br\/index.php?rest_route=\/wp\/v2\/posts\/3075"}],"collection":[{"href":"https:\/\/vimagazine.com.br\/index.php?rest_route=\/wp\/v2\/posts"}],"about":[{"href":"https:\/\/vimagazine.com.br\/index.php?rest_route=\/wp\/v2\/types\/post"}],"author":[{"embeddable":true,"href":"https:\/\/vimagazine.com.br\/index.php?rest_route=\/wp\/v2\/users\/1"}],"replies":[{"embeddable":true,"href":"https:\/\/vimagazine.com.br\/index.php?rest_route=%2Fwp%2Fv2%2Fcomments&post=3075"}],"version-history":[{"count":1,"href":"https:\/\/vimagazine.com.br\/index.php?rest_route=\/wp\/v2\/posts\/3075\/revisions"}],"predecessor-version":[{"id":3077,"href":"https:\/\/vimagazine.com.br\/index.php?rest_route=\/wp\/v2\/posts\/3075\/revisions\/3077"}],"wp:featuredmedia":[{"embeddable":true,"href":"https:\/\/vimagazine.com.br\/index.php?rest_route=\/wp\/v2\/media\/3076"}],"wp:attachment":[{"href":"https:\/\/vimagazine.com.br\/index.php?rest_route=%2Fwp%2Fv2%2Fmedia&parent=3075"}],"wp:term":[{"taxonomy":"category","embeddable":true,"href":"https:\/\/vimagazine.com.br\/index.php?rest_route=%2Fwp%2Fv2%2Fcategories&post=3075"},{"taxonomy":"post_tag","embeddable":true,"href":"https:\/\/vimagazine.com.br\/index.php?rest_route=%2Fwp%2Fv2%2Ftags&post=3075"}],"curies":[{"name":"wp","href":"https:\/\/api.w.org\/{rel}","templated":true}]}}