{"id":3091,"date":"2022-02-17T22:27:38","date_gmt":"2022-02-18T01:27:38","guid":{"rendered":"https:\/\/vimagazine.com.br\/?p=3091"},"modified":"2022-02-17T22:27:42","modified_gmt":"2022-02-18T01:27:42","slug":"naked-boys-singing-encerra-temporada-com-sessao-extra-em-sao-paulo","status":"publish","type":"post","link":"https:\/\/vimagazine.com.br\/?p=3091","title":{"rendered":"Naked Boys Singing encerra temporada com sess\u00e3o extra em S\u00e3o Paulo"},"content":{"rendered":"\n<p><\/p>\n\n\n\n<p style=\"font-size:19px\"><em><strong>Sucesso de cr\u00edtica e p\u00fablico o musical &#8220;Naked Boys Singing!&#8221; encerra temporada no Teatro Nair Bello, com sess\u00e3o extra no domingo, \u00e0s 16h. Os ingressos j\u00e1 est\u00e3o \u00e0 venda.<\/strong><\/em><\/p>\n\n\n\n<p><\/p>\n\n\n\n<p class=\"has-normal-font-size\"><strong><em>Naked Boys Singing!<\/em><\/strong>&nbsp;\u00e9 um espet\u00e1culo de teatro musical, \u00edcone da cultura gay, que estreou no Hollywood &#8216;s Celebration Theatre, em Los Angeles nos Estados Unidos, em 1998, e que posteriormente foi montado em New York, onde se tornou o segundo musical mais longevo off-Broadway. Produzido em mais de 20 pa\u00edses, desde a sua estreia sempre esteve em cartaz em algum lugar do mundo.<\/p>\n\n\n\n<p class=\"has-normal-font-size\">No Brasil, a nova montagem esteve em cartaz no Teatro S\u00e9rgio Cardoso &#8211; Sala Paschoal Carlos Magno, e devido ao sucesso ter\u00e1 nova temporada presencial, que estreia no dia 21 de janeiro, s\u00e1bado, \u00e0s 21 horas, e os ingressos para as novas sess\u00f5es j\u00e1 est\u00e3o \u00e0 venda pelo site Sympla ou na bilheteria do teatro.<\/p>\n\n\n\n<p class=\"has-normal-font-size\"><strong><em>Naked Boys Singing!<\/em><\/strong>&nbsp;\u00e9&nbsp;um musical, com m\u00fasicas pujantes, tocadas ao vivo por um ator\/pianista e defendido com energia e vitalidade por dez atores\/cantores\/bailarinos, al\u00e9m de uma equipe criativa com nove artistas. O espet\u00e1culo \u00e9&nbsp;dividido&nbsp;por 15 atos musicados, que&nbsp;abordam&nbsp;temas distintos relacionados ao corpo masculino, do c\u00f4mico nonsense ao drama.<\/p>\n\n\n\n<p class=\"has-normal-font-size\">Segundo o diretor Rodrigo Alfer, a pele exposta em 2021 no musical tem um significado mais amplo e po\u00e9tico, principalmente pelo momento de pandemia em que fomos obrigados a nos cobrir, e temermos o corpo e contato com o outro. O musical al\u00e9m de libertador \u00e9 uma celebra\u00e7\u00e3o\u00a0\u00e0 vida.\u00a0<\/p>\n\n\n\n<figure class=\"wp-block-image size-large\"><img width=\"1024\" height=\"819\" src=\"https:\/\/vimagazine.com.br\/wp-content\/uploads\/2022\/02\/CARTAZ-1-1024x819.jpg\" alt=\"\" class=\"wp-image-3093\" srcset=\"https:\/\/vimagazine.com.br\/wp-content\/uploads\/2022\/02\/CARTAZ-1-1024x819.jpg 1024w, https:\/\/vimagazine.com.br\/wp-content\/uploads\/2022\/02\/CARTAZ-1-300x240.jpg 300w, https:\/\/vimagazine.com.br\/wp-content\/uploads\/2022\/02\/CARTAZ-1-768x614.jpg 768w, https:\/\/vimagazine.com.br\/wp-content\/uploads\/2022\/02\/CARTAZ-1-1536x1229.jpg 1536w, https:\/\/vimagazine.com.br\/wp-content\/uploads\/2022\/02\/CARTAZ-1.jpg 1920w\" sizes=\"(max-width: 1024px) 100vw, 1024px\" \/><\/figure>\n\n\n\n<p><strong>Ficha T\u00e9cnica<\/strong><\/p>\n\n\n\n<p>Idealiza\u00e7\u00e3o: Robert Schrock<\/p>\n\n\n\n<p>Versionista: Rafael Oliveira<\/p>\n\n\n\n<p>Dire\u00e7\u00e3o: Rodrigo Alfer<\/p>\n\n\n\n<p>Assistente de Dire\u00e7\u00e3o: Manu Litti\u00e9ry<\/p>\n\n\n\n<p>Dire\u00e7\u00e3o Coreogr\u00e1fica: Alex Martins<\/p>\n\n\n\n<p>Assistente de Coreografia: Jo\u00e3o Hespanholeto<\/p>\n\n\n\n<p>Dire\u00e7\u00e3o Musical: Ettore Ver\u00edssimo<\/p>\n\n\n\n<p>Assistente de Dire\u00e7\u00e3o Musical: Gabriel Fabbri<\/p>\n\n\n\n<p>Prepara\u00e7\u00e3o de Elenco: \u00c9rika Altimayer<\/p>\n\n\n\n<p>Cen\u00e1rio e Figurino: Daniele Desierr\u00ea<\/p>\n\n\n\n<p>Desenho de Luz:&nbsp;Guilherme Andrade<\/p>\n\n\n\n<p>Desenho de Som: Andr\u00e9 Omote<\/p>\n\n\n\n<p>Copista: Rafael Gamboa<\/p>\n\n\n\n<p>Produ\u00e7\u00e3o e Cenotecnia \u2013 Alexandre de Marco<\/p>\n\n\n\n<p>Produ\u00e7\u00e3o: Bacana Produ\u00e7\u00f5es Art\u00edsticas<\/p>\n\n\n\n<p>Elenco: Andr\u00e9 Lau, Aquiles, Jo\u00e3o Hespanholeto, Luan Carvalho, Lucas Cordeiro, Raphael Mota, Ruan Rairo, Silvano Vieira, Victor Barreto, Tiago Prates e Gabriel Fabbri &#8211; Pianista<\/p>\n\n\n\n<p>Fotos: Caio Gallucci<\/p>\n\n\n\n<p><\/p>\n\n\n\n<p style=\"font-size:14px\"><strong><em>Naked Boys Singing!<\/em><\/strong><\/p>\n\n\n\n<p>Teatro Nair Bello (Rua Frei Caneca, 569 &#8211; 3\u00ba Piso, Shopping Frei Caneca, S\u00e3o Paulo \u2013 SP)<\/p>\n\n\n\n<p>\u00daltimas sess\u00f5es at\u00e9 20 de fevereiro<\/p>\n\n\n\n<p>Sexta-feira e s\u00e1bado, \u00e0s 21h; e domingos, \u00e0s 19h<\/p>\n\n\n\n<p>Sess\u00e3o extra: domingo, \u00e0s 16h<\/p>\n\n\n\n<p>Ingressos: R$40,00 e R$80,00<\/p>\n\n\n\n<p>Vendas online:&nbsp;<a href=\"https:\/\/bileto.sympla.com.br\/event\/70174\/d\/116096\/s\/681405\" target=\"_blank\" rel=\"noreferrer noopener\">https:\/\/bileto.sympla.com.br\/event\/70174\/d\/116096\/s\/681405<\/a><\/p>\n\n\n\n<p>Vendas presenciais na Bilheteria do Teatro ou nos Totens de Venda no Shopping Frei Caneca<\/p>\n\n\n\n<p>Dura\u00e7\u00e3o: 80 min<\/p>\n\n\n\n<p>Classifica\u00e7\u00e3o indicativa:&nbsp;16 anos<\/p>\n","protected":false},"excerpt":{"rendered":"<p>Sucesso de cr\u00edtica e p\u00fablico o musical &#8220;Naked Boys Singing!&#8221; encerra temporada no Teatro Nair&#8230;<\/p>\n","protected":false},"author":1,"featured_media":3092,"comment_status":"closed","ping_status":"open","sticky":false,"template":"","format":"standard","meta":{"om_disable_all_campaigns":false,"_monsterinsights_skip_tracking":false,"_monsterinsights_sitenote_active":false,"_monsterinsights_sitenote_note":"","_monsterinsights_sitenote_category":0,"spay_email":""},"categories":[1],"tags":[],"jetpack_featured_media_url":"https:\/\/vimagazine.com.br\/wp-content\/uploads\/2022\/02\/nbsb.jpeg","_links":{"self":[{"href":"https:\/\/vimagazine.com.br\/index.php?rest_route=\/wp\/v2\/posts\/3091"}],"collection":[{"href":"https:\/\/vimagazine.com.br\/index.php?rest_route=\/wp\/v2\/posts"}],"about":[{"href":"https:\/\/vimagazine.com.br\/index.php?rest_route=\/wp\/v2\/types\/post"}],"author":[{"embeddable":true,"href":"https:\/\/vimagazine.com.br\/index.php?rest_route=\/wp\/v2\/users\/1"}],"replies":[{"embeddable":true,"href":"https:\/\/vimagazine.com.br\/index.php?rest_route=%2Fwp%2Fv2%2Fcomments&post=3091"}],"version-history":[{"count":1,"href":"https:\/\/vimagazine.com.br\/index.php?rest_route=\/wp\/v2\/posts\/3091\/revisions"}],"predecessor-version":[{"id":3094,"href":"https:\/\/vimagazine.com.br\/index.php?rest_route=\/wp\/v2\/posts\/3091\/revisions\/3094"}],"wp:featuredmedia":[{"embeddable":true,"href":"https:\/\/vimagazine.com.br\/index.php?rest_route=\/wp\/v2\/media\/3092"}],"wp:attachment":[{"href":"https:\/\/vimagazine.com.br\/index.php?rest_route=%2Fwp%2Fv2%2Fmedia&parent=3091"}],"wp:term":[{"taxonomy":"category","embeddable":true,"href":"https:\/\/vimagazine.com.br\/index.php?rest_route=%2Fwp%2Fv2%2Fcategories&post=3091"},{"taxonomy":"post_tag","embeddable":true,"href":"https:\/\/vimagazine.com.br\/index.php?rest_route=%2Fwp%2Fv2%2Ftags&post=3091"}],"curies":[{"name":"wp","href":"https:\/\/api.w.org\/{rel}","templated":true}]}}