{"id":3095,"date":"2022-02-18T10:51:19","date_gmt":"2022-02-18T13:51:19","guid":{"rendered":"https:\/\/vimagazine.com.br\/?p=3095"},"modified":"2022-02-18T10:51:23","modified_gmt":"2022-02-18T13:51:23","slug":"artista-visual-susi-lohmann-trabalha-arte-ambiental-em-nova-exposicao-individual","status":"publish","type":"post","link":"https:\/\/vimagazine.com.br\/?p=3095","title":{"rendered":"Artista Visual Susi Lohmann trabalha Arte Ambiental em nova exposi\u00e7\u00e3o individual"},"content":{"rendered":"\n<p>A artista visual Susi Lohmann apresenta a exposi\u00e7\u00e3o&nbsp;\u201cArte Ambiental\u201d&nbsp;no dia 31 de mar\u00e7o \u00e0s 19h no Hall de Entrada da Biblioteca Universit\u00e1ria da UNIVILLE, essa pesquisa j\u00e1 vem sendo apresentada pela artista em coletivas e tamb\u00e9m em suas redes sociais.<\/p>\n\n\n\n<p>A madeira de tapumes, tela de prote\u00e7\u00e3o da constru\u00e7\u00e3o civil e vidro, s\u00e3o os elementos que s\u00e3o usados para compor as obras; todos estes materiais s\u00e3o 100% recicl\u00e1veis, os quais ser\u00e3o aplicados nas telas juntamente com a pintura a \u00f3leo, uma forma criativa e com responsabilidade social, mostrando que estes materiais depois de descartados ainda t\u00eam valor para incorporar uma obra de arte.<\/p>\n\n\n\n<p>Atualmente al\u00e9m de lecionar no Col\u00e9gio Univille, est\u00e1 desenvolvendo o projeto; Educa\u00e7\u00e3o Ambiental atrav\u00e9s da Arte, Lohmann organizou diversas exposi\u00e7\u00f5es e feiras de arte com seus alunos nos shoppings da cidade e em seu atelier. Em 2016, come\u00e7ou a lecionar Artes Visuais no Col\u00e9gio Univille para alunos do Fundamental II e Ensino M\u00e9dio, onde permanece at\u00e9 hoje. Seus projetos de arte junto aos alunos ,continuam a fazerem parte de seu objetivo.<\/p>\n\n\n\n<p>Com rela\u00e7\u00e3o ao trabalho em sala de aula, a ideia \u00e9 aplicar o conceito do projeto Arte Ambiental em algumas turmas do Col\u00e9gio Univille, pois este tema \u00e9 abordado como conte\u00fado curricular. O trabalho em sala, ir\u00e1 enriquecer ainda mais as aulas de Artes Visuais, valorizando os talentos e os esfor\u00e7os de cada aluno, levando \u00e0 uma conscientiza\u00e7\u00e3o da import\u00e2ncia em reciclar e reaproveitar materiais do uso da constru\u00e7\u00e3o civil.&nbsp;<\/p>\n\n\n\n<p>Todas as obras expostas estar\u00e3o dispon\u00edveis para venda em v\u00e1rios locais da cidade a ser\u00e3o divulgados pelo instagram projetos. de.arte Realizar uma exposi\u00e7\u00e3o em conjunto com o Projeto da Arte Ambiental,\u00a0 \u00e9 parte do objetivo como forma de visibilidade\u00a0social e sua import\u00e2ncia para o meio ambiente. As flores \u00e9 um dos temas preferidos da artista\u00a0a ser explorado; uma homenagem \u00e0 cidade de Joinville, que calorosamente a acolheu.<\/p>\n\n\n\n<figure class=\"wp-block-image size-large\"><img width=\"1024\" height=\"1024\" src=\"https:\/\/vimagazine.com.br\/wp-content\/uploads\/2022\/02\/Susi-lohmann-joinville-artista-1024x1024.jpg\" alt=\"\" class=\"wp-image-3097\" srcset=\"https:\/\/vimagazine.com.br\/wp-content\/uploads\/2022\/02\/Susi-lohmann-joinville-artista-1024x1024.jpg 1024w, https:\/\/vimagazine.com.br\/wp-content\/uploads\/2022\/02\/Susi-lohmann-joinville-artista-300x300.jpg 300w, https:\/\/vimagazine.com.br\/wp-content\/uploads\/2022\/02\/Susi-lohmann-joinville-artista-150x150.jpg 150w, https:\/\/vimagazine.com.br\/wp-content\/uploads\/2022\/02\/Susi-lohmann-joinville-artista-768x768.jpg 768w, https:\/\/vimagazine.com.br\/wp-content\/uploads\/2022\/02\/Susi-lohmann-joinville-artista.jpg 1080w\" sizes=\"(max-width: 1024px) 100vw, 1024px\" \/><\/figure>\n\n\n\n<p><strong>Sobre a Artista:<\/strong><\/p>\n\n\n\n<p>Susi Lohmann Lenser Nasceu em Lages, SC , tem forma\u00e7\u00e3o acad\u00eamica em Artes Pl\u00e1sticas pela Universidade da Regi\u00e3o de Joinville &#8211; UNIVILLE.,veio residir em Joinville com o objetivo de se formar em Artes Pl\u00e1sticas e montar seu pr\u00f3prio atelier de pintura , que ocorreu em 1999, onde ministrava aulas de desenho e pintura para pessoas das diferentes faixas et\u00e1rias. Participou de mostras de decora\u00e7\u00e3o e exposi\u00e7\u00f5es individuais, com temas variados, todos com telas \u00e0 \u00f3leo.<\/p>\n\n\n\n<p>O Projeto Arte Ambiental tem curadoria do Produtor Cultural Luciano Itaqui recebe apoio e patroc\u00ednio da Univille- Universidade da Regi\u00e3o de Joinville, Col\u00e9gio Univille, Ambientis &#8211; Assessoria, \u00c1guia- Consultoria Imobili\u00e1ria, Rogga-Empreendimentos Imobili\u00e1rios , Artric- Destina\u00e7\u00e3o de Res\u00edduos da Constru\u00e7\u00e3o Civil e Doce D\u2019Minas, como apoiador exclusivo nos coquet\u00e9is das exposi\u00e7\u00f5es; e como atra\u00e7\u00e3o musical, recebe o coral da Univille , regido pelo Maestro Mario Klemann.<\/p>\n\n\n\n<p>Servi\u00e7o:<\/p>\n\n\n\n<p>Exposi\u00e7\u00e3o do Projeto Arte Ambiental da artista Susi Lohmann, Curadoria Luciano Itaqui<\/p>\n\n\n\n<p>Abertura dia 31 de mar\u00e7o \u00e0s19 h no Hall de Entrada da Biblioteca Universit\u00e1ria da UNIVILLE.<\/p>\n\n\n\n<p>Per\u00edodo expositivo at\u00e9 dia de abril.<\/p>\n\n\n\n<p>Local: UNIVILLE<\/p>\n\n\n\n<p>Fonte: Luciano Itaqui<\/p>\n\n\n\n<figure class=\"wp-block-image size-large\"><img width=\"1024\" height=\"1024\" src=\"https:\/\/vimagazine.com.br\/wp-content\/uploads\/2022\/02\/Susi-Lohmann-artista-1024x1024.jpg\" alt=\"\" class=\"wp-image-3098\" srcset=\"https:\/\/vimagazine.com.br\/wp-content\/uploads\/2022\/02\/Susi-Lohmann-artista-1024x1024.jpg 1024w, https:\/\/vimagazine.com.br\/wp-content\/uploads\/2022\/02\/Susi-Lohmann-artista-300x300.jpg 300w, https:\/\/vimagazine.com.br\/wp-content\/uploads\/2022\/02\/Susi-Lohmann-artista-150x150.jpg 150w, https:\/\/vimagazine.com.br\/wp-content\/uploads\/2022\/02\/Susi-Lohmann-artista-768x768.jpg 768w, https:\/\/vimagazine.com.br\/wp-content\/uploads\/2022\/02\/Susi-Lohmann-artista.jpg 1080w\" sizes=\"(max-width: 1024px) 100vw, 1024px\" \/><\/figure>\n\n\n\n<figure class=\"wp-block-image size-large\"><img width=\"461\" height=\"1024\" src=\"https:\/\/vimagazine.com.br\/wp-content\/uploads\/2022\/02\/susi-LOHMANN-ARTISTA-461x1024.jpeg\" alt=\"\" class=\"wp-image-3099\" srcset=\"https:\/\/vimagazine.com.br\/wp-content\/uploads\/2022\/02\/susi-LOHMANN-ARTISTA-461x1024.jpeg 461w, https:\/\/vimagazine.com.br\/wp-content\/uploads\/2022\/02\/susi-LOHMANN-ARTISTA-135x300.jpeg 135w, https:\/\/vimagazine.com.br\/wp-content\/uploads\/2022\/02\/susi-LOHMANN-ARTISTA-691x1536.jpeg 691w, https:\/\/vimagazine.com.br\/wp-content\/uploads\/2022\/02\/susi-LOHMANN-ARTISTA.jpeg 720w\" sizes=\"(max-width: 461px) 100vw, 461px\" \/><\/figure>\n","protected":false},"excerpt":{"rendered":"<p>A artista visual Susi Lohmann apresenta a exposi\u00e7\u00e3o&nbsp;\u201cArte Ambiental\u201d&nbsp;no dia 31 de mar\u00e7o \u00e0s 19h&#8230;<\/p>\n","protected":false},"author":3,"featured_media":3096,"comment_status":"closed","ping_status":"open","sticky":false,"template":"","format":"standard","meta":{"om_disable_all_campaigns":false,"_monsterinsights_skip_tracking":false,"_monsterinsights_sitenote_active":false,"_monsterinsights_sitenote_note":"","_monsterinsights_sitenote_category":0,"spay_email":""},"categories":[1],"tags":[],"jetpack_featured_media_url":"https:\/\/vimagazine.com.br\/wp-content\/uploads\/2022\/02\/WhatsApp-Image-2022-01-28-at-17.17.415-1-e1645192093911.jpeg","_links":{"self":[{"href":"https:\/\/vimagazine.com.br\/index.php?rest_route=\/wp\/v2\/posts\/3095"}],"collection":[{"href":"https:\/\/vimagazine.com.br\/index.php?rest_route=\/wp\/v2\/posts"}],"about":[{"href":"https:\/\/vimagazine.com.br\/index.php?rest_route=\/wp\/v2\/types\/post"}],"author":[{"embeddable":true,"href":"https:\/\/vimagazine.com.br\/index.php?rest_route=\/wp\/v2\/users\/3"}],"replies":[{"embeddable":true,"href":"https:\/\/vimagazine.com.br\/index.php?rest_route=%2Fwp%2Fv2%2Fcomments&post=3095"}],"version-history":[{"count":1,"href":"https:\/\/vimagazine.com.br\/index.php?rest_route=\/wp\/v2\/posts\/3095\/revisions"}],"predecessor-version":[{"id":3100,"href":"https:\/\/vimagazine.com.br\/index.php?rest_route=\/wp\/v2\/posts\/3095\/revisions\/3100"}],"wp:featuredmedia":[{"embeddable":true,"href":"https:\/\/vimagazine.com.br\/index.php?rest_route=\/wp\/v2\/media\/3096"}],"wp:attachment":[{"href":"https:\/\/vimagazine.com.br\/index.php?rest_route=%2Fwp%2Fv2%2Fmedia&parent=3095"}],"wp:term":[{"taxonomy":"category","embeddable":true,"href":"https:\/\/vimagazine.com.br\/index.php?rest_route=%2Fwp%2Fv2%2Fcategories&post=3095"},{"taxonomy":"post_tag","embeddable":true,"href":"https:\/\/vimagazine.com.br\/index.php?rest_route=%2Fwp%2Fv2%2Ftags&post=3095"}],"curies":[{"name":"wp","href":"https:\/\/api.w.org\/{rel}","templated":true}]}}