{"id":3101,"date":"2022-02-19T08:30:39","date_gmt":"2022-02-19T11:30:39","guid":{"rendered":"https:\/\/vimagazine.com.br\/?p=3101"},"modified":"2022-02-19T08:30:42","modified_gmt":"2022-02-19T11:30:42","slug":"joao-lucca-e-henrique-lancam-o-single-ringue","status":"publish","type":"post","link":"https:\/\/vimagazine.com.br\/?p=3101","title":{"rendered":"Jo\u00e3o Lucca e Henrique lan\u00e7am o single \u201cRingue&#8221;"},"content":{"rendered":"\n<p>A m\u00fasica conta com a participa\u00e7\u00e3o especial de Fernanda Salgado<\/p>\n\n\n\n<p>Jo\u00e3o Lucca e Henrique, a nova aposta do sertanejo universit\u00e1rio, lan\u00e7a hoje (18\/02) em todas as plataformas digitais o single&nbsp;<strong>\u201cRingue\u201d,&nbsp;<\/strong>composi\u00e7\u00e3o de Kau\u00ea Segund\u00earo\/ Clebinho e Alex Alves, com arranjos de Carlinhos Cok\u00f3. A grava\u00e7\u00e3o aconteceu no Royal St\u00fadios em S\u00e3o Paulo com a produ\u00e7\u00e3o musical de Marcelo Zola. A m\u00fasica ter\u00e1 um registro em v\u00eddeo que estar\u00e1 dispon\u00edvel no canal oficial da dupla, a partir das 12h.<\/p>\n\n\n\n<p>Para dar um toque especial na can\u00e7\u00e3o, os sertanejos convidaram a cantora e compositora Fernanda Salgado, para um feat, a artista que&nbsp; se destaca por seu timbre de voz encantador e carisma vem ganhando espa\u00e7o no cen\u00e1rio musical. Entre suas can\u00e7\u00f5es podemos citar a faixa \u201cExpectativa\u201d com a participa\u00e7\u00e3o de Gustavo Mioto e \u201cBaldinho\u201d com o feat de Mano Walter. A artista tamb\u00e9m est\u00e1 em est\u00fadio, gravando seu novo single que ser\u00e1 lan\u00e7ado no come\u00e7o de mar\u00e7o.&nbsp;<\/p>\n\n\n\n<p><strong>\u201cAdorei participar da grava\u00e7\u00e3o desta can\u00e7\u00e3o, uma letra atual que fala da rela\u00e7\u00e3o entre as pessoas. A sintonia com a dupla foi incr\u00edvel\u201d, comenta.<\/strong><\/p>\n\n\n\n<p>Recentemente, Jo\u00e3o Lucca e Henrique lan\u00e7aram nas plataformas de streaming &#8211; &#8220;<strong>Sofrimento Coletivo\u201d<\/strong>, a letra menciona uma reuni\u00e3o de cora\u00e7\u00f5es feridos com a proposta de juntar a galera e sofrer todos juntos.&nbsp;<\/p>\n\n\n\n<p>O single&nbsp;<strong>\u201cRingue\u201d<\/strong>&nbsp;tamb\u00e9m far\u00e1 parte do repert\u00f3rio do EP com lan\u00e7amento previsto para o primeiro semestre de 2022. A dupla paulista, que completou quatro anos de carreira, est\u00e1 totalmente voltada aos novos projetos. O \u00e1lbum ser\u00e1 o ponto de partida para um trabalho que j\u00e1 est\u00e1 sendo estruturado pela ProMegan, escrit\u00f3rio que gerencia a carreira dos sertanejos.&nbsp;<\/p>\n\n\n\n<p><strong>\u201cAcreditamos em cada profissional envolvido neste projeto, juntos somos muito mais fortes. G<\/strong><strong>ravamos essa m\u00fasica e gostamos muito da letra que fala sobre relacionamentos, \u00e0quelas rela\u00e7\u00f5es que o orgulho acaba se sobressaindo, t\u00e3o comum nas rela\u00e7\u00f5es afetivas. Gravar essa m\u00fasica para n\u00f3s \u00e9 uma forma de mostrar que o amor sempre deve vencer, pois quem vive de orgulho acaba morrendo de saudades!&#8221; enfatiza a dupla&nbsp;<\/strong><\/p>\n\n\n\n<p><strong><u>Vale conferir o single \u201cRingue\u201d<\/u><\/strong><strong><\/strong><\/p>\n\n\n\n<figure class=\"wp-block-embed is-type-rich is-provider-spotify wp-block-embed-spotify wp-embed-aspect-21-9 wp-has-aspect-ratio\"><div class=\"wp-block-embed__wrapper\">\n<iframe loading=\"lazy\" title=\"Spotify Embed: Ringue\" width=\"100%\" height=\"380\" style=\"[object Object]\" frameborder=\"0\" allowfullscreen allow=\"autoplay; clipboard-write; encrypted-media; fullscreen; picture-in-picture\" src=\"https:\/\/open.spotify.com\/embed\/album\/5LkFUCgOmIQvm7KWgjYRSl?utm_source=oembed\"><\/iframe>\n<\/div><\/figure>\n\n\n\n<figure class=\"wp-block-embed is-type-video is-provider-youtube wp-block-embed-youtube wp-embed-aspect-16-9 wp-has-aspect-ratio\"><div class=\"wp-block-embed__wrapper\">\n<iframe loading=\"lazy\" title=\"RINGUE - Jo\u00e3o Lucca e Henrique feat  Fernanda Salgado\" width=\"640\" height=\"360\" src=\"https:\/\/www.youtube.com\/embed\/_SSPYQ4xnls?feature=oembed\" frameborder=\"0\" allow=\"accelerometer; autoplay; clipboard-write; encrypted-media; gyroscope; picture-in-picture\" allowfullscreen><\/iframe>\n<\/div><\/figure>\n\n\n\n<p><strong><u>Foto cr\u00e9ditos<\/u><\/strong>&nbsp;\u2013 Daniel Baraldi &nbsp;<\/p>\n\n\n\n<p><strong><u>Ficha T\u00e9cnica<\/u><\/strong><\/p>\n\n\n\n<p>Dire\u00e7\u00e3o de v\u00eddeo: ProMegan e Jotaka Produ\u00e7\u00f5es<\/p>\n\n\n\n<p>Produ\u00e7\u00e3o Musical: Marcelo Zola<\/p>\n\n\n\n<p>Mixagem e Masteriza\u00e7\u00e3o: Carlinhos Cok\u00f3<\/p>\n\n\n\n<p><strong><u>Para saber mais acesse:<\/u><\/strong><\/p>\n\n\n\n<p>Promegan Produtora&nbsp;&nbsp;<a href=\"http:\/\/promegan.com\/\" rel=\"noreferrer noopener\" target=\"_blank\">http:\/\/promegan.com\/<\/a><\/p>\n\n\n\n<p><strong>@joaoluccaehenrique&nbsp;<\/strong><\/p>\n\n\n\n<p>Instagram:&nbsp;<a href=\"https:\/\/www.instagram.com\/joaoluccaehenrique\/\" rel=\"noreferrer noopener\" target=\"_blank\">https:\/\/www.instagram.com\/joaoluccaehenrique\/<\/a><\/p>\n\n\n\n<p>TikTok:&nbsp;<a href=\"https:\/\/www.tiktok.com\/@joaoluccaehenrique?lang=pt-BR\" rel=\"noreferrer noopener\" target=\"_blank\">https:\/\/www.tiktok.com\/@joaoluccaehenrique?lang=pt-BR<\/a><\/p>\n\n\n\n<p>Facebook:&nbsp;<a href=\"https:\/\/www.facebook.com\/joaoluccaehenrique\" rel=\"noreferrer noopener\" target=\"_blank\">https:\/\/www.facebook.com\/joaoluccaehenrique<\/a><\/p>\n\n\n\n<p>Twitter:&nbsp;<a href=\"https:\/\/twitter.com\/jluccaehenrique\" rel=\"noreferrer noopener\" target=\"_blank\">https:\/\/twitter.com\/jluccaehenrique<\/a><\/p>\n\n\n\n<p>Site:\u00a0<a href=\"https:\/\/joaoluccaehenrique.com\/\" rel=\"noreferrer noopener\" target=\"_blank\">https:\/\/joaoluccaehenrique.com\/<\/a><\/p>\n\n\n\n<p><strong>@fernandasalgadooficial&nbsp;<\/strong>Instagram:<\/p>\n\n\n\n<figure class=\"wp-block-embed\"><div class=\"wp-block-embed__wrapper\">\nhttps:\/\/www.instagram.com\/fernandasalgadooficial\/\n<\/div><\/figure>\n\n\n\n<p>TikTok:&nbsp;<a href=\"https:\/\/www.tiktok.com\/@fernandasalgadooficial?lang=pt-BR\" rel=\"noreferrer noopener\" target=\"_blank\">https:\/\/www.tiktok.com\/@fernandasalgadooficial?lang=pt-BR<\/a><\/p>\n\n\n\n<p>Facebook:&nbsp;<a href=\"https:\/\/www.facebook.com\/fernandasalgadooficial\" rel=\"noreferrer noopener\" target=\"_blank\">https:\/\/www.facebook.com\/fernandasalgadooficial<\/a><\/p>\n\n\n\n<p>Site:&nbsp;<a href=\"https:\/\/fernandasalgado.com\/\" rel=\"noreferrer noopener\" target=\"_blank\">https:\/\/fernandasalgado.com\/<\/a><\/p>\n\n\n\n<figure class=\"wp-block-image size-large\"><img width=\"1024\" height=\"683\" src=\"https:\/\/vimagazine.com.br\/wp-content\/uploads\/2022\/02\/foto-imprensa-ringue-1024x683.jpg\" alt=\"\" class=\"wp-image-3103\" srcset=\"https:\/\/vimagazine.com.br\/wp-content\/uploads\/2022\/02\/foto-imprensa-ringue-1024x683.jpg 1024w, https:\/\/vimagazine.com.br\/wp-content\/uploads\/2022\/02\/foto-imprensa-ringue-300x200.jpg 300w, https:\/\/vimagazine.com.br\/wp-content\/uploads\/2022\/02\/foto-imprensa-ringue-768x512.jpg 768w, https:\/\/vimagazine.com.br\/wp-content\/uploads\/2022\/02\/foto-imprensa-ringue-1536x1024.jpg 1536w, https:\/\/vimagazine.com.br\/wp-content\/uploads\/2022\/02\/foto-imprensa-ringue.jpg 1920w\" sizes=\"(max-width: 1024px) 100vw, 1024px\" \/><\/figure>\n\n\n\n<figure class=\"wp-block-image size-large\"><img width=\"683\" height=\"1024\" src=\"https:\/\/vimagazine.com.br\/wp-content\/uploads\/2022\/02\/IMG_2900-1-683x1024.jpg\" alt=\"\" class=\"wp-image-3104\" srcset=\"https:\/\/vimagazine.com.br\/wp-content\/uploads\/2022\/02\/IMG_2900-1-683x1024.jpg 683w, https:\/\/vimagazine.com.br\/wp-content\/uploads\/2022\/02\/IMG_2900-1-200x300.jpg 200w, https:\/\/vimagazine.com.br\/wp-content\/uploads\/2022\/02\/IMG_2900-1-768x1152.jpg 768w, https:\/\/vimagazine.com.br\/wp-content\/uploads\/2022\/02\/IMG_2900-1-1024x1536.jpg 1024w, https:\/\/vimagazine.com.br\/wp-content\/uploads\/2022\/02\/IMG_2900-1.jpg 1280w\" sizes=\"(max-width: 683px) 100vw, 683px\" \/><\/figure>\n\n\n\n<figure class=\"wp-block-embed\"><div class=\"wp-block-embed__wrapper\">\nhttps:\/\/www.instagram.com\/fernandasalgadooficial\/\n<\/div><\/figure>\n","protected":false},"excerpt":{"rendered":"<p>A m\u00fasica conta com a participa\u00e7\u00e3o especial de Fernanda Salgado Jo\u00e3o Lucca e Henrique, a&#8230;<\/p>\n","protected":false},"author":3,"featured_media":3102,"comment_status":"closed","ping_status":"open","sticky":false,"template":"","format":"standard","meta":{"om_disable_all_campaigns":false,"_monsterinsights_skip_tracking":false,"_monsterinsights_sitenote_active":false,"_monsterinsights_sitenote_note":"","_monsterinsights_sitenote_category":0,"spay_email":""},"categories":[1],"tags":[],"jetpack_featured_media_url":"https:\/\/vimagazine.com.br\/wp-content\/uploads\/2022\/02\/8e7f1b33-a2a3-4852-bf96-86810899e276-e1645268820330.jpg","_links":{"self":[{"href":"https:\/\/vimagazine.com.br\/index.php?rest_route=\/wp\/v2\/posts\/3101"}],"collection":[{"href":"https:\/\/vimagazine.com.br\/index.php?rest_route=\/wp\/v2\/posts"}],"about":[{"href":"https:\/\/vimagazine.com.br\/index.php?rest_route=\/wp\/v2\/types\/post"}],"author":[{"embeddable":true,"href":"https:\/\/vimagazine.com.br\/index.php?rest_route=\/wp\/v2\/users\/3"}],"replies":[{"embeddable":true,"href":"https:\/\/vimagazine.com.br\/index.php?rest_route=%2Fwp%2Fv2%2Fcomments&post=3101"}],"version-history":[{"count":1,"href":"https:\/\/vimagazine.com.br\/index.php?rest_route=\/wp\/v2\/posts\/3101\/revisions"}],"predecessor-version":[{"id":3105,"href":"https:\/\/vimagazine.com.br\/index.php?rest_route=\/wp\/v2\/posts\/3101\/revisions\/3105"}],"wp:featuredmedia":[{"embeddable":true,"href":"https:\/\/vimagazine.com.br\/index.php?rest_route=\/wp\/v2\/media\/3102"}],"wp:attachment":[{"href":"https:\/\/vimagazine.com.br\/index.php?rest_route=%2Fwp%2Fv2%2Fmedia&parent=3101"}],"wp:term":[{"taxonomy":"category","embeddable":true,"href":"https:\/\/vimagazine.com.br\/index.php?rest_route=%2Fwp%2Fv2%2Fcategories&post=3101"},{"taxonomy":"post_tag","embeddable":true,"href":"https:\/\/vimagazine.com.br\/index.php?rest_route=%2Fwp%2Fv2%2Ftags&post=3101"}],"curies":[{"name":"wp","href":"https:\/\/api.w.org\/{rel}","templated":true}]}}