{"id":3113,"date":"2022-02-22T10:42:30","date_gmt":"2022-02-22T13:42:30","guid":{"rendered":"https:\/\/vimagazine.com.br\/?p=3113"},"modified":"2022-02-22T10:43:52","modified_gmt":"2022-02-22T13:43:52","slug":"seu-jorge-e-alexandre-pires-apresentam-turne-irmaos-na-arena-petry","status":"publish","type":"post","link":"https:\/\/vimagazine.com.br\/?p=3113","title":{"rendered":"Seu Jorge e Alexandre Pires apresentam turn\u00ea Irm\u00e3os na Arena Petry"},"content":{"rendered":"\n<p><strong>Seu Jorge e Alexandre Pires<\/strong> <strong>A live que encantou o Brasil virou tourProjeto \u201cIrm\u00e3os\u201d ter\u00e1 mega show na Arena Petry<\/strong><\/p>\n\n\n\n<p><em>Estreia aconteceu com shows sold out em arenas nas cidades de Lisboa e Guimar\u00e3es, em Portugal<\/em><\/p>\n\n\n\n<p><em>Projeto in\u00e9dito e exclusivo, que re\u00fane dois dos mais populares artistas brasileiros, nasceu durante a pandemia, ap\u00f3s uma das lives mais assistidas no YouTube \u2013 somando mais de 14 milh\u00f5es de visualiza\u00e7\u00f5es<\/em><\/p>\n\n\n\n<p>Ap\u00f3s espetacular estreia mundial em Portugal, <strong>Seu Jorge<\/strong> e <strong>Alexandre Pires<\/strong> est\u00e3o prontos para estremecer o Brasil com o animado repert\u00f3rio da turn\u00ea mundial do j\u00e1 consagrado projeto \u201c<strong><em>Irm\u00e3os<\/em><\/strong>\u201d. Na Grande Florian\u00f3polis, os dois pilares da m\u00fasica brasileira se apresentam no dia 25 de fevereiro, sexta-feira, na Arena Petry. Os ingressos est\u00e3o \u00e0 venda pelo <a href=\"https:\/\/uhuu.com\/evento\/sc\/sao-jose\/irmaos-alexandre-pires-e-seu-jorge-9737\" target=\"_blank\" rel=\"noreferrer noopener\"><strong>uhuuu<\/strong><\/a>.<\/p>\n\n\n\n<p>A ideia come\u00e7ou a crescer durante a pandemia, assim que os artistas protagonizaram uma das lives mais assistidas no YouTube, que atualmente soma mais de 14 milh\u00f5es de visualiza\u00e7\u00f5es, ou seja, ficou claro que o pr\u00f3ximo passo seria dar vida ao projeto no palco.&nbsp;<\/p>\n\n\n\n<p>Esbanjando simpatia e carisma, Seu Jorge e Alexandre Pires prometem desfilar, em mais de 2h, repert\u00f3rio repleto de cl\u00e1ssicos de suas carreiras, al\u00e9m de vers\u00f5es para Tim Maia, Legi\u00e3o Urbana, entre outros.<\/p>\n\n\n\n<p>O espet\u00e1culo \u00e9 bem informal, intimista e conduz os f\u00e3s a ca\u00edrem no samba e pagode, entre bate-papo sempre num tom descontra\u00eddo e alegre, que caracteriza as conversas entre amigos.<\/p>\n\n\n\n<p>\u201c<em>Foi uma sensa\u00e7\u00e3o maravilhosa nos apresentarmos em Portugal, para performances com ingressos esgotados, ao lado do meu parceiro Alexandre Pires. Vimos o quanto esses shows podem trazer de felicidade \u00e0s pessoas e estamos ansiosos para sentir a vibra\u00e7\u00e3o, o calor, a alegria e o carinho do p\u00fablico brasileiro<\/em>\u201d, declarou Seu Jorge.<\/p>\n\n\n\n<p>Alexandre Pires tamb\u00e9m est\u00e1 feliz com a expectativa para esta turn\u00ea pelo Brasil. \u201c<em>Estamos muito orgulhosos com todas as vibra\u00e7\u00f5es que recebemos at\u00e9 aqui. Podem ter certeza que o p\u00fablico vai ser divertir muito e dividir essa experi\u00eancia ao vivo com um artista talentos\u00edssimo como Seu Jorge me deixa cada dia mais honrado<\/em>\u201d.<\/p>\n\n\n\n<p>O nome \u201cIrm\u00e3os\u201d \u00e9, precisamente, uma homenagem \u00e0 hist\u00f3ria de amizade e uni\u00e3o entre os artistas, que agora realizam um sonho antigo e d\u00e3o vida a um projeto h\u00e1 muito desejado por meio da m\u00fasica.<\/p>\n\n\n\n<p><strong>Evento Seguro<\/strong><\/p>\n\n\n\n<p>O acesso ao evento ser\u00e1 dado somente a pessoas imunizadas com pelo menos 14 dias de esquema vacinal completo contra a Covid-19 (duas doses completas ou dose \u00fanica), mediante apresenta\u00e7\u00e3o da caderneta ou carteirinha de vacina\u00e7\u00e3o emitida pela Secretaria Municipal de Sa\u00fade ou pelo App Conecte SUS (junto de documento de identifica\u00e7\u00e3o), ou pessoas que apresentarem laudo de exame RT-qPCR, realizado nas \u00faltimas 72 horas, ou pesquisa de ant\u00edgeno SARS-COV-2 por swab realizado nas \u00faltimas 48 horas com resultado negativo, n\u00e3o reagente ou n\u00e3o detectado. O laudo deve ser realizado por estabelecimentos credenciados e dever\u00e1 ser entregue impresso para fins de auditoria.<\/p>\n\n\n\n<p><strong>Mais sobre Seu Jorge<\/strong><\/p>\n\n\n\n<p>Considerado um dos artistas brasileiros mais populares, Seu Jorge h\u00e1 muito conquistou milhares de f\u00e3s e tem lotado e esgotado as principais casas de shows do Mundo.&nbsp;<\/p>\n\n\n\n<p>Seu Jorge, apelido que lhe seria dado pelo amigo e baterista Marcelo Yuka, alcan\u00e7ou a sua primeira realiza\u00e7\u00e3o profissional como m\u00fasico em 1998, quando integrou a banda Farofa Carioca e lan\u00e7ou o disco Moro no Brasil em Portugal, no Jap\u00e3o e no Brasil.<\/p>\n\n\n\n<p>Em 2004, gravou em Roma, o videoclipe da m\u00fasica \u201cTive Raz\u00e3o\u201d, um hit tamb\u00e9m em terras dos descobridores, com participa\u00e7\u00e3o dos atores Willen Dafoe e Bill Murray. Em seguida lan\u00e7ou o DVD MTV Apresenta Seu Jorge e comp\u00f4s com o m\u00fasico BID a faixa e depois para o disco Bambas e Biritas Vol. 1.<\/p>\n\n\n\n<p>Por dois anos consecutivos (2003 e 2004) ganhou o pr\u00e9mio APCA de melhor cantor do ano. Em setembro de 2004 lan\u00e7ou o disco CRU em Fran\u00e7a e Inglaterra, resultando em cinco estrelas nos editoriais das revistas Rolling Stones, Elle France, Vogue France e participa\u00e7\u00f5es em programas de TV.&nbsp;<\/p>\n\n\n\n<p>Seu Jorge define-se a si mesmo como um cantor e compositor popular, que gosta de in\u00fameros g\u00eaneros musicais, mas cujo fundamento \u00e9 o samba: \u201cO samba \u00e9 a nossa verdade, nossa particularidade, \u00e9 nossa medalha de ouro, nosso baluarte, nosso estandarte brasileiro\u201d.<\/p>\n\n\n\n<p><strong>Mais sobre Alexandre Pires<\/strong><\/p>\n\n\n\n<p>Alexandre Pires \u00e9 um dos artistas brasileiros mais consagrados no mercado da m\u00fasica internacional. Al\u00e9m de possuir diversos pr\u00eamios internacionais, \u00e9 considerado tamb\u00e9m um \u00edcone latino com mais de 18 milh\u00f5es de discos vendidos.<\/p>\n\n\n\n<p>Levando aos palcos o melhor do samba rom\u00e2ntico, Alexandre Pires iniciou sua carreira no final dos anos 80, liderando o grupo S\u00f3 Pra Contrariar que conquistou uma vasta audi\u00eancia.&nbsp;<\/p>\n\n\n\n<p>Ap\u00f3s diversos anos de sucesso ao lado do SPC, em 2001 come\u00e7ou a sua carreira a solo, da qual resultaram hits como \u201cVoc\u00ea Tirou Minha Vida\u201d, \u201cNecessidade\u201d e \u201c\u00c9 Por Amor\u201d. J\u00e1 em 2003 conquistaria um novo n\u00edvel de fama internacionalmente ao ser convidado por George W. Bush, ent\u00e3o presidente dos EUA, para cantar na Casa Branca no m\u00eas em que se comemora a Descend\u00eancia Hisp\u00e2nica no pa\u00eds.<\/p>\n\n\n\n<p>Desde ent\u00e3o, o cantor tem lan\u00e7ado in\u00fameros trabalhos que renderam v\u00e1rios sucessos, como \u201cEu Sou O Samba\u201d com participa\u00e7\u00e3o de Seu Jorge e \u201cSissi\u201d.<\/p>\n\n\n\n<p><strong>SERVI\u00c7O&nbsp;<\/strong><\/p>\n\n\n\n<p>ARENA PETRY &#8211; S\u00c3O JOS\u00c9 (SC)<\/p>\n\n\n\n<p>SEU JORGE E ALEXANDRE PIRES \u2013 IRM\u00c3OS<\/p>\n\n\n\n<p>Data: 25 de fevereiro de 2022 (sexta-feira)<\/p>\n\n\n\n<p>Local: Arena Petry<\/p>\n\n\n\n<p>Endere\u00e7o: SC-281, 4000 &#8211; Grande Florian\u00f3polis, S\u00e3o Jos\u00e9 &#8211; SC, 88122-001<\/p>\n\n\n\n<p>Hor\u00e1rio: 21h (abertura da casa)<\/p>\n\n\n\n<p>Acesso a deficientes<\/p>\n\n\n\n<p>Classifica\u00e7\u00e3o et\u00e1ria: 18 anos desacompanhados. Menores de 18 anos poder\u00e3o comparecer ao evento desde que acompanhados dos pais e\/ou respons\u00e1veis legais. Informa\u00e7\u00e3o sujeita \u00e0 altera\u00e7\u00e3o, conforme decis\u00e3o judicial.<\/p>\n\n\n\n<p><strong>MAPA DE SETORES<\/strong><\/p>\n\n\n\n<figure class=\"wp-block-image\"><img src=\"https:\/\/lh6.googleusercontent.com\/ZDAC7NlP7AdLpVXi6vh8zoSA8YGK4Qde0Clr8jrAH9kpC8VYDEA12Kc4Aqn8fmc1ym5mv6K4FWx4nmEVBUXxvgsUIdbbLNukZ2_W1UICwDWM5wW95uLkkwJ-cS0QwLFfs7FoZA-6\" alt=\"\" \/><\/figure>\n\n\n\n<p>INGRESSOS a partir de&nbsp;<\/p>\n\n\n\n<p>Mesa Exclusive: a partir de R$ 3.500,00 para 6 pessoas + taxas<\/p>\n\n\n\n<p>Mesa: a partir de R$ 2.700,00 para 6 pessoas + taxas<\/p>\n\n\n\n<p>Pista Premium Lote 1: a partir de R$ 180,00 + taxas<\/p>\n\n\n\n<p>Pista Lote 1: a partir de R$ 60,00 + taxas<\/p>\n\n\n\n<p>Camarote Open Bar Lote 1: a partir de R$ 300,00 + taxas<\/p>\n\n\n\n<p>Terra\u00e7o Central: a partir de R$ 220,00 + taxas<\/p>\n\n\n\n<p><strong>CANAIS DE VENDAS OFICIAIS:<\/strong><\/p>\n\n\n\n<p>Ponto de venda sem taxa de servi\u00e7o: Bilheteria da Arena Petry (atendimento de segunda a sexta-feira das 9h \u00e0s 12h e das 13h \u00e0s 18h) ou pelo contato: (48) 3954 2400 (48) 99168 7221 (Angela)<\/p>\n\n\n\n<p><a href=\"https:\/\/uhuu.com\/evento\/sc\/sao-jose-do-cerrito\/henrique-e-juliano-9923\" target=\"_blank\" rel=\"noreferrer noopener\"><strong>uhuu.com<\/strong><\/a>&nbsp;<\/p>\n\n\n\n<p>Formas de Pagamento:<\/p>\n\n\n\n<p>Internet: Dep\u00f3sito e Cart\u00f5es Visa, Master, Diners, Hiper, Elo e American.<\/p>\n\n\n\n<p>Totem: Visa, Master, Diners, Hiper, Elo e American.<\/p>\n\n\n\n<p>Bilheteria: Dinheiro, Visa, Master, Diners, Hiper, Elo, Vale Cultura Ticket, American e Banricompras.<\/p>\n\n\n\n<p>Parcelamento &#8211; 1x at\u00e9 4x &#8211; Sem juros ao consumidor 5x at\u00e9 12x &#8211; Com juros ao consumidor de 1,49%<\/p>\n\n\n\n<p>MEIA ENTRADA\/DESCONTOS:<\/p>\n\n\n\n<p>*Desconto de Meia Entrada somente no setor de Pista<\/p>\n\n\n\n<p>*Na compra de Pista Premium ou Camarote Open Bar voc\u00ea ganha um copo no dia do evento.<\/p>\n\n\n\n<p>Meia Entrada\/Descontos:&nbsp;<\/p>\n\n\n\n<p>ESTUDANTES: Lei Federal 12.933\/13, Decreto Federal 8.537\/15 e Medida Cautelar Provis\u00f3ria concedida pelo STF em 29\/12\/2015 &#8211; obrigat\u00f3ria apresenta\u00e7\u00e3o de Carteira de Identifica\u00e7\u00e3o Estudantil (CIE).Consulte tamb\u00e9m: <a href=\"http:\/\/www.documentodoestudante.com.br\/\" target=\"_blank\" rel=\"noreferrer noopener\">www.documentodoestudante.com.br<\/a><\/p>\n\n\n\n<p>IDOSOS: Lei Federal 10.741\/2003 &#8211; obrigat\u00f3ria apresenta\u00e7\u00e3o de identidade ou documento oficial com foto que comprove a sua condi\u00e7\u00e3o.<\/p>\n\n\n\n<p>JOVENS PERTENCENTES \u00c0 FAMILIAS DE BAIXA RENDA: Lei Federal 12.933\/13 e Decreto Federal 8.537\/15 \u2013 obrigat\u00f3ria apresenta\u00e7\u00e3o da Carteira de Identidade Jovem que ser\u00e1 emitida pela Secretaria Nacional de Juventude a partir de 31 de mar\u00e7o de 2016, acompanhada de documento de identidade oficial com foto.<\/p>\n\n\n\n<p>PESSOAS COM DEFICI\u00caNCIA (e acompanhante quando necess\u00e1rio): Lei Federal 12.933\/13 e Decreto Federal 8.537\/15 &#8211; obrigat\u00f3ria apresenta\u00e7\u00e3o do Cart\u00e3o de Benef\u00edcio de Presta\u00e7\u00e3o Continuada da Assist\u00eancia Social da Pessoa com Defici\u00eancia ou de documento emitido pelo Instituto Nacional do Seguro Social &#8211; INSS que ateste a aposentadoria de acordo com os crit\u00e9rios estabelecidos na Lei Complementar no 142, de 8 de maio de 2013. No momento de apresenta\u00e7\u00e3o, esses documentos dever\u00e3o estar acompanhados de documento de identidade oficial com foto.<\/p>\n\n\n\n<p>JOVENS COM AT\u00c9 15 ANOS: Lei Estadual n\u00b0 14.612\/14 &#8211; obrigat\u00f3ria apresenta\u00e7\u00e3o do documento de identidade oficial com foto.<\/p>\n\n\n\n<p>DOADORES REGULARES DE SANGUE*: Lei Estadual n\u00b0 13.891\/12 &#8211; obrigat\u00f3ria apresenta\u00e7\u00e3o de documento oficial v\u00e1lido, expedido pelos hemocentros e bancos de sangue. *S\u00e3o considerados doadores regulares de sangue a mulher que se submete \u00e0 coleta pelo menos duas vezes ao ano, e o homem que se submete \u00e0 coleta tr\u00eas vezes ao ano.<\/p>\n\n\n\n<p>APOSENTADOS OU PENSIONISTAS DO INSS: Lei Municipal n\u00b0 7.366\/93 &#8211; Documento fornecido pela Federa\u00e7\u00e3o dos Aposentados e Pensionistas do RS ou outros Associa\u00e7\u00f5es de Classe devidamente registradas ou filiadas.<\/p>\n\n\n\n<p>PNE (Portadores de Necessidades Especiais) em conformidade com a Lei Municipal n\u00ba 11.519, de 18\/12\/2013.<\/p>\n\n\n\n<p>O benef\u00edcio de meia-entrada \u00e9 assegurado para 40% do total de ingressos dispon\u00edveis para cada evento, conforme o Decreto n\u00ba 8.537\/15.<\/p>\n\n\n\n<p>Para mais informa\u00e7\u00f5es, voc\u00ea pode conversar conosco atrav\u00e9s do Chat online, ele est\u00e1 dispon\u00edvel aqui mesmo na home do nosso site. Este atendimento \u00e9 r\u00e1pido e pr\u00e1tico.<\/p>\n\n\n\n<p>Ingressos E-Ticket em arquivo .PDF entregues automaticamente ao e-mail do titular do pedido em at\u00e9 30 min ap\u00f3s o recebimento da confirma\u00e7\u00e3o de compra. Apresente no acesso do evento. Caso n\u00e3o tenha recebido o email, verifique tamb\u00e9m sua caixa anti-spam.&nbsp;<\/p>\n\n\n\n<p>ATEN\u00c7\u00c3O: N\u00e3o nos responsabilizamos por ingressos adquiridos fora dos canais de venda oficiais.<\/p>\n\n\n\n<p>Caso os documentos necess\u00e1rios n\u00e3o sejam apresentados ou n\u00e3o comprovem a condi\u00e7\u00e3o, ser\u00e1 exigido o pagamento do complemento do valor do ingresso adquirido, caso contr\u00e1rio, o acesso n\u00e3o ser\u00e1 autorizado.<\/p>\n\n\n\n<p>Objetos proibidos em todas as cidades: C\u00e2mera fotogr\u00e1fica profissional ou semi profissional (c\u00e2meras grandes com zoom externo ou que trocam de lente), filmadoras de v\u00eddeo, gravadores de \u00e1udio, canetas laser, qualquer tipo de trip\u00e9, pau de selfie, camisas de time, correntes e cintur\u00f5es, garrafas pl\u00e1sticas, bebidas alc\u00f3olicas, subst\u00e2ncias t\u00f3xicas, fogos de artif\u00edcio, inflam\u00e1veis em geral, objetos que possam causar ferimentos, armas de fogo, armas brancas, copos de vidro e vidros em geral, frutas inteiras, latas de alum\u00ednio, guarda-chuva, jornais, revistas, bandeiras e faixas, capacetes de motos e similares.<\/p>\n\n\n\n<p><strong>Assessoria de imprensa Arena Petry:<\/strong><\/p>\n\n\n\n<p><em>All Press Comunica\u00e7\u00e3o<\/em><\/p>\n\n\n\n<p>Yasmine Holanda <\/p>\n\n\n\n<p>D\u00e9borah Almada <\/p>\n\n\n\n<p><strong>Assessoria de Imprensa Opus Entretenimento:<\/strong><\/p>\n\n\n\n<p>Cost\u00e1bile Salzano Jr. | <a href=\"mailto:imprensa@opusentretenimento.com\" target=\"_blank\" rel=\"noreferrer noopener\">imprensa@opusentretenimento.com<\/a> | (11) 964.197.206<\/p>\n\n\n\n<p><strong>Yasmine Holanda Fiorini | Atendimento<\/strong><\/p>\n","protected":false},"excerpt":{"rendered":"<p>Seu Jorge e Alexandre Pires A live que encantou o Brasil virou tourProjeto \u201cIrm\u00e3os\u201d ter\u00e1&#8230;<\/p>\n","protected":false},"author":3,"featured_media":3114,"comment_status":"closed","ping_status":"open","sticky":false,"template":"","format":"standard","meta":{"om_disable_all_campaigns":false,"_monsterinsights_skip_tracking":false,"_monsterinsights_sitenote_active":false,"_monsterinsights_sitenote_note":"","_monsterinsights_sitenote_category":0,"spay_email":""},"categories":[1],"tags":[],"jetpack_featured_media_url":"https:\/\/vimagazine.com.br\/wp-content\/uploads\/2022\/02\/seu-jorge-e-alexandre-pires.jpg","_links":{"self":[{"href":"https:\/\/vimagazine.com.br\/index.php?rest_route=\/wp\/v2\/posts\/3113"}],"collection":[{"href":"https:\/\/vimagazine.com.br\/index.php?rest_route=\/wp\/v2\/posts"}],"about":[{"href":"https:\/\/vimagazine.com.br\/index.php?rest_route=\/wp\/v2\/types\/post"}],"author":[{"embeddable":true,"href":"https:\/\/vimagazine.com.br\/index.php?rest_route=\/wp\/v2\/users\/3"}],"replies":[{"embeddable":true,"href":"https:\/\/vimagazine.com.br\/index.php?rest_route=%2Fwp%2Fv2%2Fcomments&post=3113"}],"version-history":[{"count":2,"href":"https:\/\/vimagazine.com.br\/index.php?rest_route=\/wp\/v2\/posts\/3113\/revisions"}],"predecessor-version":[{"id":3116,"href":"https:\/\/vimagazine.com.br\/index.php?rest_route=\/wp\/v2\/posts\/3113\/revisions\/3116"}],"wp:featuredmedia":[{"embeddable":true,"href":"https:\/\/vimagazine.com.br\/index.php?rest_route=\/wp\/v2\/media\/3114"}],"wp:attachment":[{"href":"https:\/\/vimagazine.com.br\/index.php?rest_route=%2Fwp%2Fv2%2Fmedia&parent=3113"}],"wp:term":[{"taxonomy":"category","embeddable":true,"href":"https:\/\/vimagazine.com.br\/index.php?rest_route=%2Fwp%2Fv2%2Fcategories&post=3113"},{"taxonomy":"post_tag","embeddable":true,"href":"https:\/\/vimagazine.com.br\/index.php?rest_route=%2Fwp%2Fv2%2Ftags&post=3113"}],"curies":[{"name":"wp","href":"https:\/\/api.w.org\/{rel}","templated":true}]}}