{"id":3121,"date":"2022-02-22T11:02:32","date_gmt":"2022-02-22T14:02:32","guid":{"rendered":"https:\/\/vimagazine.com.br\/?p=3121"},"modified":"2022-02-22T11:02:35","modified_gmt":"2022-02-22T14:02:35","slug":"carnavalzinho-do-garten-shopping-ira-embalar-o-final-de-semana","status":"publish","type":"post","link":"https:\/\/vimagazine.com.br\/?p=3121","title":{"rendered":"Carnavalzinho do Garten Shopping ir\u00e1 embalar o final de semana"},"content":{"rendered":"\n<p><em>Dois dias de divers\u00e3o garantida para crian\u00e7as e bichinhos de estima\u00e7\u00e3o<\/em><\/p>\n\n\n\n<p>Preparem as fantasias porque o Carnavalzinho do Garten Shopping promete movimentar a crian\u00e7ada e os pets neste final de semana. Durante os dias 26 e 27 de fevereiro, das 16h \u00e0s 18h, ser\u00e1 realizado o evento criado especialmente para que os pequenos aproveitem a festa com anima\u00e7\u00e3o e seguran\u00e7a, onde todos os protocolos contra a Covid19 ser\u00e3o seguidos.&nbsp;<\/p>\n\n\n\n<p>O Carnavalzinho 2022 acontecer\u00e1 em frente \u00e0 loja C&amp;A e a programa\u00e7\u00e3o inicia com o concurso de fantasias para as crian\u00e7as e tamb\u00e9m para os pets, com premia\u00e7\u00e3o para os primeiros tr\u00eas colocados. Para participar do concurso os interessados devem fazer a inscri\u00e7\u00e3o no local do evento das 15h \u00e0s 15h40.&nbsp;<\/p>\n\n\n\n<p>Al\u00e9m do concurso, o s\u00e1bado ser\u00e1 marcado por muita divers\u00e3o com a oficina de slime, m\u00e1scaras e tiara, assim como personagens e bandinha de carnaval animando o mall. E a folia continua no domingo, a partir das 16h, com o bailinho e o desfile de carnaval. Ser\u00e3o dois dias de muita divers\u00e3o, anima\u00e7\u00e3o e folia no Garten Shopping.&nbsp;<\/p>\n\n\n\n<p>AGENDA<\/p>\n\n\n\n<p><strong>Carnavalzinho<\/strong><\/p>\n\n\n\n<p><strong>Local:<\/strong> Garten Shopping, em frente \u00e0 C&amp;A<\/p>\n\n\n\n<p><strong>Data:<\/strong> 26 e 27 de fevereiro (s\u00e1bado e domingo)<\/p>\n\n\n\n<p><strong>Hor\u00e1rio:<\/strong> 16h \u00e0s 18h<\/p>\n\n\n\n<p><strong>Valor<\/strong>: Evento Gratuito\u00a0<\/p>\n\n\n\n<p>Fonte: Lilian Philippi<\/p>\n","protected":false},"excerpt":{"rendered":"<p>Dois dias de divers\u00e3o garantida para crian\u00e7as e bichinhos de estima\u00e7\u00e3o Preparem as fantasias porque&#8230;<\/p>\n","protected":false},"author":3,"featured_media":3122,"comment_status":"closed","ping_status":"open","sticky":false,"template":"","format":"standard","meta":{"om_disable_all_campaigns":false,"_monsterinsights_skip_tracking":false,"_monsterinsights_sitenote_active":false,"_monsterinsights_sitenote_note":"","_monsterinsights_sitenote_category":0,"spay_email":""},"categories":[1],"tags":[],"jetpack_featured_media_url":"https:\/\/vimagazine.com.br\/wp-content\/uploads\/2022\/02\/Carnavalzinho_Garten-e1645538466257.jpg","_links":{"self":[{"href":"https:\/\/vimagazine.com.br\/index.php?rest_route=\/wp\/v2\/posts\/3121"}],"collection":[{"href":"https:\/\/vimagazine.com.br\/index.php?rest_route=\/wp\/v2\/posts"}],"about":[{"href":"https:\/\/vimagazine.com.br\/index.php?rest_route=\/wp\/v2\/types\/post"}],"author":[{"embeddable":true,"href":"https:\/\/vimagazine.com.br\/index.php?rest_route=\/wp\/v2\/users\/3"}],"replies":[{"embeddable":true,"href":"https:\/\/vimagazine.com.br\/index.php?rest_route=%2Fwp%2Fv2%2Fcomments&post=3121"}],"version-history":[{"count":1,"href":"https:\/\/vimagazine.com.br\/index.php?rest_route=\/wp\/v2\/posts\/3121\/revisions"}],"predecessor-version":[{"id":3123,"href":"https:\/\/vimagazine.com.br\/index.php?rest_route=\/wp\/v2\/posts\/3121\/revisions\/3123"}],"wp:featuredmedia":[{"embeddable":true,"href":"https:\/\/vimagazine.com.br\/index.php?rest_route=\/wp\/v2\/media\/3122"}],"wp:attachment":[{"href":"https:\/\/vimagazine.com.br\/index.php?rest_route=%2Fwp%2Fv2%2Fmedia&parent=3121"}],"wp:term":[{"taxonomy":"category","embeddable":true,"href":"https:\/\/vimagazine.com.br\/index.php?rest_route=%2Fwp%2Fv2%2Fcategories&post=3121"},{"taxonomy":"post_tag","embeddable":true,"href":"https:\/\/vimagazine.com.br\/index.php?rest_route=%2Fwp%2Fv2%2Ftags&post=3121"}],"curies":[{"name":"wp","href":"https:\/\/api.w.org\/{rel}","templated":true}]}}