{"id":3146,"date":"2022-02-25T11:13:04","date_gmt":"2022-02-25T14:13:04","guid":{"rendered":"https:\/\/vimagazine.com.br\/?p=3146"},"modified":"2022-02-25T11:13:07","modified_gmt":"2022-02-25T14:13:07","slug":"lideres-empresariais","status":"publish","type":"post","link":"https:\/\/vimagazine.com.br\/?p=3146","title":{"rendered":"L\u00edderes empresariais"},"content":{"rendered":"\n<p><\/p>\n\n\n\n<p style=\"font-size:14px\">Adriano Palma, CEO do Faial Prime Su\u00edtes, em evento do LIDE, ao lado do campe\u00e3o ol\u00edmpico Lars Grael. O empres\u00e1rio catarinense foi um dos anfitri\u00f5es do talk exclusivo para l\u00edderes empresariais, realizado em Florian\u00f3polis SC, que prop\u00f4s um bate-papo sobre as novas tend\u00eancias em sa\u00fade, bem-estar, cuidado e prote\u00e7\u00e3o no meio empresarial.<br><\/p>\n\n\n\n<p style=\"font-size:12px\">Foto: Z\u00e9 Somensi<\/p>\n","protected":false},"excerpt":{"rendered":"<p>Adriano Palma, CEO do Faial Prime Su\u00edtes, em evento do LIDE, ao lado do campe\u00e3o&#8230;<\/p>\n","protected":false},"author":1,"featured_media":3147,"comment_status":"closed","ping_status":"open","sticky":false,"template":"","format":"standard","meta":{"om_disable_all_campaigns":false,"_monsterinsights_skip_tracking":false,"_monsterinsights_sitenote_active":false,"_monsterinsights_sitenote_note":"","_monsterinsights_sitenote_category":0,"spay_email":""},"categories":[26],"tags":[],"jetpack_featured_media_url":"https:\/\/vimagazine.com.br\/wp-content\/uploads\/2022\/02\/8bec6e9c-9249-4fee-8ccd-cd96e1544299.jpg","_links":{"self":[{"href":"https:\/\/vimagazine.com.br\/index.php?rest_route=\/wp\/v2\/posts\/3146"}],"collection":[{"href":"https:\/\/vimagazine.com.br\/index.php?rest_route=\/wp\/v2\/posts"}],"about":[{"href":"https:\/\/vimagazine.com.br\/index.php?rest_route=\/wp\/v2\/types\/post"}],"author":[{"embeddable":true,"href":"https:\/\/vimagazine.com.br\/index.php?rest_route=\/wp\/v2\/users\/1"}],"replies":[{"embeddable":true,"href":"https:\/\/vimagazine.com.br\/index.php?rest_route=%2Fwp%2Fv2%2Fcomments&post=3146"}],"version-history":[{"count":1,"href":"https:\/\/vimagazine.com.br\/index.php?rest_route=\/wp\/v2\/posts\/3146\/revisions"}],"predecessor-version":[{"id":3148,"href":"https:\/\/vimagazine.com.br\/index.php?rest_route=\/wp\/v2\/posts\/3146\/revisions\/3148"}],"wp:featuredmedia":[{"embeddable":true,"href":"https:\/\/vimagazine.com.br\/index.php?rest_route=\/wp\/v2\/media\/3147"}],"wp:attachment":[{"href":"https:\/\/vimagazine.com.br\/index.php?rest_route=%2Fwp%2Fv2%2Fmedia&parent=3146"}],"wp:term":[{"taxonomy":"category","embeddable":true,"href":"https:\/\/vimagazine.com.br\/index.php?rest_route=%2Fwp%2Fv2%2Fcategories&post=3146"},{"taxonomy":"post_tag","embeddable":true,"href":"https:\/\/vimagazine.com.br\/index.php?rest_route=%2Fwp%2Fv2%2Ftags&post=3146"}],"curies":[{"name":"wp","href":"https:\/\/api.w.org\/{rel}","templated":true}]}}