{"id":3149,"date":"2022-02-26T10:20:24","date_gmt":"2022-02-26T13:20:24","guid":{"rendered":"https:\/\/vimagazine.com.br\/?p=3149"},"modified":"2022-02-26T13:09:26","modified_gmt":"2022-02-26T16:09:26","slug":"janaina-kais-celebra-o-dia-da-mulher-com-show-inedito","status":"publish","type":"post","link":"https:\/\/vimagazine.com.br\/?p=3149","title":{"rendered":"Janaina Kais celebra o Dia da Mulher com show in\u00e9dito"},"content":{"rendered":"\n<p><strong>\u201cMulher voc\u00ea pode tudo\u201d ter\u00e1 Adryanna Ribeiro e Nil Bernardes como convidados<\/strong><\/p>\n\n\n\n<p>Para celebrar o Dia da Mulher e trazer ainda mais for\u00e7a para essa data t\u00e3o importante, a sertaneja&nbsp;<strong>Janaina Kais<\/strong>&nbsp;apresenta o show \u201cMulher, voc\u00ea pode tudo!. No dia 08 de mar\u00e7o, no Teatro West Plaza, \u00e0s 20h30, o evento que contar\u00e1 com as participa\u00e7\u00f5es especiais de Adryanna Ribeiro e Nil Bernardes, ser\u00e1 uma celebra\u00e7\u00e3o para acolher e homenagear as protagonistas desse dia.<\/p>\n\n\n\n<p>A cantora ir\u00e1 apresentar suas can\u00e7\u00f5es autorais como \u201cMulher pra namorar\u201d, da novela Para\u00edso, exibida na Rede Globo, \u201cEu j\u00e1 sonhava com voc\u00ea\u201d, gravada com a atriz e cantora Fafy Siqueira, e seu mais recente lan\u00e7amento, \u201cMulher Separada\u201d, produzida por Rick Bonadio .<\/p>\n\n\n\n<p>Com um repert\u00f3rio todo estruturado para emocionar e relembrar grandes sucessos, o show tamb\u00e9m ir\u00e1 apresentar cl\u00e1ssicos da m\u00fasica sertaneja, como Paula Fernandes e Mar\u00edlia Mendon\u00e7a.<\/p>\n\n\n\n<p>\u201cEsse evento&nbsp;<em>foi pensado com muito carinho para homenagear e enaltecer todas as mulheres que, entre tantos afazeres do dia a dia, ainda precisam e merecem se sentirem amadas, queridas e mulheres<\/em>\u201d, comenta Janaina que tamb\u00e9m levar\u00e1 ao palco Miguel Kais, seu filhinho de 6 anos.<\/p>\n\n\n\n<p>Com&nbsp;<a href=\"https:\/\/www.ingressoparatodos.com.br\/evento\/mulher_voce_pode_tudo_teatro_west_plaza_shopping_47194\" target=\"_blank\" rel=\"noreferrer noopener\">pre\u00e7o popular<\/a>&nbsp;e 60% de desconto na compra adiantada, a celebra\u00e7\u00e3o tamb\u00e9m contar\u00e1 com a presen\u00e7a de Adryanna Ribeiro, com os sucessos \u201cSaudade Vem\u201d e \u201cFim de Noite\u201d, e Nil Bernardes, o famoso rei do gado. &nbsp;<\/p>\n\n\n\n<p><strong><u>SERVI\u00c7O- Mulher, voc\u00ea pode tudo!<\/u><\/strong><\/p>\n\n\n\n<p><strong>Data:<\/strong>&nbsp;08\/03\/2022<\/p>\n\n\n\n<p><strong>Hor\u00e1rio:<\/strong>&nbsp;20h30<\/p>\n\n\n\n<p><strong>Local:<\/strong>&nbsp;Teatro West Plaza<\/p>\n\n\n\n<p><strong>Endere\u00e7o:<\/strong>&nbsp;Avenida Ant\u00e1rtica, 408 &#8211; \u00c1gua Branca<\/p>\n\n\n\n<p><strong>Valor:<\/strong>&nbsp;R$ 25,00<\/p>\n\n\n<p><strong>Venda online:<\/strong>\u00a0 https:\/\/www.ingressoparatodos.com.br\/evento\/mulher_voce_pode_tudo_teatro_west_plaza_shopping_47194 https:\/\/www.ingressoparatodos.com.br\/evento\/mulher_voce_pode_tudo_teatro_west_plaza_shopping_47194 <!-- \/wp:paragraph -&gt;\"&gt;-->https:\/\/www.ingressoparatodos.com.br\/evento\/mulher_voce_pode_tudo_teatro_west_plaza_shopping_47194<\/p>\n\n\n<p><strong>Contatos Imprensa:<\/strong><strong><\/strong><\/p>\n\n\n\n<p>Carol Freitas Assessoria<\/p>\n\n\n\n<p><\/p>\n\n\n\n<p><a href=\"mailto:Carolfreitas.jornalista@gmail.com\" target=\"_blank\" rel=\"noreferrer noopener\">Carolfreitas.jornalista@gmail.com<\/a><\/p>\n\n\n\n<p>Cr\u00e9dito- Barreiros MKT Digital<\/p>\n\n\n\n<figure class=\"wp-block-image size-large\"><img width=\"1024\" height=\"1024\" src=\"https:\/\/vimagazine.com.br\/wp-content\/uploads\/2022\/02\/banner-1024x1024.jpeg\" alt=\"\" class=\"wp-image-3151\" srcset=\"https:\/\/vimagazine.com.br\/wp-content\/uploads\/2022\/02\/banner-1024x1024.jpeg 1024w, https:\/\/vimagazine.com.br\/wp-content\/uploads\/2022\/02\/banner-300x300.jpeg 300w, https:\/\/vimagazine.com.br\/wp-content\/uploads\/2022\/02\/banner-150x150.jpeg 150w, https:\/\/vimagazine.com.br\/wp-content\/uploads\/2022\/02\/banner-768x768.jpeg 768w, https:\/\/vimagazine.com.br\/wp-content\/uploads\/2022\/02\/banner.jpeg 1080w\" sizes=\"(max-width: 1024px) 100vw, 1024px\" \/><\/figure>\n","protected":false},"excerpt":{"rendered":"<p>\u201cMulher voc\u00ea pode tudo\u201d ter\u00e1 Adryanna Ribeiro e Nil Bernardes como convidados Para celebrar o&#8230;<\/p>\n","protected":false},"author":3,"featured_media":3150,"comment_status":"closed","ping_status":"open","sticky":false,"template":"","format":"standard","meta":{"om_disable_all_campaigns":false,"_monsterinsights_skip_tracking":false,"_monsterinsights_sitenote_active":false,"_monsterinsights_sitenote_note":"","_monsterinsights_sitenote_category":0,"spay_email":""},"categories":[1],"tags":[],"jetpack_featured_media_url":"https:\/\/vimagazine.com.br\/wp-content\/uploads\/2022\/02\/Credito-Barreiros-MKT-Digital.jpg","_links":{"self":[{"href":"https:\/\/vimagazine.com.br\/index.php?rest_route=\/wp\/v2\/posts\/3149"}],"collection":[{"href":"https:\/\/vimagazine.com.br\/index.php?rest_route=\/wp\/v2\/posts"}],"about":[{"href":"https:\/\/vimagazine.com.br\/index.php?rest_route=\/wp\/v2\/types\/post"}],"author":[{"embeddable":true,"href":"https:\/\/vimagazine.com.br\/index.php?rest_route=\/wp\/v2\/users\/3"}],"replies":[{"embeddable":true,"href":"https:\/\/vimagazine.com.br\/index.php?rest_route=%2Fwp%2Fv2%2Fcomments&post=3149"}],"version-history":[{"count":6,"href":"https:\/\/vimagazine.com.br\/index.php?rest_route=\/wp\/v2\/posts\/3149\/revisions"}],"predecessor-version":[{"id":3159,"href":"https:\/\/vimagazine.com.br\/index.php?rest_route=\/wp\/v2\/posts\/3149\/revisions\/3159"}],"wp:featuredmedia":[{"embeddable":true,"href":"https:\/\/vimagazine.com.br\/index.php?rest_route=\/wp\/v2\/media\/3150"}],"wp:attachment":[{"href":"https:\/\/vimagazine.com.br\/index.php?rest_route=%2Fwp%2Fv2%2Fmedia&parent=3149"}],"wp:term":[{"taxonomy":"category","embeddable":true,"href":"https:\/\/vimagazine.com.br\/index.php?rest_route=%2Fwp%2Fv2%2Fcategories&post=3149"},{"taxonomy":"post_tag","embeddable":true,"href":"https:\/\/vimagazine.com.br\/index.php?rest_route=%2Fwp%2Fv2%2Ftags&post=3149"}],"curies":[{"name":"wp","href":"https:\/\/api.w.org\/{rel}","templated":true}]}}