{"id":3160,"date":"2022-02-28T11:11:43","date_gmt":"2022-02-28T14:11:43","guid":{"rendered":"https:\/\/vimagazine.com.br\/?p=3160"},"modified":"2022-02-28T11:21:14","modified_gmt":"2022-02-28T14:21:14","slug":"musical-se-essa-lua-fosse-minha-tera-nova-temporada-em-sao-paulo","status":"publish","type":"post","link":"https:\/\/vimagazine.com.br\/?p=3160","title":{"rendered":"Musical &#8220;Se Essa Lua Fosse Minha&#8221; ter\u00e1 nova temporada em S\u00e3o Paulo"},"content":{"rendered":"\n<p><\/p>\n\n\n\n<figure class=\"wp-block-image size-full\"><img width=\"1000\" height=\"1000\" src=\"https:\/\/vimagazine.com.br\/wp-content\/uploads\/2022\/02\/temporada.jpg\" alt=\"\" class=\"wp-image-3161\" srcset=\"https:\/\/vimagazine.com.br\/wp-content\/uploads\/2022\/02\/temporada.jpg 1000w, https:\/\/vimagazine.com.br\/wp-content\/uploads\/2022\/02\/temporada-300x300.jpg 300w, https:\/\/vimagazine.com.br\/wp-content\/uploads\/2022\/02\/temporada-150x150.jpg 150w, https:\/\/vimagazine.com.br\/wp-content\/uploads\/2022\/02\/temporada-768x768.jpg 768w\" sizes=\"(max-width: 1000px) 100vw, 1000px\" \/><\/figure>\n\n\n\n<p><\/p>\n\n\n\n<p class=\"has-medium-font-size\"><em><strong>Espet\u00e1culo de Vitor Rocha, &#8220;Se Essa Lua Fosse Minha&#8221;, ter\u00e1 nova temporada, \u00e0s ter\u00e7as e quartas, no Teatro Viradalata, em S\u00e3o Paulo.<\/strong><\/em><\/p>\n\n\n\n<p><\/p>\n\n\n\n<p style=\"font-size:14px\">O premiado espet\u00e1culo &#8220;Se Essa Lua Fosse Minha&#8221; segue no palco do Teatro Viradalata, ap\u00f3s integrar a programa\u00e7\u00e3o da Mostra de Teatro Musical Autoral &#8220;Arte \u00c9 Progresso&#8221; o musical ganha nova temporada em mar\u00e7o.<\/p>\n\n\n\n<p style=\"font-size:14px\">Sa\u00eddo de Terrarrosa, uma prov\u00edncia da Espanha, um povo navega pelo oceano em busca de um lugar para construir um novo amanh\u00e3. Eis que lhe \u00e9 apresentada a terra de Porto Leste, uma ilha que para a surpresa de todos j\u00e1 era habitada por um outro povo. A diferen\u00e7a de cren\u00e7as e culturas faz com que uma divis\u00e3o se torne indispens\u00e1vel e uma linha \u00e9 riscada no ch\u00e3o a fim de evitar a guerra. De um lado fica a destemida Leila e do outro o rebelde Iago. Quem \u00e9 que faria um cora\u00e7\u00e3o respeitar uma linha riscada no ch\u00e3o?<\/p>\n\n\n\n<p style=\"font-size:14px\">A lua escuta mais versos de amor do que os pr\u00f3prios amantes. Enquanto isso, da Espanha vem Belisa, predestinada a se casar com ele, da terra vem a flor do alecrim, talvez a solu\u00e7\u00e3o para ela. O lencinho branco cai no ch\u00e3o. O anel que era de vidro e se quebra. Os p\u00e9s virados para tr\u00e1s. Um canto que atrai os homens. Pirulito que tanto bate. A hist\u00f3ria \u00e0s vezes rima, \u00e0s vezes ensina e \u00e0s vezes faz os dois ao mesmo tempo, s\u00e3o dois coelhos numa cajadada s\u00f3!<\/p>\n\n\n\n<p style=\"font-size:14px\">&#8220;Se Essa Lua Fosse Minha&#8221; ter\u00e1 apresenta\u00e7\u00f5es \u00e0s ter\u00e7as e quartas-feiras, \u00e0s 20h30, no Teatro Viradalata, em S\u00e3o Paulo. Os ingressos est\u00e3o \u00e0 venda pelo Sympla.com ou na bilheteria do teatro.<\/p>\n\n\n\n<p style=\"font-size:14px\"><strong>Ficha T\u00e9cnica:<\/strong><\/p>\n\n\n\n<p style=\"font-size:14px\">Idealiza\u00e7\u00e3o, Texto e Letras de&nbsp;VITOR ROCHA<\/p>\n\n\n\n<p style=\"font-size:14px\">M\u00fasicas de&nbsp;ELTON TOWERSEY e VITOR ROCHA<\/p>\n\n\n\n<p style=\"font-size:14px\">Dire\u00e7\u00e3o de&nbsp;VICTORIA ARIANTE<\/p>\n\n\n\n<p style=\"font-size:14px\">Dire\u00e7\u00e3o Musical e Arranjos de&nbsp;ELTON TOWERSEY<\/p>\n\n\n\n<p style=\"font-size:14px\">Dire\u00e7\u00e3o de Movimento e Coreografia de&nbsp;ALBERTO VENCESLAU<\/p>\n\n\n\n<p style=\"font-size:14px\">Prepara\u00e7\u00e3o de Elenco de&nbsp;LENITA PONCE<\/p>\n\n\n\n<p style=\"font-size:14px\">Desenho de Luz de&nbsp;FRAN BARROS&nbsp;<\/p>\n\n\n\n<p style=\"font-size:14px\">Operadora de Luz MARINA GATTI<\/p>\n\n\n\n<p style=\"font-size:14px\">Desenho de Som de&nbsp;PAULO ALTAFIM&nbsp;atrav\u00e9s da&nbsp;AUDIO S.A.<\/p>\n\n\n\n<p style=\"font-size:14px\">Elenco<br>LUCI SALUTES, ARTHUR BERGES, ALINE CUNHA, MARISOL MARCONDES, DAVI T\u00c1PIAS, VITOR ROCHA, DANIEL HAIDAR, FILIPE INACIO, F\u00c1BIO VENTURA, LARISSA CARNEIRO ALBERTO VENCESLAU e FERNANDO LOUREN\u00c7\u00c3O<\/p>\n\n\n\n<p style=\"font-size:14px\">Realiza\u00e7\u00e3o ENCANTO ART\u00cdSTICO&nbsp;e&nbsp;ENXAME PRODU\u00c7\u00d5ES CULTURAIS<\/p>\n\n\n\n<p style=\"font-size:14px\">Produ\u00e7\u00e3o Geral LUIZA PORTO&nbsp;e&nbsp;VITOR ROCHA<\/p>\n\n\n\n<p style=\"font-size:14px\">Produ\u00e7\u00e3o GUSTAVO FL\u00d3&nbsp;e&nbsp;VICTOR MIRANDA<\/p>\n\n\n\n<p style=\"font-size:14px\">Assessoria de Imprensa MAY CALIXTO por UNIC\u00d3RNIO ASSESSORIA E M\u00cdDIA<\/p>\n\n\n\n<p style=\"font-size:14px\"><strong>Servi\u00e7o:<\/strong><\/p>\n\n\n\n<p style=\"font-size:14px\"><em>&#8220;Se Essa Lua Fosse Minha&#8221;<\/em><\/p>\n\n\n\n<p style=\"font-size:14px\">Teatro Viradalata (Rua Apinaj\u00e9s, 1387 \u2013 Sumar\u00e9. S\u00e3o Paulo\/SP)&nbsp;<\/p>\n\n\n\n<p style=\"font-size:14px\">Estreia 08 de mar\u00e7o de 2022<\/p>\n\n\n\n<p style=\"font-size:14px\">Curta temporada at\u00e9 30 de mar\u00e7o de 2022<\/p>\n\n\n\n<p style=\"font-size:14px\">Ter\u00e7as e quartas-feiras, \u00e0s 20h30<\/p>\n\n\n\n<p style=\"font-size:14px\">Ingressos:<\/p>\n\n\n\n<p style=\"font-size:14px\">PLATEIA<\/p>\n\n\n\n<p style=\"font-size:14px\">R$80,00 (inteira) e R$40,00 (meia)<\/p>\n\n\n\n<p style=\"font-size:14px\">BALC\u00c3O<\/p>\n\n\n\n<p style=\"font-size:14px\">R$70,00 (inteira) e R$35,00 (meia)<\/p>\n\n\n\n<p style=\"font-size:14px\">Vendas de ingressos:&nbsp;<a href=\"https:\/\/bileto.sympla.com.br\/event\/71674\/d\/127682\" target=\"_blank\" rel=\"noreferrer noopener\">https:\/\/bileto.sympla.com.br\/event\/71674\/d\/127682<\/a><\/p>\n\n\n\n<p style=\"font-size:14px\">G\u00eanero: Musical<\/p>\n\n\n\n<p style=\"font-size:14px\">Dura\u00e7\u00e3o: 140 min.<\/p>\n\n\n\n<p style=\"font-size:14px\">Classifica\u00e7\u00e3o et\u00e1ria:&nbsp;12 anos&nbsp;<\/p>\n\n\n\n<p style=\"font-size:14px\"><strong>Ponto de Venda sem Taxa de Conveni\u00eancia:&nbsp;<\/strong><\/p>\n\n\n\n<p style=\"font-size:14px\">Teatro Viradalata &#8211; Rua Apinaj\u00e9s, 1387 &#8211; Sumar\u00e9, S\u00e3o Paulo &#8211; SP<\/p>\n\n\n\n<p style=\"font-size:14px\">Informa\u00e7\u00e3o: (11) 3868-2535&nbsp;<\/p>\n\n\n\n<p style=\"font-size:14px\">Hor\u00e1rio de atendimento ao p\u00fablico:&nbsp;<\/p>\n\n\n\n<p style=\"font-size:14px\">sexta &#8211; das 19h at\u00e9 22h<\/p>\n\n\n\n<p style=\"font-size:14px\">s\u00e1bados &#8211; das 19h at\u00e9 22h&nbsp;<\/p>\n\n\n\n<p style=\"font-size:14px\">domingos &#8211; das 17h at\u00e9 20h<\/p>\n\n\n\n<p style=\"font-size:14px\"><strong>*Abertura da bilheteria:<\/strong>&nbsp;duas horas antes do espet\u00e1culo&nbsp;<\/p>\n\n\n\n<p style=\"font-size:14px\"><strong>Informa\u00e7\u00f5es sobre meia entrada \u2013 50% de desconto<\/strong>&nbsp;<\/p>\n\n\n\n<p style=\"font-size:14px\">O benef\u00edcio da meia-entrada \u00e9 concedido, mediante a apresenta\u00e7\u00e3o do comprovante, a estudantes; idosos (pessoas com mais de 60 anos); jovens pertencentes a fam\u00edlia de baixa renda com idades de 15 a 29 anos; pessoas com defici\u00eancia e acompanhante, quando necess\u00e1rio; diretores, coordenadores, pedag\u00f3gicos, supervisores e titulares de cargos do quadro de apoio das escolas das redes estadual e municipais; e professores da rede p\u00fablica estadual e das redes municipais de ensino.<\/p>\n","protected":false},"excerpt":{"rendered":"<p>Espet\u00e1culo de Vitor Rocha, &#8220;Se Essa Lua Fosse Minha&#8221;, ter\u00e1 nova temporada, \u00e0s ter\u00e7as e&#8230;<\/p>\n","protected":false},"author":1,"featured_media":3161,"comment_status":"closed","ping_status":"open","sticky":false,"template":"","format":"standard","meta":{"om_disable_all_campaigns":false,"_monsterinsights_skip_tracking":false,"_monsterinsights_sitenote_active":false,"_monsterinsights_sitenote_note":"","_monsterinsights_sitenote_category":0,"spay_email":""},"categories":[1],"tags":[],"jetpack_featured_media_url":"https:\/\/vimagazine.com.br\/wp-content\/uploads\/2022\/02\/temporada.jpg","_links":{"self":[{"href":"https:\/\/vimagazine.com.br\/index.php?rest_route=\/wp\/v2\/posts\/3160"}],"collection":[{"href":"https:\/\/vimagazine.com.br\/index.php?rest_route=\/wp\/v2\/posts"}],"about":[{"href":"https:\/\/vimagazine.com.br\/index.php?rest_route=\/wp\/v2\/types\/post"}],"author":[{"embeddable":true,"href":"https:\/\/vimagazine.com.br\/index.php?rest_route=\/wp\/v2\/users\/1"}],"replies":[{"embeddable":true,"href":"https:\/\/vimagazine.com.br\/index.php?rest_route=%2Fwp%2Fv2%2Fcomments&post=3160"}],"version-history":[{"count":1,"href":"https:\/\/vimagazine.com.br\/index.php?rest_route=\/wp\/v2\/posts\/3160\/revisions"}],"predecessor-version":[{"id":3162,"href":"https:\/\/vimagazine.com.br\/index.php?rest_route=\/wp\/v2\/posts\/3160\/revisions\/3162"}],"wp:featuredmedia":[{"embeddable":true,"href":"https:\/\/vimagazine.com.br\/index.php?rest_route=\/wp\/v2\/media\/3161"}],"wp:attachment":[{"href":"https:\/\/vimagazine.com.br\/index.php?rest_route=%2Fwp%2Fv2%2Fmedia&parent=3160"}],"wp:term":[{"taxonomy":"category","embeddable":true,"href":"https:\/\/vimagazine.com.br\/index.php?rest_route=%2Fwp%2Fv2%2Fcategories&post=3160"},{"taxonomy":"post_tag","embeddable":true,"href":"https:\/\/vimagazine.com.br\/index.php?rest_route=%2Fwp%2Fv2%2Ftags&post=3160"}],"curies":[{"name":"wp","href":"https:\/\/api.w.org\/{rel}","templated":true}]}}