{"id":3287,"date":"2022-03-01T00:58:27","date_gmt":"2022-03-01T03:58:27","guid":{"rendered":"https:\/\/vimagazine.com.br\/?p=3287"},"modified":"2022-03-01T01:04:54","modified_gmt":"2022-03-01T04:04:54","slug":"atriz-e-bailarina-desiree-oliveira-e-capa-da-vi-magazine-na-edicao-de-marco-especial-ao-dia-da-mulher","status":"publish","type":"post","link":"https:\/\/vimagazine.com.br\/?p=3287","title":{"rendered":"Atriz e bailarina DESIR\u00c9E OLIVEIRA \u00e9 capa da Vi MAGAZINE na edi\u00e7\u00e3o de mar\u00e7o Especial ao Dia da Mulher"},"content":{"rendered":"\n<p><\/p>\n\n\n\n<p class=\"has-normal-font-size\">Mar\u00e7o simboliza o final do primeiro<br>trimestre do ano, com ele a Vi MAGAZINE<br>traz a terceira edi\u00e7\u00e3o todinha preparada<br>\u00e0s MULHERES pelo seu dia, ou melhor,<br>pelo seu m\u00eas. Tudo foi feito e pensado<br>com muito carinho.<br>O Dia Internacional da Mulher \u00e9 comemorado anualmente no dia 8 de<br>mar\u00e7o, e \u00e9 um marco na luta pela afirma\u00e7\u00e3o de sua dignidade e contra<br>todas as formas de v iol\u00eanc ia e discrimina\u00e7\u00e3o. Por isso, \u00e9 importante<br>recordar a hist\u00f3ria dessas lutas lembradas nessa data e celebrar as<br>vit\u00f3rias. Muito j\u00e1 se sabe sobre a hist\u00f3ria e as batalhas pelas conquistas que as mulheres v\u00eam buscando ao longo<br>destes anos. No entanto, queremos nesta edi\u00e7\u00e3o fazer uma homenagem a todas que simbolizam essa trajet\u00f3ria de supera\u00e7\u00e3o, de dedica\u00e7\u00e3o e das a\u00e7\u00f5es por seus direitos, no decorrer dos tempos.<br><\/p>\n\n\n\n<p class=\"has-normal-font-size\">Eu poderia aqui enumerar v\u00e1rias can\u00e7\u00f5es que descrevem sobre a mulher:<br>\u201cMulher \u00e9 um bicho esquisito\u2026\u201d<br>\u201cMulher, Mulher, que escola que voc\u00ea foi ensinada\u2026\u201d<br>\u201cDizem que a mulher \u00e9 o sexo fr\u00e1gil, mas que menra absurda\u2026\u201d<br>\u201cDona! N\u00e3o h\u00e1 pedra em teu caminho. N\u00e3o h\u00e1 ondas no teu mar\u2026\u201d<br><\/p>\n\n\n\n<p class=\"has-text-align-left has-normal-font-size\">Mas, para descreve-las \u00e9 preciso ter a sensibilidade. Quem as v\u00ea apenas<br>por fora n\u00e3o sente a for\u00e7a que tem uma mulher. Todas t\u00eam no seu \u00ednmo<br>um sexto sendo maior que a raz\u00e3o. Afinal, ser mulher \u00e9 muito mais que<br>apenas um g\u00eanero, \u00e9 poder e determina\u00e7\u00e3o.<br>Ent\u00e3o, n\u00e3o somente hoje, mas todos os dias, a Vi MAGAZINE deseja que<br>voc\u00ea seja reconhecida e sempre amada.<br><\/p>\n\n\n\n<p class=\"has-text-align-left has-normal-font-size\">Em suas duas faces; a Bela e a Fera.<br>Por isso, n\u00e3o provoque\u2026 \u00c9 cor de rosa choque!<\/p>\n\n\n\n<p class=\"has-text-align-left\" style=\"font-size:14px\"><br><em><strong>Viviane de Oliveira &#8211; Diretora\/presidente Vi MAGAZINE<\/strong><\/em><\/p>\n\n\n\n<p class=\"has-text-align-left has-medium-font-size\"><br><br>Acompanhe a edi\u00e7\u00e3o completa no menu REVISTAS ou no Link: <a href=\"https:\/\/vimagazine.com.br\/?page_id=629\">https:\/\/vimagazine.com.br\/?page_id=629<\/a> <\/p>\n\n\n\n<p><\/p>\n\n\n\n<p><\/p>\n","protected":false},"excerpt":{"rendered":"<p>Mar\u00e7o simboliza o final do primeirotrimestre do ano, com ele a Vi MAGAZINEtraz a terceira&#8230;<\/p>\n","protected":false},"author":1,"featured_media":3289,"comment_status":"closed","ping_status":"open","sticky":false,"template":"","format":"standard","meta":{"om_disable_all_campaigns":false,"_monsterinsights_skip_tracking":false,"_monsterinsights_sitenote_active":false,"_monsterinsights_sitenote_note":"","_monsterinsights_sitenote_category":0,"spay_email":""},"categories":[1],"tags":[],"jetpack_featured_media_url":"https:\/\/vimagazine.com.br\/wp-content\/uploads\/2022\/03\/CAPA_portal.jpg","_links":{"self":[{"href":"https:\/\/vimagazine.com.br\/index.php?rest_route=\/wp\/v2\/posts\/3287"}],"collection":[{"href":"https:\/\/vimagazine.com.br\/index.php?rest_route=\/wp\/v2\/posts"}],"about":[{"href":"https:\/\/vimagazine.com.br\/index.php?rest_route=\/wp\/v2\/types\/post"}],"author":[{"embeddable":true,"href":"https:\/\/vimagazine.com.br\/index.php?rest_route=\/wp\/v2\/users\/1"}],"replies":[{"embeddable":true,"href":"https:\/\/vimagazine.com.br\/index.php?rest_route=%2Fwp%2Fv2%2Fcomments&post=3287"}],"version-history":[{"count":2,"href":"https:\/\/vimagazine.com.br\/index.php?rest_route=\/wp\/v2\/posts\/3287\/revisions"}],"predecessor-version":[{"id":3291,"href":"https:\/\/vimagazine.com.br\/index.php?rest_route=\/wp\/v2\/posts\/3287\/revisions\/3291"}],"wp:featuredmedia":[{"embeddable":true,"href":"https:\/\/vimagazine.com.br\/index.php?rest_route=\/wp\/v2\/media\/3289"}],"wp:attachment":[{"href":"https:\/\/vimagazine.com.br\/index.php?rest_route=%2Fwp%2Fv2%2Fmedia&parent=3287"}],"wp:term":[{"taxonomy":"category","embeddable":true,"href":"https:\/\/vimagazine.com.br\/index.php?rest_route=%2Fwp%2Fv2%2Fcategories&post=3287"},{"taxonomy":"post_tag","embeddable":true,"href":"https:\/\/vimagazine.com.br\/index.php?rest_route=%2Fwp%2Fv2%2Ftags&post=3287"}],"curies":[{"name":"wp","href":"https:\/\/api.w.org\/{rel}","templated":true}]}}