{"id":3373,"date":"2022-03-03T11:21:18","date_gmt":"2022-03-03T14:21:18","guid":{"rendered":"https:\/\/vimagazine.com.br\/?p=3373"},"modified":"2022-03-03T11:21:23","modified_gmt":"2022-03-03T14:21:23","slug":"dani-novelli-abre-show-do-tarcisio-do-acordeon-em-massachusetts","status":"publish","type":"post","link":"https:\/\/vimagazine.com.br\/?p=3373","title":{"rendered":"Dani Novelli abre show do Tarcisio do Acordeon em Massachusetts"},"content":{"rendered":"\n<p>A cantora e compositora&nbsp;<strong>Dani Novelli<\/strong>, artista revela\u00e7\u00e3o da comunidade brasileira nos EUA, que est\u00e1 na Fl\u00f3rida curtindo uns dias de folga, se apresenta no pr\u00f3ximo dia 06 de mar\u00e7o&nbsp;no Victoria Hall em Woburn &#8211; MA, abrindo o show do cantor&nbsp;<strong>&nbsp;Tarc\u00edsio do Acordeon<\/strong>&nbsp;que est\u00e1 realizando tour nos EUA,&nbsp;O evento em Massachusetts ser\u00e1 promovido pela&nbsp;<strong>Boston Strong.<\/strong><strong><\/strong><\/p>\n\n\n\n<p><strong><em>&#8220;Vai ser um prazer enorme abrir o show do Tarc\u00edsio do Acordeon, al\u00e9m de cantar tamb\u00e9m vou curtir muito o show dele, n\u00e3o vai&nbsp; ter como ficar parada&#8221;. Comenta.<\/em><\/strong><\/p>\n\n\n\n<p>A carioca&nbsp; que mora h\u00e1 seis anos em Massachusetts &#8211; EUA, tem se destacado em suas apresenta\u00e7\u00f5es para a comunidade brasileira que vive no pa\u00eds. Nos \u00faltimos dois anos, Dani Novelli abriu os shows de grandes nomes da m\u00fasica brasileira, tais como: Elba Ramalho, Matheus &amp; Kauan , Israel &nbsp;Novaes, Saia Rodada , Simone e Simaria, Bar\u00f5es da Pisadinha, DJ Guuga , Mc Hariel entre outros.<\/p>\n\n\n\n<p>Entre os videoclipes lan\u00e7ados podemos destacar \u201cNa Am\u00e9rica \u00e9 Assim\u201d e \u201cVou te dar Perdido\u201d.&nbsp;Dani Novelli est\u00e1 em est\u00fadio produzindo seu novo EP e promete lan\u00e7ar suas m\u00fasicas autorais no primeiro semestre de 2022.<\/p>\n\n\n\n<p>A artista declara que n\u00e3o foi f\u00e1cil seu come\u00e7o fora do Brasil, mas aos poucos foi trilhando seu caminho&nbsp; sempre focada em seus objetivos.&nbsp;<strong><em>O ano de 2022 \u00e9 &nbsp;para mim um ano de mudan\u00e7as e novas prioridades! Enfatiza<\/em><\/strong><\/p>\n\n\n\n<p><strong>Para saber mais acesse:<\/strong><\/p>\n\n\n\n<figure class=\"wp-block-embed\"><div class=\"wp-block-embed__wrapper\">\nhttps:\/\/instagram.com\/dani.novelli\n<\/div><\/figure>\n\n\n\n<figure class=\"wp-block-embed is-type-video is-provider-youtube wp-block-embed-youtube wp-embed-aspect-16-9 wp-has-aspect-ratio\"><div class=\"wp-block-embed__wrapper\">\n<iframe loading=\"lazy\" title=\"Dani Novelli - Vou te dar Perdido\" width=\"640\" height=\"360\" src=\"https:\/\/www.youtube.com\/embed\/DuvK6cKKL9Q?feature=oembed\" frameborder=\"0\" allow=\"accelerometer; autoplay; clipboard-write; encrypted-media; gyroscope; picture-in-picture\" allowfullscreen><\/iframe>\n<\/div><\/figure>\n\n\n\n<figure class=\"wp-block-embed is-type-video is-provider-youtube wp-block-embed-youtube wp-embed-aspect-16-9 wp-has-aspect-ratio\"><div class=\"wp-block-embed__wrapper\">\n<iframe loading=\"lazy\" title=\"Emocionante: M\u00e3e e filha cantam Cobaia em show nos EUA\" width=\"640\" height=\"360\" src=\"https:\/\/www.youtube.com\/embed\/XtCJYZxmirU?feature=oembed\" frameborder=\"0\" allow=\"accelerometer; autoplay; clipboard-write; encrypted-media; gyroscope; picture-in-picture\" allowfullscreen><\/iframe>\n<\/div><\/figure>\n\n\n\n<p>\u00a0 \u00a0\u00a0Assessoria de Imprensa\/ Divulga\u00e7\u00e3o TV<br><strong>\u00a0\u00a0Fernanda Lara Rocca\u00a0<\/strong><br>\u00a0Instagram:@fernanda.l.rocca<a href=\"http:\/\/twitter.com\/FernandaLara01\" target=\"_blank\" rel=\"noreferrer noopener\">twitter:@FernandaLara01<\/a><a href=\"https:\/\/www.facebook.com\/fernanda.l.rocca\" target=\"_blank\" rel=\"noreferrer noopener\">https:\/\/www.facebook.com\/fernanda.l.rocca<\/a><\/p>\n","protected":false},"excerpt":{"rendered":"<p>A cantora e compositora&nbsp;Dani Novelli, artista revela\u00e7\u00e3o da comunidade brasileira nos EUA, que est\u00e1 na&#8230;<\/p>\n","protected":false},"author":3,"featured_media":3374,"comment_status":"closed","ping_status":"open","sticky":false,"template":"","format":"standard","meta":{"om_disable_all_campaigns":false,"_monsterinsights_skip_tracking":false,"_monsterinsights_sitenote_active":false,"_monsterinsights_sitenote_note":"","_monsterinsights_sitenote_category":0,"spay_email":""},"categories":[1],"tags":[],"jetpack_featured_media_url":"https:\/\/vimagazine.com.br\/wp-content\/uploads\/2022\/03\/IMG-20211129-WA0245-1-e1646317202458.jpg","_links":{"self":[{"href":"https:\/\/vimagazine.com.br\/index.php?rest_route=\/wp\/v2\/posts\/3373"}],"collection":[{"href":"https:\/\/vimagazine.com.br\/index.php?rest_route=\/wp\/v2\/posts"}],"about":[{"href":"https:\/\/vimagazine.com.br\/index.php?rest_route=\/wp\/v2\/types\/post"}],"author":[{"embeddable":true,"href":"https:\/\/vimagazine.com.br\/index.php?rest_route=\/wp\/v2\/users\/3"}],"replies":[{"embeddable":true,"href":"https:\/\/vimagazine.com.br\/index.php?rest_route=%2Fwp%2Fv2%2Fcomments&post=3373"}],"version-history":[{"count":1,"href":"https:\/\/vimagazine.com.br\/index.php?rest_route=\/wp\/v2\/posts\/3373\/revisions"}],"predecessor-version":[{"id":3375,"href":"https:\/\/vimagazine.com.br\/index.php?rest_route=\/wp\/v2\/posts\/3373\/revisions\/3375"}],"wp:featuredmedia":[{"embeddable":true,"href":"https:\/\/vimagazine.com.br\/index.php?rest_route=\/wp\/v2\/media\/3374"}],"wp:attachment":[{"href":"https:\/\/vimagazine.com.br\/index.php?rest_route=%2Fwp%2Fv2%2Fmedia&parent=3373"}],"wp:term":[{"taxonomy":"category","embeddable":true,"href":"https:\/\/vimagazine.com.br\/index.php?rest_route=%2Fwp%2Fv2%2Fcategories&post=3373"},{"taxonomy":"post_tag","embeddable":true,"href":"https:\/\/vimagazine.com.br\/index.php?rest_route=%2Fwp%2Fv2%2Ftags&post=3373"}],"curies":[{"name":"wp","href":"https:\/\/api.w.org\/{rel}","templated":true}]}}