{"id":3385,"date":"2022-03-03T22:34:25","date_gmt":"2022-03-04T01:34:25","guid":{"rendered":"https:\/\/vimagazine.com.br\/?p=3385"},"modified":"2022-03-03T22:34:44","modified_gmt":"2022-03-04T01:34:44","slug":"disney-in-concert-as-musicas-de-seus-filmes-favoritos","status":"publish","type":"post","link":"https:\/\/vimagazine.com.br\/?p=3385","title":{"rendered":"Disney in Concert &#8211; As M\u00fasicas de Seus Filmes Favoritos"},"content":{"rendered":"\n<p><\/p>\n\n\n\n<p style=\"font-size:22px\"><em><strong>MINIST\u00c9RIO DO TURISMO e GRUPO ZAFFARI apresentam<\/strong><\/em><\/p>\n\n\n\n<p style=\"font-size:21px\"><strong>\u201cDISNEY IN CONCERT&#8217;\u2019 AS M\u00daSICAS DE SEUS FILMES FAVORITOS VOLTA AO BRASIL EM MAR\u00c7O PARA APRESENTA\u00c7\u00d5ES NO TEATRO BRADESCO EM S\u00c3O PAULO. OS INGRESSOS J\u00c1 EST\u00c3O \u00c0 VENDA NO SITE E NAS BILHETERIAS F\u00cdSICAS<\/strong><\/p>\n\n\n\n<p><\/p>\n\n\n\n<p>Espet\u00e1culo apresenta m\u00fasicas de filmes cl\u00e1ssicos e atuais da Disney executadas por uma orquestra e com proje\u00e7\u00f5es incr\u00edveis em um tel\u00e3o. A estreia acontece no dia 10 de mar\u00e7o e os ingressos j\u00e1 est\u00e3o \u00e0 venda no site e nas bilheterias f\u00edsicas.<\/p>\n\n\n\n<p>S\u00e3o Paulo, 01 de fevereiro &#8211; As melodias inesquec\u00edveis de filmes da Disney fazem parte da&nbsp;vida de diversas gera\u00e7\u00f5es de adultos e crian\u00e7as. E, a partir de 10 de mar\u00e7o, f\u00e3s de todas as idades poder\u00e3o experimentar essas m\u00fasicas em um formato m\u00e1gico, com a temporada de Disney in Concert &#8211; As M\u00fasicas de Seus Filmes Favoritos ao Vivo em S\u00e3o Paulo no Teatro Bradesco (Bourbon Shopping).<\/p>\n\n\n\n<p>As 20 m\u00fasicas do espet\u00e1culo s\u00e3o executadas pela Orquestra Sinf\u00f4nica Villa Lobos, que conta com 66 m\u00fasicos, m\u00fasicas e cantores (as) l\u00edricos (as) regidos (as) pelo maestro Adriano Machado. Al\u00e9m das vers\u00f5es orquestradas das can\u00e7\u00f5es cl\u00e1ssicas da Disney, o espet\u00e1culo conta tamb\u00e9m com imagens dos filmes projetadas em um tel\u00e3o LED, levando o p\u00fablico por uma viagem aos filmes mais queridos da Disney e passando por trilhas de A Bela e a Fera, A Pequena Sereia, Aladdin, O Rei Le\u00e3o, Mary Poppins e tamb\u00e9m pelos mais atuais como Frozen e Frozen 2, Moana, Enrolados e Piratas do Caribe.<br>O p\u00fablico entrar\u00e1 em uma verdadeira sinfonia da imagina\u00e7\u00e3o, com uma cenografia m\u00e1gica, que permite diversos espa\u00e7os para as proje\u00e7\u00f5es, criando uma sensa\u00e7\u00e3o de imers\u00e3o no mundo m\u00e1gico Disney.<\/p>\n\n\n\n<p>Estrelando o espet\u00e1culo, o elenco de solistas \u00e9 formado por grandes nomes do teatro musical como:<\/p>\n\n\n\n<p>Fabi Bang (&#8220;Melhor Atriz&#8221; do Pr\u00eamio Bibi Ferreira pelo musical &#8220;Wicked&#8221;)<\/p>\n\n\n\n<p>Myra Ruiz (Elphaba em &#8220;Wicked&#8221;)<\/p>\n\n\n\n<p>Bianca Tadini (Wendy em &#8220;Peter Pan&#8221;\/ swing e cover de Madame Giry em &#8220;O Fantasma da \u00d3pera&#8221;)<\/p>\n\n\n\n<p>Aline Serra (&#8220;Charlie &#8211; O Musical&#8221;)<\/p>\n\n\n\n<p>Anna Akisue (Semifinalista The Voice Brasil 16)&nbsp; &nbsp; &nbsp; &nbsp; &nbsp; &nbsp; &nbsp; &nbsp; &nbsp; &nbsp; &nbsp; &nbsp; &nbsp; &nbsp; &nbsp; &nbsp; &nbsp; &nbsp; &nbsp; &nbsp; &nbsp; &nbsp; &nbsp; &nbsp; &nbsp; &nbsp; &nbsp; &nbsp; &nbsp; &nbsp; &nbsp; &nbsp; &nbsp; &nbsp; &nbsp; &nbsp; &nbsp; &nbsp; &nbsp; &nbsp; &nbsp; &nbsp; &nbsp; &nbsp; &nbsp; &nbsp; &nbsp; &nbsp; &nbsp; &nbsp; &nbsp; &nbsp; &nbsp; &nbsp; &nbsp; &nbsp;<\/p>\n\n\n\n<p>Leonardo Wagner (&#8220;Les Mis\u00e9rables&#8221;, Jesus e Judas em &#8220;Jesus Cristo Superstar&#8221;)<\/p>\n\n\n\n<p>Beto Sargentelli (Tony Elliot em &#8220;Billy Elliot&#8221;, Zez\u00e9 di Camargo em &#8220;Dois Filhos de Francisco&#8221;)&nbsp; &nbsp; &nbsp; &nbsp; &nbsp; &nbsp; &nbsp; &nbsp; &nbsp; &nbsp; &nbsp; &nbsp; &nbsp; &nbsp; &nbsp; &nbsp; &nbsp; &nbsp; &nbsp; &nbsp; &nbsp; &nbsp; &nbsp;<\/p>\n\n\n\n<p>Carlos J\u00fanior (&#8220;O Rei Le\u00e3o&#8221;, The Voice Brasil 2020)<\/p>\n\n\n\n<p>Andr\u00e9 Torquato (Adam e Felicia em &#8220;Priscilla, Rainha do Deserto&#8221;, Espantalho em &#8220;O M\u00e1gico de Oz&#8221;)<\/p>\n\n\n\n<p>Felipe Hideki (&#8220;O Musical da Passarinha&#8221;)<\/p>\n\n\n\n<hr class=\"wp-block-separator\"\/>\n\n\n\n<p>Os ingressos, que custam a partir de R$50,00 (Cinquenta Reais), podem ser adquiridos pelo site da uhuu.com e bilheterias dos Teatros Bradesco e Opus Frei Caneca. Disney in Concert &#8211; As M\u00fasicas de Seus Filmes Favoritos ao Vivo em S\u00e3o Paulo \u00e9 apresentado por Minist\u00e9rio do Turismo e Grupo Zaffari.<\/p>\n\n\n\n<hr class=\"wp-block-separator\"\/>\n\n\n\n<p>O espet\u00e1culo est\u00e1 seguindo todos os protocolos de seguran\u00e7a e higiene da OMS e do Estado de S\u00e3o Paulo. A quantidade de pessoas deve respeitar as recomenda\u00e7\u00f5es de distanciamento social e uso de m\u00e1scaras.<\/p>\n\n\n\n<p><\/p>\n\n\n\n<p style=\"font-size:21px\"><strong>SOBRE MAESTRO ADRIANO MACHADO E ORQUESTRA SINF\u00d4NICA VILLA LOBOS<\/strong><br><\/p>\n\n\n\n<figure class=\"wp-container-2 wp-block-gallery-1 wp-block-gallery columns-2 is-cropped\"><ul class=\"blocks-gallery-grid\"><li class=\"blocks-gallery-item\"><figure><img width=\"1024\" height=\"588\" src=\"https:\/\/vimagazine.com.br\/wp-content\/uploads\/2022\/03\/03_-1024x588.jpg\" alt=\"\" data-id=\"3386\" data-link=\"https:\/\/vimagazine.com.br\/?attachment_id=3386\" class=\"wp-image-3386\" srcset=\"https:\/\/vimagazine.com.br\/wp-content\/uploads\/2022\/03\/03_-1024x588.jpg 1024w, https:\/\/vimagazine.com.br\/wp-content\/uploads\/2022\/03\/03_-300x172.jpg 300w, https:\/\/vimagazine.com.br\/wp-content\/uploads\/2022\/03\/03_-768x441.jpg 768w, https:\/\/vimagazine.com.br\/wp-content\/uploads\/2022\/03\/03_.jpg 1121w\" sizes=\"(max-width: 1024px) 100vw, 1024px\" \/><\/figure><\/li><li class=\"blocks-gallery-item\"><figure><img width=\"838\" height=\"850\" src=\"https:\/\/vimagazine.com.br\/wp-content\/uploads\/2022\/03\/12_.jpg\" alt=\"\" data-id=\"3388\" data-link=\"https:\/\/vimagazine.com.br\/?attachment_id=3388\" class=\"wp-image-3388\" srcset=\"https:\/\/vimagazine.com.br\/wp-content\/uploads\/2022\/03\/12_.jpg 838w, https:\/\/vimagazine.com.br\/wp-content\/uploads\/2022\/03\/12_-296x300.jpg 296w, https:\/\/vimagazine.com.br\/wp-content\/uploads\/2022\/03\/12_-768x779.jpg 768w\" sizes=\"(max-width: 838px) 100vw, 838px\" \/><\/figure><\/li><li class=\"blocks-gallery-item\"><figure><img width=\"931\" height=\"692\" src=\"https:\/\/vimagazine.com.br\/wp-content\/uploads\/2022\/03\/02_.jpg\" alt=\"\" data-id=\"3389\" data-full-url=\"https:\/\/vimagazine.com.br\/wp-content\/uploads\/2022\/03\/02_.jpg\" data-link=\"https:\/\/vimagazine.com.br\/?attachment_id=3389\" class=\"wp-image-3389\" srcset=\"https:\/\/vimagazine.com.br\/wp-content\/uploads\/2022\/03\/02_.jpg 931w, https:\/\/vimagazine.com.br\/wp-content\/uploads\/2022\/03\/02_-300x223.jpg 300w, https:\/\/vimagazine.com.br\/wp-content\/uploads\/2022\/03\/02_-768x571.jpg 768w\" sizes=\"(max-width: 931px) 100vw, 931px\" \/><\/figure><\/li><\/ul><\/figure>\n\n\n\n<p><br>Fundada em 2002 pelo Maestro Adriano Machado, a Orquestra Sinf\u00f4nica Villa Lobos completa 22 anos de exist\u00eancia, reafirmando o compromisso que lhe deu origem: interpretar a m\u00fasicas sinf\u00f4nicas de forma inovadora com o objetivo de aproximar novos p\u00fablicos da m\u00fasica de concerto. Hoje o maestro Adriano conta com o respeito do cen\u00e1rio musical atrav\u00e9s de uma carreira bem diversificada como maestro, violinista e arranjador, e sua forma\u00e7\u00e3o se espalha pelos campos da m\u00fasica e empreendedorismo. Ao longo dos anos, conduziu muitas produ\u00e7\u00f5es em alguns dos teatros mais prestigiados do Brasil. Sua tecnicidade o levou n\u00e3o s\u00f3 \u00e0s maiores produ\u00e7\u00f5es da m\u00fasica cl\u00e1ssica, mas tamb\u00e9m aos palcos musicais da cena popular, incluindo grandes concertos cinematogr\u00e1ficos, onde a orquestra sinf\u00f4nica \u00e9 protagonista na performance ao vivo de grandes filmes.<\/p>\n\n\n\n<p>Maestro e violinista Adriano Machado desenvolve na m\u00fasica uma fus\u00e3o entre a eleg\u00e2ncia da m\u00fasica cl\u00e1ssica e a descontra\u00e7\u00e3o da m\u00fasica popular ,fazendo de seu trabalho refer\u00eancia por onde passa.<br><br><\/p>\n\n\n\n<figure class=\"wp-block-image size-full\"><img width=\"956\" height=\"428\" src=\"https:\/\/vimagazine.com.br\/wp-content\/uploads\/2022\/03\/974514_547087325363164_1584738417_n-2.jpg\" alt=\"\" class=\"wp-image-3390\" srcset=\"https:\/\/vimagazine.com.br\/wp-content\/uploads\/2022\/03\/974514_547087325363164_1584738417_n-2.jpg 956w, https:\/\/vimagazine.com.br\/wp-content\/uploads\/2022\/03\/974514_547087325363164_1584738417_n-2-300x134.jpg 300w, https:\/\/vimagazine.com.br\/wp-content\/uploads\/2022\/03\/974514_547087325363164_1584738417_n-2-768x344.jpg 768w\" sizes=\"(max-width: 956px) 100vw, 956px\" \/><\/figure>\n\n\n\n<h2>BIOGRAFIA &#8211; Adriano Machado <\/h2>\n\n\n\n<p>Maestro e violinista, estudou com os professores Jo\u00e3o Del Fiol, Wanderley Pizzigatti, Paulo Bos\u00edsio, mas sua grande influ\u00eancia foi o c\u00e9lebre violinista Natan Schwartzmann (aluno de Ivan Galamian).&nbsp;Virtuose, com uma sonoridade incompar\u00e1vel, t\u00e9cnica excepcional&nbsp;elogiada pelos maiores m\u00fasicos de sua \u00e9poca, fez Adriano vencer v\u00e1rios concursos dos quais participou.<\/p>\n\n\n\n<p>Ter estudado com Natan proporcionou-lhe uma forma\u00e7\u00e3o que sempre o colocou entre os mais bem preparados m\u00fasicos do Brasil, dando-lhe a oportunidade de freq\u00fcentar classes com professores como Ayla Erduran (Turquia) e Ion Voicu (Rom\u00eania).<\/p>\n\n\n\n<p>\u200bComo violinista tocou nas principais orquestras do pa\u00eds como, &#8220;Oquestra Experimental de Repert\u00f3rio&#8221;, &#8220;Orquestra Municipal de S\u00e3o Paulo&#8221;, &#8220;Orquestra Sinf\u00f4nica da USP&#8221;, &#8220;Orquestra Sinf\u00f4nica de Brasilia&#8221;, &#8220;Orquestra Sinf\u00f4nica do Estado de S\u00e3o Paulo OSESP&#8221;, entre outras.<\/p>\n\n\n\n<p>Assumiu relevantes cargos, como: fundador e regente da Orquestra de C\u00e2mara Tatu\u00ed, Regente-adjunto do Festival de Inverno de Campos de Jord\u00e3o (1998 e 2002), Regente Titular da Orquestra de C\u00e2mara do III Festival de Maring\u00e1 (1998), coordenador pedag\u00f3gico do Festival de Inverno de Campos de Jord\u00e3o n\u00facleo de Bandas (2001), Coordenador da \u00c1rea de Cordas e Coordenador Pedag\u00f3gico do Conservat\u00f3rio de Tatu\u00ed de 1990 \u00e0 2008. Assumiu a reg\u00eancia da Orquestra Sinf\u00f4nica Paulista executando os principais repert\u00f3rios da m\u00fasica erudita e tendo sob sua batuta grandes solistas de nomes nacionais e internacionais.<\/p>\n\n\n\n<p><br>Paralelamente desenvolveu trabalhos na \u00e1rea da m\u00fasica popular realizando com a &#8220;Orquestra Sinf\u00f4nica Villa Lobos&#8221;, trabalhos por todo o Brasil, em parcerias com produtoras as maiores produtoras de eventos no&nbsp;pa\u00eds. Recebendo sempre elogios pela qualidade dos seus m\u00fasicos e escolha dos repert\u00f3rios.&nbsp;Como Produtor Musical, arranjador, maestro e violinista dirigiu a grava\u00e7\u00e3o de v\u00e1rios CDs e DVDs e acompanhou turn\u00eas e Shows de renomados artistas da m\u00fasica nacional e internacional<\/p>\n\n\n\n<p><br><\/p>\n\n\n\n<p><strong>SERVI\u00c7O<\/strong> &#8211;  <strong>\u201cDISNEY IN CONCERT&#8217;\u2019 <\/strong> <br>MINIST\u00c9RIO DO TURISMO E GRUPO ZAFFARI APRESENTAM<br>DISNEY IN CONCERT<br>DISNEY IN CONCERT &#8211; AS M\u00daSICAS DE SEUS FILMES FAVORITOS AO VIVO EM S\u00c3O PAULO<br>Teatro Bradesco (Rua Palestra It\u00e1lia, 500 \u2013 Bourbon Shopping S\u00e3o Paulo \u2013 Perdizes)<br>www.teatrobradesco.com.br<br>Lei Federal de Incentivo \u00e0 Cultura<br>Apresenta\u00e7\u00e3o: Grupo Zaffari<br>Planejamento Cultural: Opus Entretenimento<br>Realiza\u00e7\u00e3o: Off Broadway e Secretaria Especial da Cultura, Minist\u00e9rio do Turismo, Governo<br>Federal &#8211; P\u00e1tria Amada Brasil<\/p>\n\n\n\n<hr class=\"wp-block-separator\"\/>\n\n\n\n<p><strong>Sess\u00e3o acess\u00edvel em Libras e Audiodescri\u00e7\u00e3o &#8211; 13\/03, \u00e0s 11h<\/strong><br>Ingressos a partir de R$ 50,00 &#8211; valor inteiro<br>Estreia 10 de mar\u00e7o<br>Consulte sess\u00f5es e hor\u00e1rios em teatrobradesco.com.br<\/p>\n\n\n\n<p><strong>Dura\u00e7\u00e3o:<\/strong>&nbsp;aprox. 100min.<\/p>\n\n\n\n<p><strong>Classifica\u00e7\u00e3o:&nbsp;<\/strong>Livre. Menores de 15 anos somente poder\u00e3o entrar acompanhados dos pais ou m\u00e3es ou respons\u00e1veis. Crian\u00e7as com at\u00e9 24 meses de idade que ficarem no colo dos pais ou m\u00e3es, n\u00e3o pagam.<\/p>\n","protected":false},"excerpt":{"rendered":"<p>MINIST\u00c9RIO DO TURISMO e GRUPO ZAFFARI apresentam \u201cDISNEY IN CONCERT&#8217;\u2019 AS M\u00daSICAS DE SEUS FILMES&#8230;<\/p>\n","protected":false},"author":1,"featured_media":3392,"comment_status":"closed","ping_status":"open","sticky":false,"template":"","format":"standard","meta":{"om_disable_all_campaigns":false,"_monsterinsights_skip_tracking":false,"_monsterinsights_sitenote_active":false,"_monsterinsights_sitenote_note":"","_monsterinsights_sitenote_category":0,"spay_email":""},"categories":[26],"tags":[],"jetpack_featured_media_url":"https:\/\/vimagazine.com.br\/wp-content\/uploads\/2022\/03\/Maestro_.jpg","_links":{"self":[{"href":"https:\/\/vimagazine.com.br\/index.php?rest_route=\/wp\/v2\/posts\/3385"}],"collection":[{"href":"https:\/\/vimagazine.com.br\/index.php?rest_route=\/wp\/v2\/posts"}],"about":[{"href":"https:\/\/vimagazine.com.br\/index.php?rest_route=\/wp\/v2\/types\/post"}],"author":[{"embeddable":true,"href":"https:\/\/vimagazine.com.br\/index.php?rest_route=\/wp\/v2\/users\/1"}],"replies":[{"embeddable":true,"href":"https:\/\/vimagazine.com.br\/index.php?rest_route=%2Fwp%2Fv2%2Fcomments&post=3385"}],"version-history":[{"count":1,"href":"https:\/\/vimagazine.com.br\/index.php?rest_route=\/wp\/v2\/posts\/3385\/revisions"}],"predecessor-version":[{"id":3393,"href":"https:\/\/vimagazine.com.br\/index.php?rest_route=\/wp\/v2\/posts\/3385\/revisions\/3393"}],"wp:featuredmedia":[{"embeddable":true,"href":"https:\/\/vimagazine.com.br\/index.php?rest_route=\/wp\/v2\/media\/3392"}],"wp:attachment":[{"href":"https:\/\/vimagazine.com.br\/index.php?rest_route=%2Fwp%2Fv2%2Fmedia&parent=3385"}],"wp:term":[{"taxonomy":"category","embeddable":true,"href":"https:\/\/vimagazine.com.br\/index.php?rest_route=%2Fwp%2Fv2%2Fcategories&post=3385"},{"taxonomy":"post_tag","embeddable":true,"href":"https:\/\/vimagazine.com.br\/index.php?rest_route=%2Fwp%2Fv2%2Ftags&post=3385"}],"curies":[{"name":"wp","href":"https:\/\/api.w.org\/{rel}","templated":true}]}}