{"id":3407,"date":"2022-03-09T10:16:25","date_gmt":"2022-03-09T13:16:25","guid":{"rendered":"https:\/\/vimagazine.com.br\/?p=3407"},"modified":"2022-03-09T10:16:27","modified_gmt":"2022-03-09T13:16:27","slug":"fabio-jr-e-mauricio-manieri-apresentam-classicos-romanticos-na-arena-petry","status":"publish","type":"post","link":"https:\/\/vimagazine.com.br\/?p=3407","title":{"rendered":"F\u00e1bio Jr. e Maur\u00edcio Manieri apresentam cl\u00e1ssicos rom\u00e2nticos na Arena Petry"},"content":{"rendered":"\n<p><em>Evento \u201cDeclara\u00e7\u00f5es de Amor\u201d ter\u00e1 dois shows na mesma noite na Grande Florian\u00f3polis, no dia 21 de abril<\/em><\/p>\n\n\n\n<p>Duas vozes inesquec\u00edveis da m\u00fasica rom\u00e2ntica brasileira se apresentar\u00e3o na Arena Petry com dois shows na mesma noite: pela primeira vez, F\u00e1bio Jr. e Maur\u00edcio Manieri sobem no palco do complexo com o evento especial e in\u00e9dito \u201cDeclara\u00e7\u00f5es de Amor\u201d.&nbsp;<\/p>\n\n\n\n<p>Os ingressos para a apresenta\u00e7\u00e3o, que acontece no pr\u00f3ximo dia 21 de abril, Dia de Tiradentes, j\u00e1 est\u00e3o dispon\u00edveis pelo site <a href=\"https:\/\/uhuu.com\/\" target=\"_blank\" rel=\"noreferrer noopener\"><strong>uhuu.com<\/strong><\/a>.&nbsp;<\/p>\n\n\n\n<p>F\u00e1bio Jr. est\u00e1 de volta aos palcos da Grande Florian\u00f3polis com sua atual turn\u00ea que j\u00e1 embalou milhares de pessoas por todo o pa\u00eds. Sucesso absoluto por onde passa, o artista traz nesta turn\u00ea um cen\u00e1rio que \u00e9 revelado em pain\u00e9is de LED, colunas e elementos que valorizam a est\u00e9tica de forma simples e sofisticada.<\/p>\n\n\n\n<p>O conceito da proposta, criativa e vers\u00e1til, permite com que F\u00e1bio Jr. utilize a mesma cenografia em todos os shows, independentemente do tamanho, mantendo a din\u00e2mica e a beleza do espet\u00e1culo com o aux\u00edlio da ilumina\u00e7\u00e3o, que permite um resultado visualmente impactante, tornando-se um atrativo \u00e0 parte.<\/p>\n\n\n\n<p>No repert\u00f3rio, o astro contempla grandes can\u00e7\u00f5es da carreira, como \u201cAlma G\u00eamea\u201d, \u201cS\u00f3 Voc\u00ea\u201d e \u201cCa\u00e7a e Ca\u00e7ador\u201d, que garantem todo o toque de romantismo ao show. Tamb\u00e9m est\u00e3o no setlist, m\u00fasicas que fazem sucesso na voz de outros cantores como \u201cTente Outra Vez\u201d, \u201cDias Melhores\u201d e \u201cCasinha Branca\u201d.<\/p>\n\n\n\n<p>J\u00e1 Maur\u00edcio Manieri \u00e9 um verdadeiro showman! A sua voz marcante, grave e rouca, continua a emocionar e encantar o p\u00fablico, al\u00e9m de embalar milhares de romances com m\u00fasicas que trazem mensagens especiais de amor e afeto.<\/p>\n\n\n\n<p>Ap\u00f3s encerrar 2021 com chave de ouro em show sold out, no Espa\u00e7o das Am\u00e9ricas, em S\u00e3o Paulo, o artista agora se prepara para mais uma grande performance na Arena Petry, onde apresenta o novo espet\u00e1culo \u201cClassics\u201d. Com repert\u00f3rio ecl\u00e9tico e dan\u00e7ante, Manieri promete colocar todo mundo para se divertir durante sua performance.&nbsp;<\/p>\n\n\n\n<p>O setlist \u00e9 composto pelos seus maiores sucessos e compilando outros hits, como \u201cMinha Menina\u201d, \u201cBem Querer\u201d, \u201cSe Quer Saber\u201d, al\u00e9m de cl\u00e1ssicos do universo pop rom\u00e2ntico nacional e internacional como \u201cEasy\u201d, \u201cLittle Respect\u201d, \u201cLove Is In The Air\u201d e \u201cAngel\u201d, entre outros.<\/p>\n\n\n\n<figure class=\"wp-block-image size-large\"><img width=\"1024\" height=\"685\" src=\"https:\/\/vimagazine.com.br\/wp-content\/uploads\/2022\/03\/Foto-de-Fabio-Nunes-1024x685.jpg\" alt=\"\" class=\"wp-image-3409\" srcset=\"https:\/\/vimagazine.com.br\/wp-content\/uploads\/2022\/03\/Foto-de-Fabio-Nunes-1024x685.jpg 1024w, https:\/\/vimagazine.com.br\/wp-content\/uploads\/2022\/03\/Foto-de-Fabio-Nunes-300x201.jpg 300w, https:\/\/vimagazine.com.br\/wp-content\/uploads\/2022\/03\/Foto-de-Fabio-Nunes-768x513.jpg 768w, https:\/\/vimagazine.com.br\/wp-content\/uploads\/2022\/03\/Foto-de-Fabio-Nunes.jpg 1460w\" sizes=\"(max-width: 1024px) 100vw, 1024px\" \/><\/figure>\n\n\n\n<p><strong>Evento seguro<\/strong><\/p>\n\n\n\n<p>O acesso ao evento ser\u00e1 dado somente a pessoas imunizadas com pelo menos 14 dias de esquema vacinal completo contra a Covid-19 (duas doses completas ou dose \u00fanica), mediante apresenta\u00e7\u00e3o da caderneta ou carteirinha de vacina\u00e7\u00e3o emitida pela Secretaria Municipal de Sa\u00fade ou pelo App Conecte SUS (junto de documento de identifica\u00e7\u00e3o), ou pessoas que apresentarem laudo de exame RT-qPCR, realizado nas \u00faltimas 72 horas, ou pesquisa de ant\u00edgeno SARS-COV-2 por swab realizado nas \u00faltimas 48 horas com resultado negativo, n\u00e3o reagente ou n\u00e3o detectado. O laudo deve ser realizado por estabelecimentos credenciados e dever\u00e1 ser entregue impresso para fins de auditoria.<\/p>\n\n\n\n<p>ARENA PETRY &#8211; S\u00c3O JOS\u00c9 (SC)<\/p>\n\n\n\n<p><strong>Quando<\/strong>: 21 de abril de 2022 (quinta-feira, Dia de Tiradentes)<\/p>\n\n\n\n<p><strong>Onde<\/strong>: Arena Petry &#8211; SC-281, 4000 &#8211; Grande Florian\u00f3polis, S\u00e3o Jos\u00e9 &#8211; SC, 88122-001<\/p>\n\n\n\n<p><strong>Hor\u00e1rio<\/strong>: 20h (abertura da casa). Show previsto para \u00e0s 21h<\/p>\n\n\n\n<p>Acesso a pessoas com defici\u00eancia<\/p>\n\n\n\n<p><strong>Classifica\u00e7\u00e3o et\u00e1ria<\/strong>: 16 anos. Menores de 16 anos poder\u00e3o comparecer ao evento desde que acompanhados dos pais e\/ou respons\u00e1veis legais. Informa\u00e7\u00e3o sujeita \u00e0 altera\u00e7\u00e3o, conforme decis\u00e3o judicial.<\/p>\n\n\n\n<p>MAPA DE SETORES<\/p>\n\n\n\n<figure class=\"wp-block-image\"><img src=\"https:\/\/lh4.googleusercontent.com\/dcdaisVBVitaUz_E6HfGz9l6DC7U_iRXtjsl4HjI4azZUXoZk-ggXcdTgXwUWWV0ddZMXBW7Lzi1M1bqrg-B3P6lCwyNfmOYHUgGyyPF0Ujn0K8RVlqmALH7AVM6u71WYmEkJnIj\" alt=\"\" \/><\/figure>\n\n\n\n<p><strong>Quanto<\/strong>: Ingressos a partir de:<\/p>\n\n\n\n<p>Cadeiras laterais a partir de R$ 100<\/p>\n\n\n\n<p>Mesas a partir de R$ 150 por pessoa (6 cadeiras)<\/p>\n\n\n\n<p>Terra\u00e7o Central a partir de R$ 140 por pessoa<\/p>\n\n\n\n<p>Terra\u00e7o Grupo a partir de R$ 4200 para 30 pessoas<\/p>\n\n\n\n<p>Camarotes a partir de R$ 2240 para 14 pessoas<\/p>\n\n\n\n<p>Dispon\u00edveis pelo<a href=\"https:\/\/uhuu.com\/evento\/sc\/sao-jose-do-cerrito\/baroes-vip-baroes-da-pisadinha-tierry-9767\/evento\/sc\/sao-jose-do-cerrito\/baroes-vip-baroes-da-pisadinha-tierry-9767?queueittoken=e_principal~q_9969b464-05a8-4888-8cd5-456e98e135bb~ts_1637775078~ce_true~rt_safetynet~h_1e63367062c1fc78f9ac61aecd72572e2d7353f698641deb1da4a853175457d0\" target=\"_blank\" rel=\"noreferrer noopener\"> <\/a><a href=\"https:\/\/uhuu.com\/\" target=\"_blank\" rel=\"noreferrer noopener\"><strong>uhuu.com<\/strong><\/a> ou pelo atendimento Arena Petry. Contato: (48) 3954 2400 (48) 99168 7221 (Angela)<\/p>\n\n\n\n<p>CANAIS DE VENDAS OFICIAIS:<\/p>\n\n\n\n<p>Ponto de venda sem taxa de servi\u00e7o: Bilheteria da Arena Petry (atendimento de segunda a sexta-feira das 9h \u00e0s 12h e das 13h \u00e0s 18h).<\/p>\n\n\n\n<p>Formas de Pagamento:<\/p>\n\n\n\n<p>Internet: Dep\u00f3sito e Cart\u00f5es Visa, Master, Diners, Hiper, Elo e American.<\/p>\n\n\n\n<p>Bilheteria: Dinheiro, Visa, Master, Elo.<\/p>\n\n\n\n<p>Parcelamento &#8211; at\u00e9 4x &#8211; sem juros ao consumidor 5x at\u00e9 12x &#8211; Com juros ao consumidor de 1,49%<\/p>\n\n\n\n<p>MEIA ENTRADA\/DESCONTOS:<\/p>\n\n\n\n<p>*Desconto de Meia Entrada somente no setor de Pista<\/p>\n\n\n\n<p>Meia Entrada\/Descontos:&nbsp;<\/p>\n\n\n\n<p>ESTUDANTES: Lei Federal 12.933\/13, Decreto Federal 8.537\/15 e Medida Cautelar Provis\u00f3ria concedida pelo STF em 29\/12\/2015 &#8211; obrigat\u00f3ria apresenta\u00e7\u00e3o de Carteira de Identifica\u00e7\u00e3o Estudantil (CIE).Consulte tamb\u00e9m:<a href=\"http:\/\/www.documentodoestudante.com.br\/\" target=\"_blank\" rel=\"noreferrer noopener\"> www.documentodoestudante.com.br<\/a><\/p>\n\n\n\n<p>IDOSOS: Lei Federal 10.741\/2003 &#8211; obrigat\u00f3ria apresenta\u00e7\u00e3o de identidade ou documento oficial com foto que comprove a sua condi\u00e7\u00e3o.<\/p>\n\n\n\n<p>JOVENS PERTENCENTES \u00c0 FAMILIAS DE BAIXA RENDA: Lei Federal 12.933\/13 e Decreto Federal 8.537\/15 \u2013 obrigat\u00f3ria apresenta\u00e7\u00e3o da Carteira de Identidade Jovem que ser\u00e1 emitida pela Secretaria Nacional de Juventude a partir de 31 de mar\u00e7o de 2016, acompanhada de documento de identidade oficial com foto.<\/p>\n\n\n\n<p>PESSOAS COM DEFICI\u00caNCIA (e acompanhante quando necess\u00e1rio): Lei Federal 12.933\/13 e Decreto Federal 8.537\/15 &#8211; obrigat\u00f3ria apresenta\u00e7\u00e3o do Cart\u00e3o de Benef\u00edcio de Presta\u00e7\u00e3o Continuada da Assist\u00eancia Social da Pessoa com Defici\u00eancia ou de documento emitido pelo Instituto Nacional do Seguro Social &#8211; INSS que ateste a aposentadoria de acordo com os crit\u00e9rios estabelecidos na Lei Complementar no 142, de 8 de maio de 2013. No momento de apresenta\u00e7\u00e3o, esses documentos dever\u00e3o estar acompanhados de documento de identidade oficial com foto.<\/p>\n\n\n\n<p>JOVENS COM AT\u00c9 15 ANOS: Lei Estadual n\u00b0 14.612\/14 &#8211; obrigat\u00f3ria apresenta\u00e7\u00e3o do documento de identidade oficial com foto.<\/p>\n\n\n\n<p>DOADORES REGULARES DE SANGUE*: Lei Estadual n\u00b0 13.891\/12 &#8211; obrigat\u00f3ria apresenta\u00e7\u00e3o de documento oficial v\u00e1lido, expedido pelos hemocentros e bancos de sangue. *S\u00e3o considerados doadores regulares de sangue a mulher que se submete \u00e0 coleta pelo menos duas vezes ao ano, e o homem que se submete \u00e0 coleta tr\u00eas vezes ao ano.<\/p>\n\n\n\n<p>APOSENTADOS OU PENSIONISTAS DO INSS: Lei Municipal n\u00b0 7.366\/93 &#8211; Documento fornecido pela Federa\u00e7\u00e3o dos Aposentados e Pensionistas do RS ou outros Associa\u00e7\u00f5es de Classe devidamente registradas ou filiadas.<\/p>\n\n\n\n<p>PNE (Portadores de Necessidades Especiais) em conformidade com a Lei Municipal n\u00ba 11.519, de 18\/12\/2013.<\/p>\n\n\n\n<p>O benef\u00edcio de meia-entrada \u00e9 assegurado para 40% do total de ingressos dispon\u00edveis para cada evento, conforme o Decreto n\u00ba 8.537\/15.<\/p>\n\n\n\n<p>Ingressos E-Ticket em arquivo .PDF entregues automaticamente ao e-mail do titular do pedido em at\u00e9 30 min ap\u00f3s o recebimento da confirma\u00e7\u00e3o de compra. Apresente no acesso do evento. Caso n\u00e3o tenha recebido o email, verifique tamb\u00e9m sua caixa anti-spam.&nbsp;<\/p>\n\n\n\n<p>ATEN\u00c7\u00c3O: N\u00e3o nos responsabilizamos por ingressos adquiridos fora dos canais de venda oficiais.<\/p>\n\n\n\n<p>Caso os documentos necess\u00e1rios n\u00e3o sejam apresentados ou n\u00e3o comprovem a condi\u00e7\u00e3o, ser\u00e1 exigido o pagamento do complemento do valor do ingresso adquirido, caso contr\u00e1rio, o acesso n\u00e3o ser\u00e1 autorizado.<\/p>\n\n\n\n<p>Aviso Importante<\/p>\n\n\n\n<p>Para acesso ao local do evento \u00e9 obrigat\u00f3rio a apresenta\u00e7\u00e3o do comprovante de vacina\u00e7\u00e3o contra COVID-19, com as duas doses ou dose \u00fanica. O comprovante pode ser f\u00edsico ou digital (dispon\u00edvel no aplicativo Conecte SUS). Em caso de d\u00favidas entre em contato atrav\u00e9s no e-mail <a href=\"mailto:sac@opusentretenimento.com\" target=\"_blank\" rel=\"noreferrer noopener\">sac@opusentretenimento.com<\/a>.<\/p>\n\n\n\n<p>Objetos proibidos em todas as cidades: C\u00e2mera fotogr\u00e1fica profissional ou semi profissional (c\u00e2meras grandes com zoom externo ou que trocam de lente), filmadoras de v\u00eddeo, gravadores de \u00e1udio, canetas laser, qualquer tipo de trip\u00e9, pau de selfie, camisas de time, correntes e cintur\u00f5es, garrafas pl\u00e1sticas, bebidas alc\u00f3olicas, subst\u00e2ncias t\u00f3xicas, fogos de artif\u00edcio, inflam\u00e1veis em geral, objetos que possam causar ferimentos, armas de fogo, armas brancas, copos de vidro e vidros em geral, frutas inteiras, latas de alum\u00ednio, guarda-chuva, jornais, revistas, bandeiras e faixas, capacetes de motos e similares.<\/p>\n\n\n\n<p><strong>Assessoria de imprensa Arena Petry:<\/strong><\/p>\n\n\n\n<p><em>All Press Comunica\u00e7\u00e3o<\/em><\/p>\n\n\n\n<p>Yasmine Holanda &#8211; (48) 99953 8576<\/p>\n\n\n\n<p>D\u00e9borah Almada &#8211; (48) 99981 4497<\/p>\n\n\n\n<p><strong>Assessoria de Imprensa Opus Entretenimento:<\/strong><\/p>\n\n\n\n<p>Cost\u00e1bile Salzano Jr. | <a href=\"mailto:imprensa@opusentretenimento.com\" target=\"_blank\" rel=\"noreferrer noopener\">imprensa@opusentretenimento.com<\/a> | (11) 964.197.206<\/p>\n\n\n\n<p><strong><br>Yasmine Holanda Fiorini | Atendimento<br><\/strong><a href=\"http:\/\/www.allpresscom.com.br\/\" target=\"_blank\" rel=\"noreferrer noopener\">Site\u00a0<\/a>|\u00a0<a href=\"http:\/\/www.facebook.com\/allpresscom\" target=\"_blank\" rel=\"noreferrer noopener\">Facebook\u00a0<\/a>|\u00a0<a href=\"http:\/\/www.instagram.com\/allpresscom\" target=\"_blank\" rel=\"noreferrer noopener\">Instagram\u00a0<\/a>|\u00a0<a href=\"https:\/\/www.linkedin.com\/in\/all-press-comunica%C3%A7%C3%A3o-b3a02042\" target=\"_blank\" rel=\"noreferrer noopener\">LinkedIn<\/a><\/p>\n","protected":false},"excerpt":{"rendered":"<p>Evento \u201cDeclara\u00e7\u00f5es de Amor\u201d ter\u00e1 dois shows na mesma noite na Grande Florian\u00f3polis, no dia&#8230;<\/p>\n","protected":false},"author":3,"featured_media":3408,"comment_status":"closed","ping_status":"open","sticky":false,"template":"","format":"standard","meta":{"om_disable_all_campaigns":false,"_monsterinsights_skip_tracking":false,"_monsterinsights_sitenote_active":false,"_monsterinsights_sitenote_note":"","_monsterinsights_sitenote_category":0,"spay_email":""},"categories":[1],"tags":[],"jetpack_featured_media_url":"https:\/\/vimagazine.com.br\/wp-content\/uploads\/2022\/03\/Fabio_Jr_Final_Print_COR_09-e1646831656352.jpg","_links":{"self":[{"href":"https:\/\/vimagazine.com.br\/index.php?rest_route=\/wp\/v2\/posts\/3407"}],"collection":[{"href":"https:\/\/vimagazine.com.br\/index.php?rest_route=\/wp\/v2\/posts"}],"about":[{"href":"https:\/\/vimagazine.com.br\/index.php?rest_route=\/wp\/v2\/types\/post"}],"author":[{"embeddable":true,"href":"https:\/\/vimagazine.com.br\/index.php?rest_route=\/wp\/v2\/users\/3"}],"replies":[{"embeddable":true,"href":"https:\/\/vimagazine.com.br\/index.php?rest_route=%2Fwp%2Fv2%2Fcomments&post=3407"}],"version-history":[{"count":1,"href":"https:\/\/vimagazine.com.br\/index.php?rest_route=\/wp\/v2\/posts\/3407\/revisions"}],"predecessor-version":[{"id":3410,"href":"https:\/\/vimagazine.com.br\/index.php?rest_route=\/wp\/v2\/posts\/3407\/revisions\/3410"}],"wp:featuredmedia":[{"embeddable":true,"href":"https:\/\/vimagazine.com.br\/index.php?rest_route=\/wp\/v2\/media\/3408"}],"wp:attachment":[{"href":"https:\/\/vimagazine.com.br\/index.php?rest_route=%2Fwp%2Fv2%2Fmedia&parent=3407"}],"wp:term":[{"taxonomy":"category","embeddable":true,"href":"https:\/\/vimagazine.com.br\/index.php?rest_route=%2Fwp%2Fv2%2Fcategories&post=3407"},{"taxonomy":"post_tag","embeddable":true,"href":"https:\/\/vimagazine.com.br\/index.php?rest_route=%2Fwp%2Fv2%2Ftags&post=3407"}],"curies":[{"name":"wp","href":"https:\/\/api.w.org\/{rel}","templated":true}]}}