{"id":3415,"date":"2022-03-11T08:55:33","date_gmt":"2022-03-11T11:55:33","guid":{"rendered":"https:\/\/vimagazine.com.br\/?p=3415"},"modified":"2022-03-11T08:55:37","modified_gmt":"2022-03-11T11:55:37","slug":"luan-santana-traz-turne-luan-city-para-a-grande-florianopolis","status":"publish","type":"post","link":"https:\/\/vimagazine.com.br\/?p=3415","title":{"rendered":"Luan Santana traz turn\u00ea &#8220;Luan City&#8221; para a Grande Florian\u00f3polis"},"content":{"rendered":"\n<p>Luan Santana apresenta &#8220;Luan City&#8221;, sua nova turn\u00ea que j\u00e1 est\u00e1 percorrendo o pa\u00eds, na Grande Florian\u00f3polis no dia 6 de maio. A apresenta\u00e7\u00e3o ser\u00e1 na Arena Petry e os ingressos j\u00e1 est\u00e3o dispon\u00edveis pelo site <a href=\"https:\/\/uhuu.com\/\" target=\"_blank\" rel=\"noreferrer noopener\"><strong>uhuu.com<\/strong><\/a>.&nbsp;<\/p>\n\n\n\n<p>\u201cLuan City\u201d \u00e9 mais que um show, tem a concep\u00e7\u00e3o de uma grande festa, capaz de abra\u00e7ar as pessoas da plateia como parte do espet\u00e1culo. A grava\u00e7\u00e3o, que deu nome \u00e0 turn\u00ea , aconteceu dia 13 de dezembro, na Vila Itoror\u00f3, patrim\u00f4nio hist\u00f3rico tombado em S\u00e3o Paulo, que de fato funcionou como uma vila e foi erguida entre 1922 e 1929. O cen\u00e1rio leva muito mais que um palco, \u00e9 uma mega apresenta\u00e7\u00e3o de m\u00fasicas in\u00e9ditas e grandes sucessos.<\/p>\n\n\n\n<p>\u201cMinha ideia foi realmente trazer uma nova sonoridade para a minha hist\u00f3ria\u201d, explica Luan. \u201cAs pessoas v\u00e3o estar envolvidas neste mundo, nesta cidade que a gente est\u00e1 criando para percorrer o Brasil para que tudo seja uma grande festa, uma grande tribo em nome da alegria, da emo\u00e7\u00e3o e da energia que envolve o repert\u00f3rio.\u201d<\/p>\n\n\n\n<p>O show re\u00fane grandes sucessos do artista e algumas m\u00fasicas in\u00e9ditas, que se debru\u00e7am sobre quest\u00f5es de amor com tem\u00e1ticas que envolvem trai\u00e7\u00e3o, saudades e perdas, mas n\u00e3o se engane: 95% das composi\u00e7\u00f5es s\u00e3o norteadas por muita pulsa\u00e7\u00e3o e energia, prontas para fazerem o p\u00fablico tirar o p\u00e9 do ch\u00e3o e se entregar a coreografias ao gosto de cada um.<\/p>\n\n\n\n<p>N\u00e3o que o romantismo n\u00e3o tenha espa\u00e7o nesse cen\u00e1rio, muito pelo contr\u00e1rio. Luan promete fazer com que todos se identifiquem com o enredo de \u201cLuan City\u201d.<\/p>\n\n\n\n<p>No repert\u00f3rio, destaque para &#8220;Morena&#8221;, &#8220;Quando a Bad Bater&#8221;, &#8220;Choque T\u00e9rmico&#8221;, &#8220;\u00c1gua com a\u00e7\u00facar&#8221;, &#8220;Sorria&#8221;, \u201cVingan\u00e7a&#8221; e a atual &#8220;Abalo Emocional&#8221;. Essa \u00faltima, lan\u00e7ada em 3 de fevereiro, tem quase 20 milh\u00f5es de views no YouTube, est\u00e1 em 15 no Spotify Brasil, inclusive presente em importantes playlists (Pot\u00eancia Sertaneja e Top 100 Brasil), al\u00e9m de capa da Esquenta Sertanejo.<\/p>\n\n\n\n<p>\u201cVai ser uma festa com astral muito gostoso. Estou falando \u2018festa\u2019 porque \u00e9 o que a gente quer passar, a gente quer que todo mundo se sinta assim , n\u00e3o necessariamente num show. N\u00e3o \u00e9 s\u00f3 olhar para o palco e ver o show, eu quero que as pessoas se sintam abra\u00e7adas por toda essa energia, envolvidas nessa cidade, nessa festa que a gente armou\u201d, refor\u00e7a Luan.<\/p>\n\n\n\n<p><strong>Evento seguro<\/strong><\/p>\n\n\n\n<p>O acesso ao evento ser\u00e1 dado somente a pessoas imunizadas com pelo menos 14 dias de esquema vacinal completo contra a Covid-19 (duas doses completas ou dose \u00fanica), mediante apresenta\u00e7\u00e3o da caderneta ou carteirinha de vacina\u00e7\u00e3o emitida pela Secretaria Municipal de Sa\u00fade ou pelo App Conecte SUS (junto de documento de identifica\u00e7\u00e3o), ou pessoas que apresentarem laudo de exame RT-qPCR, realizado nas \u00faltimas 72 horas, ou pesquisa de ant\u00edgeno SARS-COV-2 por swab realizado nas \u00faltimas 48 horas com resultado negativo, n\u00e3o reagente ou n\u00e3o detectado. O laudo deve ser realizado por estabelecimentos credenciados e dever\u00e1 ser entregue impresso para fins de auditoria.<\/p>\n\n\n\n<p>ARENA PETRY &#8211; S\u00c3O JOS\u00c9 (SC)<\/p>\n\n\n\n<p><strong>Quando<\/strong>: 6 de maio de 2022 (sexta)<\/p>\n\n\n\n<p><strong>Onde<\/strong>: Arena Petry &#8211; SC-281, 4000 &#8211; Grande Florian\u00f3polis, S\u00e3o Jos\u00e9 &#8211; SC, 88122-001<\/p>\n\n\n\n<p><strong>Hor\u00e1rio<\/strong>: 21h (abertura da casa)<\/p>\n\n\n\n<p>Acesso a pessoas com defici\u00eancia<\/p>\n\n\n\n<p><strong>Classifica\u00e7\u00e3o et\u00e1ria<\/strong>: 16 anos. Menores de 16 anos poder\u00e3o comparecer ao evento desde que acompanhados dos pais e\/ou respons\u00e1veis legais. Informa\u00e7\u00e3o sujeita \u00e0 altera\u00e7\u00e3o, conforme decis\u00e3o judicial.<\/p>\n\n\n\n<p>MAPA DE SETORES<\/p>\n\n\n\n<figure class=\"wp-block-image\"><img src=\"https:\/\/lh3.googleusercontent.com\/lXNeGprL7MafmCV1V9CdBvgVDa7FW4d29Q35bQ4mbDjmDTbmBpHhVVtmEwamoe1D9XSimKbPlMrTnliqlQkqYOt9JUoHzyfh1O9UCxefwnPbpwbDc59Ux9wMeu1Ui_KKNDyNwYY4\" alt=\"\" \/><\/figure>\n\n\n\n<p><strong>Quanto<\/strong>: Ingressos a partir de:<\/p>\n\n\n\n<p>Pista a partir de R$ 100<\/p>\n\n\n\n<p>Premium a partir de R$ 160<\/p>\n\n\n\n<p>VIP a partir de R$ 200<\/p>\n\n\n\n<p>Terra\u00e7o Central a partir de R$ 200 por pessoa<\/p>\n\n\n\n<p>Terra\u00e7o Grupo a partir de R$ 6000 para 30 pessoas<\/p>\n\n\n\n<p>Camarote a partir de R$ 1960 para 14 pessoas<\/p>\n\n\n\n<p>Dispon\u00edveis pelo<a href=\"https:\/\/uhuu.com\/evento\/sc\/sao-jose-do-cerrito\/baroes-vip-baroes-da-pisadinha-tierry-9767\/evento\/sc\/sao-jose-do-cerrito\/baroes-vip-baroes-da-pisadinha-tierry-9767?queueittoken=e_principal~q_9969b464-05a8-4888-8cd5-456e98e135bb~ts_1637775078~ce_true~rt_safetynet~h_1e63367062c1fc78f9ac61aecd72572e2d7353f698641deb1da4a853175457d0\" target=\"_blank\" rel=\"noreferrer noopener\"> <\/a><a href=\"https:\/\/uhuu.com\/\" target=\"_blank\" rel=\"noreferrer noopener\"><strong>uhuu.com<\/strong><\/a> ou pelo atendimento Arena Petry. Contato: (48) 3954 2400 (48) 99168 7221 (Angela)<\/p>\n\n\n\n<p>CANAIS DE VENDAS OFICIAIS:<\/p>\n\n\n\n<p>Ponto de venda sem taxa de servi\u00e7o: Bilheteria da Arena Petry (atendimento de segunda a sexta-feira das 9h \u00e0s 12h e das 13h \u00e0s 18h).<\/p>\n\n\n\n<p>Formas de Pagamento:<\/p>\n\n\n\n<p>Internet: Dep\u00f3sito e Cart\u00f5es Visa, Master, Diners, Hiper, Elo e American.<\/p>\n\n\n\n<p>Bilheteria: Dinheiro, Visa, Master, Elo.<\/p>\n\n\n\n<p>Parcelamento &#8211; at\u00e9 4x &#8211; sem juros ao consumidor 5x at\u00e9 12x &#8211; Com juros ao consumidor de 1,49%<\/p>\n\n\n\n<p>MEIA ENTRADA\/DESCONTOS:<\/p>\n\n\n\n<p>*Desconto de Meia Entrada somente no setor de Pista<\/p>\n\n\n\n<p>Meia Entrada\/Descontos:&nbsp;<\/p>\n\n\n\n<p>ESTUDANTES: Lei Federal 12.933\/13, Decreto Federal 8.537\/15 e Medida Cautelar Provis\u00f3ria concedida pelo STF em 29\/12\/2015 &#8211; obrigat\u00f3ria apresenta\u00e7\u00e3o de Carteira de Identifica\u00e7\u00e3o Estudantil (CIE).Consulte tamb\u00e9m:<a href=\"http:\/\/www.documentodoestudante.com.br\/\" target=\"_blank\" rel=\"noreferrer noopener\"> www.documentodoestudante.com.br<\/a><\/p>\n\n\n\n<p>IDOSOS: Lei Federal 10.741\/2003 &#8211; obrigat\u00f3ria apresenta\u00e7\u00e3o de identidade ou documento oficial com foto que comprove a sua condi\u00e7\u00e3o.<\/p>\n\n\n\n<p>JOVENS PERTENCENTES \u00c0 FAMILIAS DE BAIXA RENDA: Lei Federal 12.933\/13 e Decreto Federal 8.537\/15 \u2013 obrigat\u00f3ria apresenta\u00e7\u00e3o da Carteira de Identidade Jovem que ser\u00e1 emitida pela Secretaria Nacional de Juventude a partir de 31 de mar\u00e7o de 2016, acompanhada de documento de identidade oficial com foto.<\/p>\n\n\n\n<p>PESSOAS COM DEFICI\u00caNCIA (e acompanhante quando necess\u00e1rio): Lei Federal 12.933\/13 e Decreto Federal 8.537\/15 &#8211; obrigat\u00f3ria apresenta\u00e7\u00e3o do Cart\u00e3o de Benef\u00edcio de Presta\u00e7\u00e3o Continuada da Assist\u00eancia Social da Pessoa com Defici\u00eancia ou de documento emitido pelo Instituto Nacional do Seguro Social &#8211; INSS que ateste a aposentadoria de acordo com os crit\u00e9rios estabelecidos na Lei Complementar no 142, de 8 de maio de 2013. No momento de apresenta\u00e7\u00e3o, esses documentos dever\u00e3o estar acompanhados de documento de identidade oficial com foto.<\/p>\n\n\n\n<p>JOVENS COM AT\u00c9 15 ANOS: Lei Estadual n\u00b0 14.612\/14 &#8211; obrigat\u00f3ria apresenta\u00e7\u00e3o do documento de identidade oficial com foto.<\/p>\n\n\n\n<p>DOADORES REGULARES DE SANGUE*: Lei Estadual n\u00b0 13.891\/12 &#8211; obrigat\u00f3ria apresenta\u00e7\u00e3o de documento oficial v\u00e1lido, expedido pelos hemocentros e bancos de sangue. *S\u00e3o considerados doadores regulares de sangue a mulher que se submete \u00e0 coleta pelo menos duas vezes ao ano, e o homem que se submete \u00e0 coleta tr\u00eas vezes ao ano.<\/p>\n\n\n\n<p>APOSENTADOS OU PENSIONISTAS DO INSS: Lei Municipal n\u00b0 7.366\/93 &#8211; Documento fornecido pela Federa\u00e7\u00e3o dos Aposentados e Pensionistas do RS ou outros Associa\u00e7\u00f5es de Classe devidamente registradas ou filiadas.<\/p>\n\n\n\n<p>PNE (Portadores de Necessidades Especiais) em conformidade com a Lei Municipal n\u00ba 11.519, de 18\/12\/2013.<\/p>\n\n\n\n<p>O benef\u00edcio de meia-entrada \u00e9 assegurado para 40% do total de ingressos dispon\u00edveis para cada evento, conforme o Decreto n\u00ba 8.537\/15.<\/p>\n\n\n\n<p>Ingressos E-Ticket em arquivo .PDF entregues automaticamente ao e-mail do titular do pedido em at\u00e9 30 min ap\u00f3s o recebimento da confirma\u00e7\u00e3o de compra. Apresente no acesso do evento. Caso n\u00e3o tenha recebido o email, verifique tamb\u00e9m sua caixa anti-spam.&nbsp;<\/p>\n\n\n\n<p>ATEN\u00c7\u00c3O: N\u00e3o nos responsabilizamos por ingressos adquiridos fora dos canais de venda oficiais.<\/p>\n\n\n\n<p>Caso os documentos necess\u00e1rios n\u00e3o sejam apresentados ou n\u00e3o comprovem a condi\u00e7\u00e3o, ser\u00e1 exigido o pagamento do complemento do valor do ingresso adquirido, caso contr\u00e1rio, o acesso n\u00e3o ser\u00e1 autorizado.<\/p>\n\n\n\n<p>Aviso Importante<\/p>\n\n\n\n<p>Para acesso ao local do evento \u00e9 obrigat\u00f3rio a apresenta\u00e7\u00e3o do comprovante de vacina\u00e7\u00e3o contra COVID-19, com as duas doses ou dose \u00fanica. O comprovante pode ser f\u00edsico ou digital (dispon\u00edvel no aplicativo Conecte SUS). Em caso de d\u00favidas entre em contato atrav\u00e9s no e-mail <a href=\"mailto:sac@opusentretenimento.com\" target=\"_blank\" rel=\"noreferrer noopener\">sac@opusentretenimento.com<\/a>.<\/p>\n\n\n\n<p>Objetos proibidos em todas as cidades: C\u00e2mera fotogr\u00e1fica profissional ou semi profissional (c\u00e2meras grandes com zoom externo ou que trocam de lente), filmadoras de v\u00eddeo, gravadores de \u00e1udio, canetas laser, qualquer tipo de trip\u00e9, pau de selfie, camisas de time, correntes e cintur\u00f5es, garrafas pl\u00e1sticas, bebidas alc\u00f3olicas, subst\u00e2ncias t\u00f3xicas, fogos de artif\u00edcio, inflam\u00e1veis em geral, objetos que possam causar ferimentos, armas de fogo, armas brancas, copos de vidro e vidros em geral, frutas inteiras, latas de alum\u00ednio, guarda-chuva, jornais, revistas, bandeiras e faixas, capacetes de motos e similares.<\/p>\n\n\n\n<p><strong>Assessoria de imprensa Arena Petry:<\/strong><\/p>\n\n\n\n<p><em>All Press Comunica\u00e7\u00e3o<\/em><\/p>\n\n\n\n<p>Yasmine Holanda &#8211; (48) 99953 8576<\/p>\n\n\n\n<p>D\u00e9borah Almada &#8211; (48) 99981 4497<\/p>\n\n\n\n<p><strong>Assessoria de Imprensa Opus Entretenimento:<\/strong><\/p>\n\n\n\n<p>Cost\u00e1bile Salzano Jr. | <a href=\"mailto:imprensa@opusentretenimento.com\" target=\"_blank\" rel=\"noreferrer noopener\">imprensa@opusentretenimento.com<\/a> | (11) 964.197.206<br><strong><br><\/strong><strong>Yasmine Holanda Fiorini | Atendimento<\/strong><\/p>\n","protected":false},"excerpt":{"rendered":"<p>Luan Santana apresenta &#8220;Luan City&#8221;, sua nova turn\u00ea que j\u00e1 est\u00e1 percorrendo o pa\u00eds, na&#8230;<\/p>\n","protected":false},"author":3,"featured_media":3416,"comment_status":"closed","ping_status":"open","sticky":false,"template":"","format":"standard","meta":{"om_disable_all_campaigns":false,"_monsterinsights_skip_tracking":false,"_monsterinsights_sitenote_active":false,"_monsterinsights_sitenote_note":"","_monsterinsights_sitenote_category":0,"spay_email":""},"categories":[1],"tags":[],"jetpack_featured_media_url":"https:\/\/vimagazine.com.br\/wp-content\/uploads\/2022\/03\/luan-e1646999672919.jpg","_links":{"self":[{"href":"https:\/\/vimagazine.com.br\/index.php?rest_route=\/wp\/v2\/posts\/3415"}],"collection":[{"href":"https:\/\/vimagazine.com.br\/index.php?rest_route=\/wp\/v2\/posts"}],"about":[{"href":"https:\/\/vimagazine.com.br\/index.php?rest_route=\/wp\/v2\/types\/post"}],"author":[{"embeddable":true,"href":"https:\/\/vimagazine.com.br\/index.php?rest_route=\/wp\/v2\/users\/3"}],"replies":[{"embeddable":true,"href":"https:\/\/vimagazine.com.br\/index.php?rest_route=%2Fwp%2Fv2%2Fcomments&post=3415"}],"version-history":[{"count":1,"href":"https:\/\/vimagazine.com.br\/index.php?rest_route=\/wp\/v2\/posts\/3415\/revisions"}],"predecessor-version":[{"id":3417,"href":"https:\/\/vimagazine.com.br\/index.php?rest_route=\/wp\/v2\/posts\/3415\/revisions\/3417"}],"wp:featuredmedia":[{"embeddable":true,"href":"https:\/\/vimagazine.com.br\/index.php?rest_route=\/wp\/v2\/media\/3416"}],"wp:attachment":[{"href":"https:\/\/vimagazine.com.br\/index.php?rest_route=%2Fwp%2Fv2%2Fmedia&parent=3415"}],"wp:term":[{"taxonomy":"category","embeddable":true,"href":"https:\/\/vimagazine.com.br\/index.php?rest_route=%2Fwp%2Fv2%2Fcategories&post=3415"},{"taxonomy":"post_tag","embeddable":true,"href":"https:\/\/vimagazine.com.br\/index.php?rest_route=%2Fwp%2Fv2%2Ftags&post=3415"}],"curies":[{"name":"wp","href":"https:\/\/api.w.org\/{rel}","templated":true}]}}