{"id":3418,"date":"2022-03-14T07:48:07","date_gmt":"2022-03-14T10:48:07","guid":{"rendered":"https:\/\/vimagazine.com.br\/?p=3418"},"modified":"2022-03-14T07:51:06","modified_gmt":"2022-03-14T10:51:06","slug":"grupo-clareou-lanca-dvd-completo-nas-plataformas","status":"publish","type":"post","link":"https:\/\/vimagazine.com.br\/?p=3418","title":{"rendered":"Grupo Clareou lan\u00e7a DVD completo nas plataformas"},"content":{"rendered":"\n<p>Ap\u00f3s o sucesso do DVD \u201cVai Clarear\u201d, lan\u00e7ado inicialmente no Youtube, o p\u00fablico poder\u00e1, finalmente, apreciar o projeto completo, que chega nas principais plataformas digitais via&nbsp;<strong>ONErpm<\/strong>&nbsp;nesta sexta-feira (11). J\u00e1 no canal da banda, os f\u00e3s do&nbsp;<strong>Grupo<\/strong>&nbsp;<strong>Clareou<\/strong>&nbsp;ainda poder\u00e3o acompanhar o clipe in\u00e9dito de \u201cDesorientado\u201d, com participa\u00e7\u00e3o de&nbsp;<strong>Xande de Pilares<\/strong>.&nbsp;<a href=\"https:\/\/onerpm.link\/vaiclarear_aovivo\" target=\"_blank\" rel=\"noreferrer noopener\">Ou\u00e7a o DVD \u201cVai Clarear\u201d<\/a><\/p>\n\n\n\n<p>Gravado no Rio de Janeiro, o projeto \u00e9 uma mistura de can\u00e7\u00f5es in\u00e9ditas, regrava\u00e7\u00f5es que fizeram sucesso durante a trajet\u00f3ria do grupo e m\u00fasicas de outros grandes artistas. Agora nas plataformas, o DVD ganha ainda mais notoriedade e pretende ser ainda mais um sucesso.<\/p>\n\n\n\n<p>Para completar esse grande e importante lan\u00e7amento, a can\u00e7\u00e3o \u201cDesorientado\u201d ir\u00e1 ganhar um videoclipe exclusivo, com participa\u00e7\u00e3o de um dos maiores nomes do samba brasileiro: Xande de Pilares.<\/p>\n\n\n\n<p>\u201c<em>Acredito que agora nas plataformas as pessoas v\u00e3o poder curtir ainda mais esse projeto que a gente fez com tanto carinho. Como um grande f\u00e3 do Xande de Pilares, sou meio suspeito para falar sobre o clipe, mas est\u00e1 simplesmente incr\u00edvel<\/em>\u201d, finaliza Magal, vocalista.<\/p>\n\n\n\n<p><strong><u>SOBRE O GRUPO CLAREOU<a><\/a><\/u><\/strong><\/p>\n\n\n\n<p>Criado no Rio de Janeiro em 2010, o&nbsp;<strong>Grupo Clareou<\/strong>&nbsp;\u00e9 formado por Magal e Branco nos vocais, Anderson Mendon\u00e7a (Buiu) no pandeiro, Fernando (Mellete) no tantan, Flavio Homero no cavaco e Juninho de Jesus no banjo.<\/p>\n\n\n\n<p>Desde o nascimento da banda, embalam o cora\u00e7\u00e3o de v\u00e1rios brasileiros apaixonados pelos lugares onde passam. Ganharam ainda mais destaque na cena atual, ao emplacar milhares de streamings nas principais plataformas digitais com a can\u00e7\u00e3o \u201cMarra de Dur\u00e3o\u201d.&nbsp;&nbsp;<em>\u201cSem d\u00favidas essa m\u00fasica \u00e9 um marco na nossa carreira\u201d<\/em>, diz Mellete.<\/p>\n\n\n\n<p>Comemorando mais de dez anos de trajet\u00f3ria, o repert\u00f3rio atual inclui tamb\u00e9m sucessos como &#8220;Tem Algu\u00e9m Sobrando&#8221;, &#8220;Posso te chamar de M\u00f4&#8221; e &#8220;A Carne \u00e9 Fraca&#8221;, hits que n\u00e3o podem faltar nas playlists de pagode atual.<\/p>\n\n\n\n<p>\u201c<em>S\u00e3o muitos anos de estrada, muitas parcerias, j\u00e1 cantamos com artistas como Mumuzinho, Bom Gosto e muitos outros nomes incr\u00edveis<\/em>\u201d, relembra Magal.<\/p>\n\n\n\n<p><a>Atualmente o grupo trabalha na divulga\u00e7\u00e3o do novo DVD&nbsp;<strong>\u201cVai Clarear\u201d.<\/strong>&nbsp;<\/a>O primeiro bloco acaba de ser lan\u00e7ado e tem mais duas partes previstas para o primeiro semestre de 2022.<\/p>\n\n\n\n<p><strong><u>SOBRE A ONERPM<\/u><\/strong><\/p>\n\n\n\n<p>&nbsp;Considerada uma pot\u00eancia na redefini\u00e7\u00e3o da nova ind\u00fastria da m\u00fasica, a desenvolvedora ONErpm \u00e9 uma das empresas do ramo que mais crescem no mercado global. Com mais de 3 mil canais do YouTube que geram coletivamente mais de 8,5 bilh\u00f5es de views por m\u00eas, a ONErpm \u00e9 tamb\u00e9m a maior network de m\u00fasica da Am\u00e9rica Latina e uma das maiores do mundo.<\/p>\n\n\n\n<p>Com escrit\u00f3rios e est\u00fadios em Nova York, Nashville, Miami, Atlanta, Los Angeles, S\u00e3o Francisco, S\u00e3o Paulo, Rio de Janeiro, Recife, Lima, Santiago do Chile, Buenos Aires, Bogot\u00e1, Cidade do M\u00e9xico, Kingston, Madrid, Kiev, Abuja e Moscou, a ONErpm ocupa um espa\u00e7o \u00fanico entre gravadora tradicional e distribuidora, aproveitando da sua tecnologia pr\u00f3pria, an\u00e1lise de dados e time especializado de marketing e promo\u00e7\u00e3o, a empresa consegue fornecer, de forma \u00fanica, solu\u00e7\u00f5es de neg\u00f3cios com suporte local e alcance global para mais de mais de 250.000 artistas, selos e criadores de v\u00eddeos em todo o mundo.<\/p>\n\n\n\n<p><strong>ACOMPANHE NAS REDES:<\/strong><\/p>\n\n\n\n<p><a href=\"https:\/\/www.youtube.com\/channel\/UCZ32HpkroAdxpDUYejn0EHg\" target=\"_blank\" rel=\"noreferrer noopener\">YouTube<\/a>&nbsp;|<a href=\"https:\/\/web.facebook.com\/clareouoficial?_rdc=1&amp;_rdr\" target=\"_blank\" rel=\"noreferrer noopener\">Facebook<\/a>&nbsp;|&nbsp;<a href=\"https:\/\/www.instagram.com\/grupoclareou\/\" target=\"_blank\" rel=\"noreferrer noopener\">Instagram<\/a>&nbsp;|&nbsp;<a href=\"https:\/\/twitter.com\/grupoclareou\" target=\"_blank\" rel=\"noreferrer noopener\">Twitter<\/a>&nbsp;|&nbsp;<a href=\"https:\/\/open.spotify.com\/artist\/0Jpjc7Fc84inIqLhOvBU1Q\" target=\"_blank\" rel=\"noreferrer noopener\">Spotify<\/a><\/p>\n\n\n\n<p>Fonte: <\/p>\n\n\n\n<p>Thiessa Torres &#8211; |\u00a0<a href=\"mailto:thiessa@onerpm.com\" target=\"_blank\" rel=\"noreferrer noopener\">thiessa@onerpm.com<\/a><\/p>\n\n\n\n<p>Fernando Giovanetti &#8211; |\u00a0<a href=\"mailto:nandogio@onerpm.com\" target=\"_blank\" rel=\"noreferrer noopener\">nandogio@onerpm.com<\/a><\/p>\n\n\n\n<p>Ana Carolina de Freitas \u2013  |<a href=\"mailto:carolfreitas.jornalista@gmail.com\" target=\"_blank\" rel=\"noreferrer noopener\">carolfreitas.jornalista@gmail.com<\/a><\/p>\n","protected":false},"excerpt":{"rendered":"<p>Ap\u00f3s o sucesso do DVD \u201cVai Clarear\u201d, lan\u00e7ado inicialmente no Youtube, o p\u00fablico poder\u00e1, finalmente,&#8230;<\/p>\n","protected":false},"author":3,"featured_media":3419,"comment_status":"closed","ping_status":"open","sticky":false,"template":"","format":"standard","meta":{"om_disable_all_campaigns":false,"_monsterinsights_skip_tracking":false,"_monsterinsights_sitenote_active":false,"_monsterinsights_sitenote_note":"","_monsterinsights_sitenote_category":0,"spay_email":""},"categories":[1],"tags":[],"jetpack_featured_media_url":"https:\/\/vimagazine.com.br\/wp-content\/uploads\/2022\/03\/Clareou-dvd-2021\u00a9WASHINGTON_POSSATO0050-e1647254763229.jpg","_links":{"self":[{"href":"https:\/\/vimagazine.com.br\/index.php?rest_route=\/wp\/v2\/posts\/3418"}],"collection":[{"href":"https:\/\/vimagazine.com.br\/index.php?rest_route=\/wp\/v2\/posts"}],"about":[{"href":"https:\/\/vimagazine.com.br\/index.php?rest_route=\/wp\/v2\/types\/post"}],"author":[{"embeddable":true,"href":"https:\/\/vimagazine.com.br\/index.php?rest_route=\/wp\/v2\/users\/3"}],"replies":[{"embeddable":true,"href":"https:\/\/vimagazine.com.br\/index.php?rest_route=%2Fwp%2Fv2%2Fcomments&post=3418"}],"version-history":[{"count":2,"href":"https:\/\/vimagazine.com.br\/index.php?rest_route=\/wp\/v2\/posts\/3418\/revisions"}],"predecessor-version":[{"id":3422,"href":"https:\/\/vimagazine.com.br\/index.php?rest_route=\/wp\/v2\/posts\/3418\/revisions\/3422"}],"wp:featuredmedia":[{"embeddable":true,"href":"https:\/\/vimagazine.com.br\/index.php?rest_route=\/wp\/v2\/media\/3419"}],"wp:attachment":[{"href":"https:\/\/vimagazine.com.br\/index.php?rest_route=%2Fwp%2Fv2%2Fmedia&parent=3418"}],"wp:term":[{"taxonomy":"category","embeddable":true,"href":"https:\/\/vimagazine.com.br\/index.php?rest_route=%2Fwp%2Fv2%2Fcategories&post=3418"},{"taxonomy":"post_tag","embeddable":true,"href":"https:\/\/vimagazine.com.br\/index.php?rest_route=%2Fwp%2Fv2%2Ftags&post=3418"}],"curies":[{"name":"wp","href":"https:\/\/api.w.org\/{rel}","templated":true}]}}