{"id":3431,"date":"2022-03-16T15:27:28","date_gmt":"2022-03-16T18:27:28","guid":{"rendered":"https:\/\/vimagazine.com.br\/?p=3431"},"modified":"2022-03-16T15:28:55","modified_gmt":"2022-03-16T18:28:55","slug":"o-sonho-de-investir-em-educacao-contemporanea-se-tornou-realidade","status":"publish","type":"post","link":"https:\/\/vimagazine.com.br\/?p=3431","title":{"rendered":"O sonho de investir em educa\u00e7\u00e3o contempor\u00e2nea se tornou realidade."},"content":{"rendered":"\n<p><em>Elza Giostri, diretora geral da Coree International School, conta como \u00e9&nbsp;<\/em><\/p>\n\n\n\n<p><em>estar \u00e0 frente de uma institui\u00e7\u00e3o inovadora em Joinville.<\/em><\/p>\n\n\n\n<p>Uma hist\u00f3ria de sonhos que se tornam poss\u00edveis e de desafios que s\u00e3o vencidos. Elza Giostri, Doutora em Educa\u00e7\u00e3o Cient\u00edfica e Tecnol\u00f3gica pela Universidade Federal de Santa Catarina e Instituto de Educa\u00e7\u00e3o da Universidade de Londres, Pedagoga e Mestre em Educa\u00e7\u00e3o, com diversas especializa\u00e7\u00f5es, incluindo cursos pela Harvard School of Education, carrega no curr\u00edculo 33 anos de experi\u00eancia em doc\u00eancia e gest\u00e3o da educa\u00e7\u00e3o. \u00c9 a mulher que, desde 2009, est\u00e1 \u00e0 frente da Coree International School, a Escola Internacional de Joinville.<\/p>\n\n\n\n<p>Seu comprometimento e paix\u00e3o pela educa\u00e7\u00e3o &#8211; que considera seu maior legado &#8211; a incentivou a lutar, em Joinville, por uma educa\u00e7\u00e3o inovadora e repleta de desafios.<\/p>\n\n\n\n<p><strong>No m\u00eas que se comemora o Dia da Escola (15) fizemos um bate-papo com Elza sobre o processo de ser l\u00edder de uma institui\u00e7\u00e3o de refer\u00eancia nacional em educa\u00e7\u00e3o internacional.<\/strong><\/p>\n\n\n\n<p><strong>Voc\u00ea est\u00e1 desde o in\u00edcio na dire\u00e7\u00e3o da Coree. Muitos falam que no come\u00e7o voc\u00ea vendeu um sonho. Que sonho \u00e9 esse?<\/strong><\/p>\n\n\n\n<p><strong>Elza: <\/strong><em>Eu queria mostrar para as pessoas de Joinville que aqui, tamb\u00e9m, era poss\u00edvel oferecer uma educa\u00e7\u00e3o de excel\u00eancia, contempor\u00e2nea e de primeiro mundo. Na \u00e9poca, eu acreditava muito, era t\u00e3o palp\u00e1vel, porque eu j\u00e1 tinha visto isso em outros lugares. Eu sabia que era poss\u00edvel implementar na cidade uma escola diferenciada, principalmente porque havia o principal,&nbsp; profissionais competentes. Talvez, as pessoas que me ouviam achavam que era sonho. Mas hoje \u00e9 uma realidade. A escola, hoje, \u00e9 uma refer\u00eancia que transformou o conceito e o patamar de educa\u00e7\u00e3o em Joinville, tanto em instala\u00e7\u00f5es quanto em metodologias inovadoras de ensino e oferta de certifica\u00e7\u00f5es internacionais.<\/em><\/p>\n\n\n\n<p><strong>De l\u00e1 para c\u00e1, o que mudou?<\/strong><\/p>\n\n\n\n<p><strong>Elza: <\/strong><em>Como somos uma institui\u00e7\u00e3o que pesquisa muito e aposta na inova\u00e7\u00e3o, a cada ano implementamos novidades em nosso curr\u00edculo e em nossa proposta. Viajamos muito, pesquisamos bastante e por isso, renovamos nossas certifica\u00e7\u00f5es e investimos na capacita\u00e7\u00e3o dos professores. A educa\u00e7\u00e3o est\u00e1 em constante evolu\u00e7\u00e3o e precisamos acompanhar e nos adaptar \u00e0s mudan\u00e7as.<\/em><\/p>\n\n\n\n<p><strong>Onde a escola busca refer\u00eancias para inovar e ser pioneira em educa\u00e7\u00e3o?<\/strong><\/p>\n\n\n\n<p><strong>Elza: <\/strong><em>Buscamos refer\u00eancias no mundo inteiro, nos principais centros de pesquisa em educa\u00e7\u00e3o. Temos parceiros na Universidade de Londres, Harvard, o pr\u00f3prio<\/em><em> International Baccalaureate \u00e9 uma refer\u00eancia para n\u00f3s, com profissionais de alt\u00edssima compet\u00eancia que nos conectam com diversos parceiros. Al\u00e9m disso, buscamos inspira\u00e7\u00e3o nos melhores educadores e pensadores, tanto nos cl\u00e1ssicos como nos contempor\u00e2neos.<\/em><\/p>\n\n\n\n<p><strong>Como \u00e9 o investimento nos profissionais da escola? S\u00e3o capacitados de que forma? E qual a import\u00e2ncia desse movimento para institui\u00e7\u00e3o?<\/strong><\/p>\n\n\n\n<p><strong>Elza: <\/strong><em>N\u00f3s investimos muito na capacita\u00e7\u00e3o continuada dos nossos professores. Acreditamos no time de excel\u00eancia que temos aqui, tanto que a maior parte dos profissionais est\u00e1 na escola desde o princ\u00edpio. Para manter todos em constante atualiza\u00e7\u00e3o, oportunizamos forma\u00e7\u00f5es internas cont\u00ednuas al\u00e9m das oferecidas pela Harvard School of Education, pelo <\/em><em>International Baccalaureate e por consultores estrangeiros. Posso dizer que o maior investimento da escola \u00e9 nos professores, e isso faz toda a diferen\u00e7a.<\/em><\/p>\n\n\n\n<p><strong>A Coree International School \u00e9 refer\u00eancia em formar cidad\u00e3os. Na sua opini\u00e3o, qual o papel da escola na vida dos alunos?<\/strong><\/p>\n\n\n\n<p><strong>Elza: <\/strong><em>Acredito que o papel da escola \u00e9 possibilitar que o estudante descubra seus talentos e possa potencializ\u00e1-los. \u00c9 colaborar com o aluno, por meio dos m\u00e9todos de ensino, para que ele descubra o seu prop\u00f3sito de vida e a sua miss\u00e3o no mundo. Nossa proposta \u00e9 que ele seja um sujeito de mente aberta para as possibilidades, que se arrisque no mundo pelo seu desejo e colabore de forma positiva com a humanidade.&nbsp;<\/em><\/p>\n\n\n\n<p><strong>De que forma os pais fazem parte desse ecossistema escolar? Qual o papel deles perante a escola?<\/strong><\/p>\n\n\n\n<p><strong>Elza: <\/strong><em>Na minha vis\u00e3o, o papel dos pais \u00e9 encontrar uma escola que proporcione o que comentei acima, que vai muito al\u00e9m de ensinar uma tabuada ou aprender a escrever. O papel da fam\u00edlia \u00e9 de participar com a escola nesse processo educativo, afinal, \u00e9 um trabalho que se faz em conjunto para a forma\u00e7\u00e3o do cidad\u00e3o.<\/em><\/p>\n\n\n\n<p><strong>Para 2022, ainda em pandemia, se fala em educar para a incerteza. O que \u00e9 isso?<\/strong><\/p>\n\n\n\n<p><strong>Elza:<\/strong> <em>Educar para a incerteza n\u00e3o \u00e9 algo novo. Nunca sabemos o dia de amanh\u00e3. A pandemia trouxe \u00e0 tona essa tem\u00e1tica, pois muitas escolas n\u00e3o estavam preparadas para lidar com o novo.&nbsp; Precisamos aprender a lidar com o que est\u00e1 fora do nosso controle, com os imprevistos&nbsp; que podem acontecer e para os quais n\u00e3o estamos preparados. \u00c9 extremamente importante educar para o futuro, para&nbsp; o dia que a gente n\u00e3o conhece, n\u00e3o sabe como vai ser. Isso \u00e9 educar para a incerteza.<\/em><\/p>\n\n\n\n<p><strong>Qual sua expectativa para 2022?<\/strong><\/p>\n\n\n\n<p><strong>Elza: <\/strong><em>Ser\u00e1 um ano bom porque vai ser diferente. Talvez estejamos mais preparados para lidar com situa\u00e7\u00f5es desafiadoras, muito mais que antes. Podemos estar mais conectados com o mundo e, a partir disso, fazermos uma educa\u00e7\u00e3o diferenciada.<\/em><\/p>\n\n\n\n<p><strong>Voc\u00ea acredita que a educa\u00e7\u00e3o transforma o mundo?&nbsp;<\/strong><\/p>\n\n\n\n<p><strong>Elza: <\/strong><em>Cada vez eu acredito mais! Tenho a cren\u00e7a de que educa\u00e7\u00e3o transforma cada um. E cada um transforma o outro e assim, vamos transformando o mundo.\u00a0<\/em><br>Fonte: Thaisa Rodrigues <\/p>\n\n\n\n<figure class=\"wp-block-image size-large\"><img width=\"683\" height=\"1024\" src=\"https:\/\/vimagazine.com.br\/wp-content\/uploads\/2022\/03\/Elza-Giostri_-683x1024.jpg\" alt=\"\" class=\"wp-image-3433\" srcset=\"https:\/\/vimagazine.com.br\/wp-content\/uploads\/2022\/03\/Elza-Giostri_-683x1024.jpg 683w, https:\/\/vimagazine.com.br\/wp-content\/uploads\/2022\/03\/Elza-Giostri_-200x300.jpg 200w, https:\/\/vimagazine.com.br\/wp-content\/uploads\/2022\/03\/Elza-Giostri_-768x1152.jpg 768w, https:\/\/vimagazine.com.br\/wp-content\/uploads\/2022\/03\/Elza-Giostri_-1024x1536.jpg 1024w, https:\/\/vimagazine.com.br\/wp-content\/uploads\/2022\/03\/Elza-Giostri_.jpg 1280w\" sizes=\"(max-width: 683px) 100vw, 683px\" \/><\/figure>\n","protected":false},"excerpt":{"rendered":"<p>Elza Giostri, diretora geral da Coree International School, conta como \u00e9&nbsp; estar \u00e0 frente de&#8230;<\/p>\n","protected":false},"author":3,"featured_media":3432,"comment_status":"closed","ping_status":"open","sticky":false,"template":"","format":"standard","meta":{"om_disable_all_campaigns":false,"_monsterinsights_skip_tracking":false,"_monsterinsights_sitenote_active":false,"_monsterinsights_sitenote_note":"","_monsterinsights_sitenote_category":0,"spay_email":""},"categories":[1],"tags":[],"jetpack_featured_media_url":"https:\/\/vimagazine.com.br\/wp-content\/uploads\/2022\/03\/Elza-Giostri_01-e1647455136153.jpeg","_links":{"self":[{"href":"https:\/\/vimagazine.com.br\/index.php?rest_route=\/wp\/v2\/posts\/3431"}],"collection":[{"href":"https:\/\/vimagazine.com.br\/index.php?rest_route=\/wp\/v2\/posts"}],"about":[{"href":"https:\/\/vimagazine.com.br\/index.php?rest_route=\/wp\/v2\/types\/post"}],"author":[{"embeddable":true,"href":"https:\/\/vimagazine.com.br\/index.php?rest_route=\/wp\/v2\/users\/3"}],"replies":[{"embeddable":true,"href":"https:\/\/vimagazine.com.br\/index.php?rest_route=%2Fwp%2Fv2%2Fcomments&post=3431"}],"version-history":[{"count":2,"href":"https:\/\/vimagazine.com.br\/index.php?rest_route=\/wp\/v2\/posts\/3431\/revisions"}],"predecessor-version":[{"id":3436,"href":"https:\/\/vimagazine.com.br\/index.php?rest_route=\/wp\/v2\/posts\/3431\/revisions\/3436"}],"wp:featuredmedia":[{"embeddable":true,"href":"https:\/\/vimagazine.com.br\/index.php?rest_route=\/wp\/v2\/media\/3432"}],"wp:attachment":[{"href":"https:\/\/vimagazine.com.br\/index.php?rest_route=%2Fwp%2Fv2%2Fmedia&parent=3431"}],"wp:term":[{"taxonomy":"category","embeddable":true,"href":"https:\/\/vimagazine.com.br\/index.php?rest_route=%2Fwp%2Fv2%2Fcategories&post=3431"},{"taxonomy":"post_tag","embeddable":true,"href":"https:\/\/vimagazine.com.br\/index.php?rest_route=%2Fwp%2Fv2%2Ftags&post=3431"}],"curies":[{"name":"wp","href":"https:\/\/api.w.org\/{rel}","templated":true}]}}