{"id":3437,"date":"2022-03-16T16:55:08","date_gmt":"2022-03-16T19:55:08","guid":{"rendered":"https:\/\/vimagazine.com.br\/?p=3437"},"modified":"2022-03-16T16:55:10","modified_gmt":"2022-03-16T19:55:10","slug":"diogo-nogueira-apresenta-o-show-samba-de-verao-dia-19-de-marco-no-tim-music-noites-cariocas-com-abertura-pocket-musical-tributo-a-tim-maia","status":"publish","type":"post","link":"https:\/\/vimagazine.com.br\/?p=3437","title":{"rendered":"Diogo Nogueira apresenta o show Samba de Ver\u00e3o   dia 19 de mar\u00e7o, no TIM Music Noites Cariocas Com abertura Pocket Musical Tributo a Tim Maia"},"content":{"rendered":"\n<p><\/p>\n\n\n\n<p>Diogo Nogueira \u00e9 a segunda atra\u00e7\u00e3o da semana, no projeto TIM Music Noites Cariocas, edi\u00e7\u00e3o 2022, traz &#8220;Samba de Ver\u00e3o&#8221;, uma trilogia audiovisual com tr\u00eas \u00e1lbuns, \u201cSol\u201d, \u201cC\u00e9u\u201d e \u201cLua\u201d, gravado numa balsa na Ba\u00eda da Guanabara com a vista privilegiada do Rio de Janeiro e a silhueta das montanhas da cidade ao fundo, lan\u00e7ados em pleno ver\u00e3o deste ano. Este audiovisual foi indicado a melhor \u00e1lbum de samba\/pagode na 22\u00aa edi\u00e7\u00e3o do Grammy Latino 2021, ao lado de Martinho da Vila, Paulinho da Viola e Nei Lopes, entre outros.&nbsp;<br>&nbsp;<br>Com a retomada dos shows presenciais, com todos os cuidados, Diogo est\u00e1 em turn\u00ea por algumas capitais com o show deste projeto. E agora chega para uma \u00fanica apresenta\u00e7\u00e3o, no s\u00e1bado do dia 19 de mar\u00e7o.\u202fCom abertura Pocket Musical Tim Maia\u202f(release anexado)&nbsp;<br>&nbsp;<\/p>\n\n\n\n<p>\u201cFiquei muito feliz com o convite para fazer parte dessa edi\u00e7\u00e3o especial do Noites Cariocas. Me sinto tamb\u00e9m honrado por representar o samba em um dos eventos mais importantes e emblem\u00e1ticos da m\u00fasica brasileira\u201d. afirmou Diogo Nogueira.&nbsp;<\/p>\n\n\n\n<p>\u00a0<br>Este show \u201cSamba de Ver\u00e3o\u201d traz um repert\u00f3rio com m\u00fasicas in\u00e9ditas deste audiovisual que j\u00e1\u00a0se tornaram sucesso, como \u201cBota Pra Tocar Tim Maia\u201d \u2013 que caiu no gosto do p\u00fablico, atingindo mais de um milh\u00e3o de\u00a0views\u00a0em menos de um m\u00eas \u2013, \u201cOuro da Mina\u201d, al\u00e9m da nova parceria de Diogo e Moacyr Luz na m\u00fasica \u201cCad\u00ea?\u201d. Tamb\u00e9m estar\u00e1 no show \u201cAndan\u00e7a\u201d, uma homenagem a Beth Carvalho, e \u201cEspelho\u201d, de seu pai Jo\u00e3o Nogueira, assim como n\u00e3o ficar\u00e3o de fora seus sucessos \u201cP\u00e9 na Areia\u201d, \u201cClareou\u201d e \u201cSou Eu\u201d. E ainda vai mostrar seu rec\u00e9m-lan\u00e7ado single \u201cFlor de\u00a0Ca\u00f1a\u201d, parceria com Rodrigo Leite e\u00a0Cauique, tamb\u00e9m autores de \u201cP\u00e9 na Areia\u201d, dedicada \u00e0 namorada e musa inspiradora, Paola Oliveira, que participou do videoclipe, e j\u00e1 est\u00e1 em todas as plataformas digitais.\u00a0<br>\u00a0<br>Diogo retorna aos palcos, com abertura das casas de shows com todos os cuidados e respeitando todas as normas de seguran\u00e7a e distanciamento. Neste isolamento por conta da pandemia, Diogo se tornou refer\u00eancia das\u00a0lives\u00a0de entretenimento, cantando sempre um repert\u00f3rio especial e cozinhando seus pratos favoritos, e continua sendo. Desde sua primeira\u00a0live\u00a0h\u00e1 mais de um ano atr\u00e1s, quando o p\u00fablico se surpreendeu com suas habilidades culin\u00e1rias, j\u00e1 foi um sucesso. De l\u00e1 pra c\u00e1 foram mais de 12 milh\u00f5es de\u00a0views. Lan\u00e7ou ainda um livro digital com suas receitas preferidas, que foi indicado\u00a0a\u00a0pr\u00eamio internacional de culin\u00e1ria e, ainda participou do Master Chef, como convidado e cozinheiro de honra, programa de enorme sucesso da TV Bandeirantes.\u00a0<br>\u00a0<br>Diogo, chega com tudo no palco do TIM Music Noites Cariocas, contando com Rafael dos Anjos &#8211; Diretor Musical e Viol\u00e3o, Henrique\u00a0Garcia &#8211; Cavaco, Jo\u00e3o Rafael &#8211; Contrabaixo, Jefferson Chiclete &#8211; Percuss\u00e3o, Wilson Baltazar &#8211; Percuss\u00e3o, Alisson Maninho &#8211; Percuss\u00e3o, Marechal &#8211; Percuss\u00e3o, Gordo Batera &#8211; Bateria e Fabiano\u00a0Segalote\u00a0&#8211; Sopro.\u00a0<\/p>\n\n\n\n<p><\/p>\n\n\n\n<figure class=\"wp-block-image size-large\"><img width=\"683\" height=\"1024\" src=\"https:\/\/vimagazine.com.br\/wp-content\/uploads\/2022\/03\/Diogo-Nogueira-TIM-Music-Noites-Cariocas-foto-Guto-Costa-683x1024.jpg\" alt=\"\" class=\"wp-image-3439\" srcset=\"https:\/\/vimagazine.com.br\/wp-content\/uploads\/2022\/03\/Diogo-Nogueira-TIM-Music-Noites-Cariocas-foto-Guto-Costa-683x1024.jpg 683w, https:\/\/vimagazine.com.br\/wp-content\/uploads\/2022\/03\/Diogo-Nogueira-TIM-Music-Noites-Cariocas-foto-Guto-Costa-200x300.jpg 200w, https:\/\/vimagazine.com.br\/wp-content\/uploads\/2022\/03\/Diogo-Nogueira-TIM-Music-Noites-Cariocas-foto-Guto-Costa-768x1152.jpg 768w, https:\/\/vimagazine.com.br\/wp-content\/uploads\/2022\/03\/Diogo-Nogueira-TIM-Music-Noites-Cariocas-foto-Guto-Costa-1024x1536.jpg 1024w, https:\/\/vimagazine.com.br\/wp-content\/uploads\/2022\/03\/Diogo-Nogueira-TIM-Music-Noites-Cariocas-foto-Guto-Costa.jpg 1213w\" sizes=\"(max-width: 683px) 100vw, 683px\" \/><\/figure>\n\n\n\n<ul><li>TIM, Governo do Estado do Rio de Janeiro, Secretaria de Estado&nbsp;de Cultura e Economia Criativa, atrav\u00e9s da Lei Estadual de Incentivo \u00e0&nbsp;cultura, apresentam TIM Music Noites Cariocas<\/li><\/ul>\n\n\n\n<ul><li>Hor\u00e1rio dos shows:&nbsp;<strong>:&nbsp;Diogo Nogueira (\u00e0s 24h)\u202f -\u202fAbertura Pocket Musical Tributo Tim Maia\u202f(\u00e0s 22h)<\/strong>&nbsp;<\/li><\/ul>\n\n\n\n<p>SERVI\u00c7O:\u202f\u202f\u202f\u202f&nbsp;<\/p>\n\n\n\n<p>TIM Music\u202fNoites\u202fCariocas\u202f\u202f\u202f\u202f&nbsp;<\/p>\n\n\n\n<p>Local: Bondinho P\u00e3o de&nbsp;A\u00e7\u00facar&nbsp;<\/p>\n\n\n\n<p>Endere\u00e7o:&nbsp;Av. Pasteur, 520 &#8211; Urca, Rio de Janeiro &#8211; RJ, 22290-240&nbsp;<\/p>\n\n\n\n<p>Site:\u202f<a href=\"http:\/\/www.timmusicnoitescariocas.com.br\/\" rel=\"noreferrer noopener\" target=\"_blank\">www.timmusicnoitescariocas.com.br<\/a>\u202f&nbsp;<\/p>\n\n\n\n<p>Ingressos:\u202f<a href=\"https:\/\/www.ingresse.com\/timmusicnoitescariocas\" target=\"_blank\" rel=\"noreferrer noopener\">https:\/\/www.ingresse.com\/timmusicnoitescariocas<\/a>Pontos de venda: Lojas TIM (Botafogo Praia Shopping, Rio Sul, Shopping Leblon, New York City Center, Nova Am\u00e9rica e Norte Shopping)&nbsp;<\/p>\n\n\n\n<p>Ingressos a partir de R$ 120 (meia)&nbsp;<\/p>\n\n\n\n<p>Possui Acessibilidade&nbsp;<\/p>\n\n\n\n<p>Capacidade: 2000&nbsp;<\/p>\n\n\n\n<p>Idade m\u00ednima: 18 anos&nbsp;<\/p>\n\n\n\n<p>Datas: 18\/03, 19\/03, 25\/03, 26\/03, 01\/04, 02\/04,\u202f08\/04\u202fe\u202f09\/04.\u202f\u202f\u202f\u202f&nbsp;<\/p>\n\n\n\n<p>Abertura do bondinho: \u00e0s 21h\u202f\u202f\u202f\u202f&nbsp;<\/p>\n","protected":false},"excerpt":{"rendered":"<p>Diogo Nogueira \u00e9 a segunda atra\u00e7\u00e3o da semana, no projeto TIM Music Noites Cariocas, edi\u00e7\u00e3o&#8230;<\/p>\n","protected":false},"author":3,"featured_media":3438,"comment_status":"closed","ping_status":"open","sticky":false,"template":"","format":"standard","meta":{"om_disable_all_campaigns":false,"_monsterinsights_skip_tracking":false,"_monsterinsights_sitenote_active":false,"_monsterinsights_sitenote_note":"","_monsterinsights_sitenote_category":0,"spay_email":""},"categories":[1],"tags":[],"jetpack_featured_media_url":"https:\/\/vimagazine.com.br\/wp-content\/uploads\/2022\/03\/Diogo-Nogueira-TIM-Musica-Noites-Cariocas-1-foto-Guto-Costa-e1647460238654.jpg","_links":{"self":[{"href":"https:\/\/vimagazine.com.br\/index.php?rest_route=\/wp\/v2\/posts\/3437"}],"collection":[{"href":"https:\/\/vimagazine.com.br\/index.php?rest_route=\/wp\/v2\/posts"}],"about":[{"href":"https:\/\/vimagazine.com.br\/index.php?rest_route=\/wp\/v2\/types\/post"}],"author":[{"embeddable":true,"href":"https:\/\/vimagazine.com.br\/index.php?rest_route=\/wp\/v2\/users\/3"}],"replies":[{"embeddable":true,"href":"https:\/\/vimagazine.com.br\/index.php?rest_route=%2Fwp%2Fv2%2Fcomments&post=3437"}],"version-history":[{"count":1,"href":"https:\/\/vimagazine.com.br\/index.php?rest_route=\/wp\/v2\/posts\/3437\/revisions"}],"predecessor-version":[{"id":3440,"href":"https:\/\/vimagazine.com.br\/index.php?rest_route=\/wp\/v2\/posts\/3437\/revisions\/3440"}],"wp:featuredmedia":[{"embeddable":true,"href":"https:\/\/vimagazine.com.br\/index.php?rest_route=\/wp\/v2\/media\/3438"}],"wp:attachment":[{"href":"https:\/\/vimagazine.com.br\/index.php?rest_route=%2Fwp%2Fv2%2Fmedia&parent=3437"}],"wp:term":[{"taxonomy":"category","embeddable":true,"href":"https:\/\/vimagazine.com.br\/index.php?rest_route=%2Fwp%2Fv2%2Fcategories&post=3437"},{"taxonomy":"post_tag","embeddable":true,"href":"https:\/\/vimagazine.com.br\/index.php?rest_route=%2Fwp%2Fv2%2Ftags&post=3437"}],"curies":[{"name":"wp","href":"https:\/\/api.w.org\/{rel}","templated":true}]}}