{"id":3442,"date":"2022-03-19T10:08:09","date_gmt":"2022-03-19T13:08:09","guid":{"rendered":"https:\/\/vimagazine.com.br\/?p=3442"},"modified":"2022-03-19T10:08:12","modified_gmt":"2022-03-19T13:08:12","slug":"matheus-mare-lanca-o-single-clouds-in-the-sky","status":"publish","type":"post","link":"https:\/\/vimagazine.com.br\/?p=3442","title":{"rendered":"Matheus Mar\u00ea lan\u00e7a o single Clouds in The Sky"},"content":{"rendered":"\n<p>O cantor Matheus Mar\u00ea lan\u00e7a sua segunda m\u00fasica de trabalho, o single&nbsp;<strong>\u201cClouds in The Sky\u201d<\/strong>,em todas as plataformas digitais. A faixa ganhou um videoclipe que teve como cen\u00e1rio a cidade de Florian\u00f3polis. O artista que participou ativamente da grava\u00e7\u00e3o do clipe escolheu com muito carinho, paisagens incr\u00edveis para fazer parte deste v\u00eddeo, como a &nbsp;Praia da Joaquina, Lagoa da Concei\u00e7\u00e3o e &nbsp;alguns locais importantes &nbsp;da regi\u00e3o central da cidade. Matheus contou tamb\u00e9m com a participa\u00e7\u00e3o especial da atriz Rayana Reis no v\u00eddeo, o registro j\u00e1 est\u00e1 dispon\u00edvel em seu canal oficial.&nbsp; A dire\u00e7\u00e3o foi assinada pelo produtor Gabriel Xavier e o roteiro \u00e9 de&nbsp;Matheus Mar\u00ea e Gabriel Xavier.<\/p>\n\n\n\n<p><strong>\u201cA m\u00fasica \u201cClouds in the Sky\u201d foi escrita h\u00e1 algum tempo, quando eu ainda &nbsp;morava em Florian\u00f3polis, nela eu uso o Swing e energia do Rock N`Roll para contar uma hist\u00f3ria que aborda temas como: busca, d\u00favidas, paix\u00e3o e despedida, tudo com intensidade e poesia. A can\u00e7\u00e3o e o videoclipe tamb\u00e9m fazem refer\u00eancia \u00e0s paisagens locais com sua beleza natural, &nbsp;exaltando a regi\u00e3o onde se desenrola a hist\u00f3ria. Este single representa a vida, onde tudo acontece de forma r\u00e1pida e imprevis\u00edvel sem nos dar tempo de pensar muito. \u00c9 uma m\u00fasica \u00fanica dentro do meu repert\u00f3rio autoral, realmente muito especial\u201d. Enfatiza Matheus<\/strong><\/p>\n\n\n\n<p>Essa m\u00fasica tem um significado \u00fanico para o artista e tamb\u00e9m far\u00e1 parte do repert\u00f3rio do EP com seis faixas autorais. Outra faixa in\u00e9dita lan\u00e7ada recentemente \u00e9 o single \u201cNo barco\u201d no melhor estilo MPB com elementos de Soul e Jazz.<\/p>\n\n\n\n<p>A produ\u00e7\u00e3o musical mais uma vez \u00e9 do Music Business Bolinha Sanfona, que com sua experi\u00eancia e sensibilidade reuniu um time de m\u00fasicos, considerados os melhores do pa\u00eds, para marcar este momento que \u00e9 um divisor de \u00e1guas na vida do artista.<\/p>\n\n\n\n<p><strong><u>Clouds in The sky<\/u><\/strong><\/p>\n\n\n\n<figure class=\"wp-block-embed is-type-rich is-provider-spotify wp-block-embed-spotify wp-embed-aspect-21-9 wp-has-aspect-ratio\"><div class=\"wp-block-embed__wrapper\">\n<iframe loading=\"lazy\" title=\"Spotify Embed: Clouds in the Sky\" style=\"border-radius: 12px\" width=\"100%\" height=\"80\" frameborder=\"0\" allowfullscreen allow=\"autoplay; clipboard-write; encrypted-media; fullscreen; picture-in-picture\" src=\"https:\/\/open.spotify.com\/embed\/track\/2zeAXyvhMQNqsdkF5zgjka?utm_source=oembed\"><\/iframe>\n<\/div><\/figure>\n\n\n\n<figure class=\"wp-block-embed is-type-video is-provider-youtube wp-block-embed-youtube wp-embed-aspect-16-9 wp-has-aspect-ratio\"><div class=\"wp-block-embed__wrapper\">\n<iframe loading=\"lazy\" title=\"Matheus Mar\u00ea -  Clouds In The Sky\" width=\"640\" height=\"360\" src=\"https:\/\/www.youtube.com\/embed\/lzUxoMLdXq4?feature=oembed\" frameborder=\"0\" allow=\"accelerometer; autoplay; clipboard-write; encrypted-media; gyroscope; picture-in-picture\" allowfullscreen><\/iframe>\n<\/div><\/figure>\n\n\n\n<p><strong><u>FICHA T\u00c9CNICA<\/u><\/strong><\/p>\n\n\n\n<p>Matheus Mar\u00ea | Voz Jota Resende | Piano Ac\u00fastico Carlos Bala | Bateria Conrado Goys | Guitarra e Viol\u00e3o A\u00e7o Alex Mesquita | Baixo Coringa (Ernani) | Gaita de Boca Alexandre de Jesus | Percuss\u00e3o Produ\u00e7\u00e3o Musical por Bolinha Sanfona Composi\u00e7\u00e3o (letra e m\u00fasica) por Matheus Mar\u00ea Arranjo por Jota Resende Gravado por Lu\u00eds Paulo Serafim (LP) nos est\u00fadios Eiffel (Santo Andr\u00e9) e Soundfinger (S\u00e3o Paulo) Mixado por Lu\u00eds Paulo Serafim (LP) no est\u00fadio Eiffel Masterizado Por Brendan Duffey<\/p>\n\n\n\n<p>VIDEOCLIPE Filmagem, Dire\u00e7\u00e3o, Edi\u00e7\u00e3o e Cria\u00e7\u00e3o por Gabriel Xavier (@vulgogb) Roteiro por Gabriel Xavier e Matheus Mar\u00ea participa\u00e7\u00e3o Rayana Reis (@bravacana.ana)<\/p>\n\n\n\n<p>&nbsp;<strong>Para saber mais acesse:<\/strong><\/p>\n\n\n\n<figure class=\"wp-block-embed\"><div class=\"wp-block-embed__wrapper\">\nhttps:\/\/www.youtube.com\/channel\/UCEAcRHmFelhTOwKM_stTLzg\/featured\n<\/div><\/figure>\n\n\n\n<figure class=\"wp-block-embed\"><div class=\"wp-block-embed__wrapper\">\nhttps:\/\/www.instagram.com\/matheus_mare\/\n<\/div><\/figure>\n\n\n\n<p>\u00a0 \u00a0\u00a0Assessoria de Imprensa\/ Divulga\u00e7\u00e3o TV<br><strong>\u00a0\u00a0Fernanda Lara Rocca\u00a0<\/strong><br>\u00a0Instagram:@fernanda.l.rocca<a href=\"http:\/\/twitter.com\/FernandaLara01\" target=\"_blank\" rel=\"noreferrer noopener\">twitter:@FernandaLara01<\/a><a href=\"https:\/\/www.facebook.com\/fernanda.l.rocca\" target=\"_blank\" rel=\"noreferrer noopener\">https:\/\/www.facebook.com\/fernanda.l.rocca<\/a><\/p>\n","protected":false},"excerpt":{"rendered":"<p>O cantor Matheus Mar\u00ea lan\u00e7a sua segunda m\u00fasica de trabalho, o single&nbsp;\u201cClouds in The Sky\u201d,em&#8230;<\/p>\n","protected":false},"author":3,"featured_media":3443,"comment_status":"closed","ping_status":"open","sticky":false,"template":"","format":"standard","meta":{"om_disable_all_campaigns":false,"_monsterinsights_skip_tracking":false,"_monsterinsights_sitenote_active":false,"_monsterinsights_sitenote_note":"","_monsterinsights_sitenote_category":0,"spay_email":""},"categories":[1],"tags":[],"jetpack_featured_media_url":"https:\/\/vimagazine.com.br\/wp-content\/uploads\/2022\/03\/Cloud-in-the-sky_Capa_v2.jpg","_links":{"self":[{"href":"https:\/\/vimagazine.com.br\/index.php?rest_route=\/wp\/v2\/posts\/3442"}],"collection":[{"href":"https:\/\/vimagazine.com.br\/index.php?rest_route=\/wp\/v2\/posts"}],"about":[{"href":"https:\/\/vimagazine.com.br\/index.php?rest_route=\/wp\/v2\/types\/post"}],"author":[{"embeddable":true,"href":"https:\/\/vimagazine.com.br\/index.php?rest_route=\/wp\/v2\/users\/3"}],"replies":[{"embeddable":true,"href":"https:\/\/vimagazine.com.br\/index.php?rest_route=%2Fwp%2Fv2%2Fcomments&post=3442"}],"version-history":[{"count":1,"href":"https:\/\/vimagazine.com.br\/index.php?rest_route=\/wp\/v2\/posts\/3442\/revisions"}],"predecessor-version":[{"id":3444,"href":"https:\/\/vimagazine.com.br\/index.php?rest_route=\/wp\/v2\/posts\/3442\/revisions\/3444"}],"wp:featuredmedia":[{"embeddable":true,"href":"https:\/\/vimagazine.com.br\/index.php?rest_route=\/wp\/v2\/media\/3443"}],"wp:attachment":[{"href":"https:\/\/vimagazine.com.br\/index.php?rest_route=%2Fwp%2Fv2%2Fmedia&parent=3442"}],"wp:term":[{"taxonomy":"category","embeddable":true,"href":"https:\/\/vimagazine.com.br\/index.php?rest_route=%2Fwp%2Fv2%2Fcategories&post=3442"},{"taxonomy":"post_tag","embeddable":true,"href":"https:\/\/vimagazine.com.br\/index.php?rest_route=%2Fwp%2Fv2%2Ftags&post=3442"}],"curies":[{"name":"wp","href":"https:\/\/api.w.org\/{rel}","templated":true}]}}