{"id":3469,"date":"2022-03-22T14:47:20","date_gmt":"2022-03-22T17:47:20","guid":{"rendered":"https:\/\/vimagazine.com.br\/?p=3469"},"modified":"2022-03-22T16:23:46","modified_gmt":"2022-03-22T19:23:46","slug":"antonia-fontinelle-e-dani-vieira-abrirao-o-desfile-estilista-guilherme-tavares","status":"publish","type":"post","link":"https:\/\/vimagazine.com.br\/?p=3469","title":{"rendered":"Ant\u00f4nia Fontinelle e Dani Vieira  abrir\u00e3o o desfile do estilista Guilherme Tavares"},"content":{"rendered":"\n<p><\/p>\n\n\n\n<p style=\"font-size:22px\"><strong>Ant\u00f4nia Fontinelle e Dani Vieira &nbsp;abrir\u00e3o o desfile da nova cole\u00e7\u00e3o do estilista Guilherme Tavares no Hotel Copacabana Palace &#8211; Rio de Janeiro &#8211; RJ<\/strong><\/p>\n\n\n\n<p class=\"has-normal-font-size\">Guilherme Tavares (GT) o jovem \u201cfazedor de arte\u201d come\u00e7ou como ajudante de cozinha, se tornou chef, consultor e escultor gastron\u00f4mico, at\u00e9 chegar ao seu grande sonho, as passarelas. A cria\u00e7\u00e3o est\u00e1 em seu DNA, pois sua fam\u00edlia \u00e9 formada por artes\u00e3os e alfaiates, que o ensinou entre agulhas e tesouras, uma gostosa receita de como fazer moda.<\/p>\n\n\n\n<figure class=\"wp-container-2 wp-block-gallery-1 wp-block-gallery columns-2 is-cropped\"><ul class=\"blocks-gallery-grid\"><li class=\"blocks-gallery-item\"><figure><img width=\"684\" height=\"1024\" src=\"https:\/\/vimagazine.com.br\/wp-content\/uploads\/2022\/03\/1cec5945-8f60-48c1-85c2-a1d76c6576a5-684x1024.jpg\" alt=\"\" data-id=\"3471\" data-full-url=\"https:\/\/vimagazine.com.br\/wp-content\/uploads\/2022\/03\/1cec5945-8f60-48c1-85c2-a1d76c6576a5.jpg\" data-link=\"https:\/\/vimagazine.com.br\/?attachment_id=3471\" class=\"wp-image-3471\" srcset=\"https:\/\/vimagazine.com.br\/wp-content\/uploads\/2022\/03\/1cec5945-8f60-48c1-85c2-a1d76c6576a5-684x1024.jpg 684w, https:\/\/vimagazine.com.br\/wp-content\/uploads\/2022\/03\/1cec5945-8f60-48c1-85c2-a1d76c6576a5-200x300.jpg 200w, https:\/\/vimagazine.com.br\/wp-content\/uploads\/2022\/03\/1cec5945-8f60-48c1-85c2-a1d76c6576a5-768x1150.jpg 768w, https:\/\/vimagazine.com.br\/wp-content\/uploads\/2022\/03\/1cec5945-8f60-48c1-85c2-a1d76c6576a5.jpg 1004w\" sizes=\"(max-width: 684px) 100vw, 684px\" \/><\/figure><\/li><li class=\"blocks-gallery-item\"><figure><img width=\"693\" height=\"1024\" src=\"https:\/\/vimagazine.com.br\/wp-content\/uploads\/2022\/03\/1eb36a2c-1e3d-4136-8f63-aec5bdec1ae5-1-693x1024.jpg\" alt=\"\" data-id=\"3472\" data-full-url=\"https:\/\/vimagazine.com.br\/wp-content\/uploads\/2022\/03\/1eb36a2c-1e3d-4136-8f63-aec5bdec1ae5-1.jpg\" data-link=\"https:\/\/vimagazine.com.br\/?attachment_id=3472\" class=\"wp-image-3472\" srcset=\"https:\/\/vimagazine.com.br\/wp-content\/uploads\/2022\/03\/1eb36a2c-1e3d-4136-8f63-aec5bdec1ae5-1-693x1024.jpg 693w, https:\/\/vimagazine.com.br\/wp-content\/uploads\/2022\/03\/1eb36a2c-1e3d-4136-8f63-aec5bdec1ae5-1-203x300.jpg 203w, https:\/\/vimagazine.com.br\/wp-content\/uploads\/2022\/03\/1eb36a2c-1e3d-4136-8f63-aec5bdec1ae5-1-768x1135.jpg 768w, https:\/\/vimagazine.com.br\/wp-content\/uploads\/2022\/03\/1eb36a2c-1e3d-4136-8f63-aec5bdec1ae5-1-1040x1536.jpg 1040w, https:\/\/vimagazine.com.br\/wp-content\/uploads\/2022\/03\/1eb36a2c-1e3d-4136-8f63-aec5bdec1ae5-1-1024x1513.jpg 1024w, https:\/\/vimagazine.com.br\/wp-content\/uploads\/2022\/03\/1eb36a2c-1e3d-4136-8f63-aec5bdec1ae5-1.jpg 1083w\" sizes=\"(max-width: 693px) 100vw, 693px\" \/><\/figure><\/li><\/ul><\/figure>\n\n\n\n<p class=\"has-normal-font-size\">Nos dias 8, 9 e 10 de abril, o estilista da Marca GT ir\u00e1 realizar o ECO FASHION WEEK, em Itabora\u00ed RJ.<\/p>\n\n\n\n<p class=\"has-normal-font-size\">O evento contar\u00e1 com shows, interven\u00e7\u00f5es art\u00edsticas e v\u00e1rios desfiles, entre eles o lan\u00e7amento da nova cole\u00e7\u00e3o <strong><em>&#8220;REVIVE&#8221; Pr\u00eat-\u00e0-porter 2022&#8243;<\/em><\/strong> inspirada na era imperial, que traz o conceito de <em>consci\u00eancia s\u00f3cio ambienta<\/em>l com apoio das Secretarias de Cultura, Meio Ambiente e Urbanismo sob a dire\u00e7\u00e3o dos secret\u00e1rios Roberto Costa e Jhonatan Ferrarez.<\/p>\n\n\n\n<p class=\"has-normal-font-size\">Ainda este ano Tavares far\u00e1 parte do time de estrelas que ir\u00e1 passar na cat walk do evento mais badalado da cidade maravilhosa <strong><em>&#8220;Mirror Fashion Day<\/em><\/strong>&#8221; que acontecer\u00e1 no <strong><em>Belmond Copacabana Palace, RJ<\/em><\/strong> \u2013 onde na passarela, as atrizes Ant\u00f4nia Fontenelle e Dani Vieira ir\u00e3o encabe\u00e7ar o time de modelos que abrir\u00e3o o desfie da nova cole\u00e7\u00e3o do Estilista.<\/p>\n\n\n\n<p class=\"has-normal-font-size\">A cole\u00e7\u00e3o in\u00e9dita \u00e9 confeccionada a partir de materiais recicl\u00e1veis, a cole\u00e7\u00e3o <strong><em>&#8220;REVIVE&#8221; Haute Couture &#8211; Do Lixo ao Luxo&#8221;<\/em><\/strong> tr\u00e1s bordados e pinturas a m\u00e3o livre.<\/p>\n\n\n\n<p class=\"has-normal-font-size\">Na passarela de um dos hot\u00e9is mais famosos do mundo, o estilista promete mostrar a todos que \u00e9 poss\u00edvel salvar o planeta com criatividade e responsabilidade.&nbsp;O evento acontecer\u00e1 no dia 12 de Abril no Hotel Copacabana Palace com dire\u00e7\u00e3o da empres\u00e1ria Sabrinna Zanini.<\/p>\n\n\n\n<p class=\"has-normal-font-size\">Guilherme Tavares que, nasceu em Duque de Caxias, no Rio de Janeiro e este ano est\u00e1 completando bodas de prata, no mundo da moda, ir\u00e1 ainda celebrar tamb\u00e9m como destaque na Escola de Samba Acad\u00eamicos da Grande Rio, a convite da sub secret\u00e1ria de Cultura de Duque de Caxias Simone Sangelis.<\/p>\n\n\n\n<p class=\"has-normal-font-size\">A Grande Rio \u00e9 famosa por reunir uma constela\u00e7\u00e3o de famosos em seus desfiles, entre eles a belissima Paola Oliveira reinando a frente da bateria. A escola ir\u00e1 desfilar no dia 23 de abril, na Marqu\u00eas de Sapuca\u00ed, no Rio de Janeiro.<br><\/p>\n","protected":false},"excerpt":{"rendered":"<p>Ant\u00f4nia Fontinelle e Dani Vieira &nbsp;abrir\u00e3o o desfile da nova cole\u00e7\u00e3o do estilista Guilherme Tavares&#8230;<\/p>\n","protected":false},"author":1,"featured_media":3476,"comment_status":"closed","ping_status":"open","sticky":false,"template":"","format":"standard","meta":{"om_disable_all_campaigns":false,"_monsterinsights_skip_tracking":false,"_monsterinsights_sitenote_active":false,"_monsterinsights_sitenote_note":"","_monsterinsights_sitenote_category":0,"spay_email":""},"categories":[26],"tags":[],"jetpack_featured_media_url":"https:\/\/vimagazine.com.br\/wp-content\/uploads\/2022\/03\/ANTO_DANI-1.jpg","_links":{"self":[{"href":"https:\/\/vimagazine.com.br\/index.php?rest_route=\/wp\/v2\/posts\/3469"}],"collection":[{"href":"https:\/\/vimagazine.com.br\/index.php?rest_route=\/wp\/v2\/posts"}],"about":[{"href":"https:\/\/vimagazine.com.br\/index.php?rest_route=\/wp\/v2\/types\/post"}],"author":[{"embeddable":true,"href":"https:\/\/vimagazine.com.br\/index.php?rest_route=\/wp\/v2\/users\/1"}],"replies":[{"embeddable":true,"href":"https:\/\/vimagazine.com.br\/index.php?rest_route=%2Fwp%2Fv2%2Fcomments&post=3469"}],"version-history":[{"count":5,"href":"https:\/\/vimagazine.com.br\/index.php?rest_route=\/wp\/v2\/posts\/3469\/revisions"}],"predecessor-version":[{"id":3481,"href":"https:\/\/vimagazine.com.br\/index.php?rest_route=\/wp\/v2\/posts\/3469\/revisions\/3481"}],"wp:featuredmedia":[{"embeddable":true,"href":"https:\/\/vimagazine.com.br\/index.php?rest_route=\/wp\/v2\/media\/3476"}],"wp:attachment":[{"href":"https:\/\/vimagazine.com.br\/index.php?rest_route=%2Fwp%2Fv2%2Fmedia&parent=3469"}],"wp:term":[{"taxonomy":"category","embeddable":true,"href":"https:\/\/vimagazine.com.br\/index.php?rest_route=%2Fwp%2Fv2%2Fcategories&post=3469"},{"taxonomy":"post_tag","embeddable":true,"href":"https:\/\/vimagazine.com.br\/index.php?rest_route=%2Fwp%2Fv2%2Ftags&post=3469"}],"curies":[{"name":"wp","href":"https:\/\/api.w.org\/{rel}","templated":true}]}}