{"id":3486,"date":"2022-03-25T15:20:15","date_gmt":"2022-03-25T18:20:15","guid":{"rendered":"https:\/\/vimagazine.com.br\/?p=3486"},"modified":"2022-03-25T15:21:05","modified_gmt":"2022-03-25T18:21:05","slug":"renan-nakano-e-alex-gimenes-darao-palestra-sobre-acessibilidade-em-projetos-culturais","status":"publish","type":"post","link":"https:\/\/vimagazine.com.br\/?p=3486","title":{"rendered":"Renan Nakano e Alex Gimenes dar\u00e3o palestra sobre acessibilidade em projetos culturais"},"content":{"rendered":"\n<p><\/p>\n\n\n\n<p>A dupla Renan Nakano e Alex Gimenes, que j\u00e1 estiveram em outras edi\u00e7\u00f5es do Amparo em Foco, voltam em 2022 para apresentarem a palestra &#8220;Sensibiliza\u00e7\u00e3o \u2013 acessibilidade em projetos culturais&#8221;, que vai abrir as atividades do dia 8 de abril, anivers\u00e1rio da cidade de Amparo.&nbsp;<\/p>\n\n\n\n<p>A palestra ter\u00e1 in\u00edcio \u00e0s 14h, no audit\u00f3rio do Cine Foto Clube de Amparo (CFCA), que fica na Rua Treze de Maio, 35, no centro da cidade. Os interessados dever\u00e3o chegar cedo, pois ser\u00e3o disponibilizados apenas 30 lugares. A palestra, assim como todas as outras, ter\u00e1 int\u00e9rprete de Libras, para garantir acessibilidade a comunidade surda.<\/p>\n\n\n\n<p style=\"font-size:18px\"><strong>&#8220;Sensibiliza\u00e7\u00e3o \u2013 acessibilidade em projetos culturais&#8221;<\/strong><\/p>\n\n\n\n<p>A palestra de sensibiliza\u00e7\u00e3o sobre &#8220;acessibilidade em projetos culturais&#8221; tem como objetivo apresentar aos participantes diretrizes para tornar acess\u00edvel atividades culturais. Renan e Alex abordar\u00e3o sobre suas experi\u00eancias com produ\u00e7\u00e3o de exposi\u00e7\u00f5es fotogr\u00e1ficas acess\u00edveis, contexto (pessoa com defici\u00eancia x cultura), recursos de acessibilidade e como pensar projetos que contemplem a acessibilidade cultural.<\/p>\n\n\n\n<p style=\"font-size:18px\"><strong>Palestrantes<\/strong><\/p>\n\n\n\n<p>Renan Nakano e Alex Gimenes s\u00e3o professores, autores, fot\u00f3grafos e possuem parceria na empresa Diafragma 8 &#8211; Escola de Fotografia e no projeto &#8220;O Retratista&#8221; &#8211; atuando como agentes culturais, produtores de a\u00e7\u00f5es nas \u00e1reas das artes visuais e fotografia. Renan Nakano \u00e9 p\u00f3s-graduado em Comunica\u00e7\u00e3o e M\u00eddia e especialista em Marketing &amp; Promotion pela University of Georgia, Comunica\u00e7\u00e3o Integrada pela ESPM &#8211; Escola Superior de Propaganda e Marketing e, Digital Photography &#8211; Harvard University, enquanto Alex Gimenes \u00e9 graduado em Comunica\u00e7\u00e3o Digital Fotografia e p\u00f3s-graduado em Comunica\u00e7\u00e3o Empresarial e Institucional, e em Comunica\u00e7\u00e3o e M\u00eddia.<\/p>\n\n\n\n<p style=\"font-size:18px\"><strong>Amparo em Foco<\/strong><\/p>\n\n\n\n<p>Criado em 2016, o Festival de Fotografia Amparo em Foco \u00e9 realizado no munic\u00edpio paulista de Amparo, que busca inserir a sociedade e seus participantes numa celebra\u00e7\u00e3o \u00e0 fotografia. O evento tem como objetivo difundir a arte fotogr\u00e1fica e conta com uma s\u00e9rie de atividades gratuitas, promovendo a integra\u00e7\u00e3o do p\u00fablico e a fotografia em suas diversas modalidades.&nbsp;<\/p>\n\n\n\n<p>Os principais pontos do festival ser\u00e3o a Pra\u00e7a da Catedral e a sede do Cine Foto Clube de Amparo, onde acontecer\u00e3o as exposi\u00e7\u00f5es e oficinas. Acompanhe nossas atividades em nossas redes sociais (@amparoemfoco) e confira a programa\u00e7\u00e3o completa no site oficial do evento <a href=\"http:\/\/www.amparoemfoco.com.br\/\" target=\"_blank\" rel=\"noreferrer noopener\">www.amparoemfoco.com.br<\/a>.&nbsp;&nbsp;<\/p>\n\n\n\n<p><\/p>\n\n\n\n<figure class=\"wp-container-2 wp-block-gallery-1 wp-block-gallery columns-2 is-cropped\"><ul class=\"blocks-gallery-grid\"><li class=\"blocks-gallery-item\"><figure><img width=\"300\" height=\"300\" src=\"https:\/\/vimagazine.com.br\/wp-content\/uploads\/2022\/03\/003-AEF_2022_release-palestra-Renan-e-Alex-foto01-300x300.jpg\" alt=\"\" data-id=\"3489\" data-link=\"https:\/\/vimagazine.com.br\/?attachment_id=3489\" class=\"wp-image-3489\" srcset=\"https:\/\/vimagazine.com.br\/wp-content\/uploads\/2022\/03\/003-AEF_2022_release-palestra-Renan-e-Alex-foto01-300x300.jpg 300w, https:\/\/vimagazine.com.br\/wp-content\/uploads\/2022\/03\/003-AEF_2022_release-palestra-Renan-e-Alex-foto01-150x150.jpg 150w, https:\/\/vimagazine.com.br\/wp-content\/uploads\/2022\/03\/003-AEF_2022_release-palestra-Renan-e-Alex-foto01.jpg 500w\" sizes=\"(max-width: 300px) 100vw, 300px\" \/><\/figure><\/li><li class=\"blocks-gallery-item\"><figure><img width=\"300\" height=\"300\" src=\"https:\/\/vimagazine.com.br\/wp-content\/uploads\/2022\/03\/003-AEF_2022_release-palestra-Renan-e-Alex-foto03-300x300.jpg\" alt=\"\" data-id=\"3490\" data-link=\"https:\/\/vimagazine.com.br\/?attachment_id=3490\" class=\"wp-image-3490\" srcset=\"https:\/\/vimagazine.com.br\/wp-content\/uploads\/2022\/03\/003-AEF_2022_release-palestra-Renan-e-Alex-foto03-300x300.jpg 300w, https:\/\/vimagazine.com.br\/wp-content\/uploads\/2022\/03\/003-AEF_2022_release-palestra-Renan-e-Alex-foto03-150x150.jpg 150w, https:\/\/vimagazine.com.br\/wp-content\/uploads\/2022\/03\/003-AEF_2022_release-palestra-Renan-e-Alex-foto03.jpg 500w\" sizes=\"(max-width: 300px) 100vw, 300px\" \/><\/figure><\/li><\/ul><\/figure>\n\n\n\n<figure class=\"wp-block-image size-medium\"><img width=\"300\" height=\"300\" src=\"https:\/\/vimagazine.com.br\/wp-content\/uploads\/2022\/03\/003-AEF_2022_release-palestra-Renan-e-Alex-02-1-300x300.jpg\" alt=\"\" class=\"wp-image-3491\" srcset=\"https:\/\/vimagazine.com.br\/wp-content\/uploads\/2022\/03\/003-AEF_2022_release-palestra-Renan-e-Alex-02-1-300x300.jpg 300w, https:\/\/vimagazine.com.br\/wp-content\/uploads\/2022\/03\/003-AEF_2022_release-palestra-Renan-e-Alex-02-1-1024x1024.jpg 1024w, https:\/\/vimagazine.com.br\/wp-content\/uploads\/2022\/03\/003-AEF_2022_release-palestra-Renan-e-Alex-02-1-150x150.jpg 150w, https:\/\/vimagazine.com.br\/wp-content\/uploads\/2022\/03\/003-AEF_2022_release-palestra-Renan-e-Alex-02-1-768x768.jpg 768w, https:\/\/vimagazine.com.br\/wp-content\/uploads\/2022\/03\/003-AEF_2022_release-palestra-Renan-e-Alex-02-1.jpg 1080w\" sizes=\"(max-width: 300px) 100vw, 300px\" \/><\/figure>\n\n\n\n<p><\/p>\n\n\n\n<p><strong>Atividade:<\/strong> Palestra: &#8220;Sensibiliza\u00e7\u00e3o \u2013 acessibilidade em projetos culturais&#8221;, com Renan Nakano e Alex Gimenes<\/p>\n\n\n\n<p><strong>Local:<\/strong> Audit\u00f3rio do Cine Foto Clube de Amparo<\/p>\n\n\n\n<p><strong>Cidade:<\/strong> Amparo\/SP<\/p>\n\n\n\n<p><strong>Data:<\/strong> 08 de abril de 2022<\/p>\n\n\n\n<p><strong>Hor\u00e1rio:<\/strong> 14h<\/p>\n\n\n\n<p>*Com Int\u00e9rprete de Libras<\/p>\n\n\n\n<p><strong>6\u00aa edi\u00e7\u00e3o do Amparo em Foco \u2013 Festival de Fotografia (2022)<\/strong><\/p>\n\n\n\n<p><strong>Redes Sociais:<\/strong> Facebook e Instagram @amparoemfoco<\/p>\n\n\n\n<p><strong>Site:<\/strong> <a href=\"http:\/\/www.amparoemfoco.com.br\/\" target=\"_blank\" rel=\"noreferrer noopener\">www.amparoemfoco.com.br<\/a>&nbsp;<\/p>\n","protected":false},"excerpt":{"rendered":"<p>A dupla Renan Nakano e Alex Gimenes, que j\u00e1 estiveram em outras edi\u00e7\u00f5es do Amparo&#8230;<\/p>\n","protected":false},"author":1,"featured_media":3487,"comment_status":"closed","ping_status":"open","sticky":false,"template":"","format":"standard","meta":{"om_disable_all_campaigns":false,"_monsterinsights_skip_tracking":false,"_monsterinsights_sitenote_active":false,"_monsterinsights_sitenote_note":"","_monsterinsights_sitenote_category":0,"spay_email":""},"categories":[1],"tags":[],"jetpack_featured_media_url":"https:\/\/vimagazine.com.br\/wp-content\/uploads\/2022\/03\/003-AEF_2022_release-palestra-Renan-e-Alex-01.jpg","_links":{"self":[{"href":"https:\/\/vimagazine.com.br\/index.php?rest_route=\/wp\/v2\/posts\/3486"}],"collection":[{"href":"https:\/\/vimagazine.com.br\/index.php?rest_route=\/wp\/v2\/posts"}],"about":[{"href":"https:\/\/vimagazine.com.br\/index.php?rest_route=\/wp\/v2\/types\/post"}],"author":[{"embeddable":true,"href":"https:\/\/vimagazine.com.br\/index.php?rest_route=\/wp\/v2\/users\/1"}],"replies":[{"embeddable":true,"href":"https:\/\/vimagazine.com.br\/index.php?rest_route=%2Fwp%2Fv2%2Fcomments&post=3486"}],"version-history":[{"count":2,"href":"https:\/\/vimagazine.com.br\/index.php?rest_route=\/wp\/v2\/posts\/3486\/revisions"}],"predecessor-version":[{"id":3493,"href":"https:\/\/vimagazine.com.br\/index.php?rest_route=\/wp\/v2\/posts\/3486\/revisions\/3493"}],"wp:featuredmedia":[{"embeddable":true,"href":"https:\/\/vimagazine.com.br\/index.php?rest_route=\/wp\/v2\/media\/3487"}],"wp:attachment":[{"href":"https:\/\/vimagazine.com.br\/index.php?rest_route=%2Fwp%2Fv2%2Fmedia&parent=3486"}],"wp:term":[{"taxonomy":"category","embeddable":true,"href":"https:\/\/vimagazine.com.br\/index.php?rest_route=%2Fwp%2Fv2%2Fcategories&post=3486"},{"taxonomy":"post_tag","embeddable":true,"href":"https:\/\/vimagazine.com.br\/index.php?rest_route=%2Fwp%2Fv2%2Ftags&post=3486"}],"curies":[{"name":"wp","href":"https:\/\/api.w.org\/{rel}","templated":true}]}}