{"id":3494,"date":"2022-03-25T18:15:23","date_gmt":"2022-03-25T21:15:23","guid":{"rendered":"https:\/\/vimagazine.com.br\/?p=3494"},"modified":"2022-03-25T18:15:25","modified_gmt":"2022-03-25T21:15:25","slug":"disney-in-concert-estende-temporada-ate-27-de-marco","status":"publish","type":"post","link":"https:\/\/vimagazine.com.br\/?p=3494","title":{"rendered":"Disney In Concert estende temporada at\u00e9 27 de mar\u00e7o"},"content":{"rendered":"\n<p><\/p>\n\n\n\n<p class=\"has-text-align-center has-medium-font-size\"><strong>Devido ao grande sucesso, \u2018Disney in Concert\u2019 estende temporada at\u00e9 27 de mar\u00e7o <\/strong><\/p>\n\n\n\n<p class=\"has-text-align-center has-medium-font-size\"><strong>no Teatro Bradesco <\/strong><\/p>\n\n\n\n<p class=\"has-text-align-center has-medium-font-size\"><strong><br>DISNEY IN CONCERT \u2013 As M\u00fasicas de Seus Filmes Favoritos ao Vivo em S\u00e3o Paulo<\/strong><\/p>\n\n\n\n<p style=\"font-size:14px\"><strong>A orquestra<\/strong><\/p>\n\n\n\n<p style=\"font-size:14px\">Fundada em 2002 pelo Maestro Adriano Machado, a Orquestra Sinf\u00f4nica Villa Lobos completa 22 anos de exist\u00eancia, reafirmando o compromisso que lhe deu origem: interpretar a m\u00fasicas sinf\u00f4nicas de forma inovadora com o objetivo de aproximar novos p\u00fablicos da m\u00fasica de concerto.<\/p>\n\n\n\n<p style=\"font-size:14px\">Hoje o maestro Adriano conta com o respeito do cen\u00e1rio musical atrav\u00e9s de uma carreira bem diversificada como maestro, violinista e arranjador, e sua forma\u00e7\u00e3o se espalha pelos campos da m\u00fasica e empreendedorismo. Ao longo dos anos, conduziu muitas produ\u00e7\u00f5es em alguns dos teatros mais prestigiados do Brasil. Sua tecnicidade o levou n\u00e3o s\u00f3 \u00e0s maiores produ\u00e7\u00f5es da m\u00fasica cl\u00e1ssica, mas tamb\u00e9m aos palcos musicais da cena popular, incluindo grandes concertos cinematogr\u00e1ficos, onde a orquestra sinf\u00f4nica \u00e9 protagonista na performance ao vivo de grandes filmes.<\/p>\n\n\n\n<p style=\"font-size:14px\">Al\u00e9m das vers\u00f5es orquestradas das can\u00e7\u00f5es cl\u00e1ssicas da Disney, o espet\u00e1culo conta tamb\u00e9m com imagens dos filmes projetadas em um tel\u00e3o LED, levando o p\u00fablico por uma viagem aos filmes mais queridos da Disney e passando por trilhas de A Bela e a Fera, A Pequena Sereia, Aladdin, O Rei Le\u00e3o, Mary Poppins e tamb\u00e9m pelos mais atuais como Frozen e Frozen 2, Moana, Enrolados e Piratas do Caribe.<\/p>\n\n\n\n<p style=\"font-size:14px\"><\/p>\n\n\n\n<p style=\"font-size:14px\">Disney in Concert \u2013 As M\u00fasicas de Seus Filmes Favoritos ao Vivo em S\u00e3o Paulo<\/p>\n\n\n\n<p style=\"font-size:14px\">25 de mar\u00e7o (sexta-feira): 20h<br>26 de mar\u00e7o (S\u00e1bado): 11h | 15h | 19h<br>27 de mar\u00e7o (Domingo): 11h | 15h | 19h<\/p>\n\n\n\n<p style=\"font-size:14px\">Teatro Bradesco<\/p>\n\n\n\n<p style=\"font-size:14px\">Rua Palestra It\u00e1lia, 500 \u2013 Bourbon Shopping S\u00e3o Paulo \u2013 Perdizes<\/p>\n\n\n\n<p><a href=\"https:\/\/www.instagram.com\/maestroadrianomachado\/\">@maestroadrianomachado<\/a><br><a href=\"https:\/\/www.instagram.com\/orquestrasinfonicavillalobos\/\">@orquestrasinfonicavillalobos<\/a><\/p>\n","protected":false},"excerpt":{"rendered":"<p>Disney in Concert \u2013 As M\u00fasicas de Seus Filmes Favoritos ao Vivo em S\u00e3o Paulo<\/p>\n","protected":false},"author":1,"featured_media":3495,"comment_status":"closed","ping_status":"open","sticky":false,"template":"","format":"standard","meta":{"om_disable_all_campaigns":false,"_monsterinsights_skip_tracking":false,"_monsterinsights_sitenote_active":false,"_monsterinsights_sitenote_note":"","_monsterinsights_sitenote_category":0,"spay_email":""},"categories":[26],"tags":[],"jetpack_featured_media_url":"https:\/\/vimagazine.com.br\/wp-content\/uploads\/2022\/03\/default.jpg","_links":{"self":[{"href":"https:\/\/vimagazine.com.br\/index.php?rest_route=\/wp\/v2\/posts\/3494"}],"collection":[{"href":"https:\/\/vimagazine.com.br\/index.php?rest_route=\/wp\/v2\/posts"}],"about":[{"href":"https:\/\/vimagazine.com.br\/index.php?rest_route=\/wp\/v2\/types\/post"}],"author":[{"embeddable":true,"href":"https:\/\/vimagazine.com.br\/index.php?rest_route=\/wp\/v2\/users\/1"}],"replies":[{"embeddable":true,"href":"https:\/\/vimagazine.com.br\/index.php?rest_route=%2Fwp%2Fv2%2Fcomments&post=3494"}],"version-history":[{"count":1,"href":"https:\/\/vimagazine.com.br\/index.php?rest_route=\/wp\/v2\/posts\/3494\/revisions"}],"predecessor-version":[{"id":3496,"href":"https:\/\/vimagazine.com.br\/index.php?rest_route=\/wp\/v2\/posts\/3494\/revisions\/3496"}],"wp:featuredmedia":[{"embeddable":true,"href":"https:\/\/vimagazine.com.br\/index.php?rest_route=\/wp\/v2\/media\/3495"}],"wp:attachment":[{"href":"https:\/\/vimagazine.com.br\/index.php?rest_route=%2Fwp%2Fv2%2Fmedia&parent=3494"}],"wp:term":[{"taxonomy":"category","embeddable":true,"href":"https:\/\/vimagazine.com.br\/index.php?rest_route=%2Fwp%2Fv2%2Fcategories&post=3494"},{"taxonomy":"post_tag","embeddable":true,"href":"https:\/\/vimagazine.com.br\/index.php?rest_route=%2Fwp%2Fv2%2Ftags&post=3494"}],"curies":[{"name":"wp","href":"https:\/\/api.w.org\/{rel}","templated":true}]}}