{"id":3497,"date":"2022-03-28T15:14:13","date_gmt":"2022-03-28T18:14:13","guid":{"rendered":"https:\/\/vimagazine.com.br\/?p=3497"},"modified":"2022-03-28T15:14:16","modified_gmt":"2022-03-28T18:14:16","slug":"a-bela-e-a-fera-um-musical-tera-novas-apresentacoes-em-sao-paulo","status":"publish","type":"post","link":"https:\/\/vimagazine.com.br\/?p=3497","title":{"rendered":"A Bela e a Fera &#8211; Um musical &#8211;  ter\u00e1 novas apresenta\u00e7\u00f5es em S\u00e3o Paulo"},"content":{"rendered":"\n<p><\/p>\n\n\n\n<p><\/p>\n\n\n\n<p style=\"font-size:14px\"><em>Ap\u00f3s temporada de sucesso em S\u00e3o Paulo e Bras\u00edlia, a adapta\u00e7\u00e3o musical de um dos maiores sucessos da hist\u00f3ria, &#8220;A Bela e a Fera&#8221;, de Madame de Beaumont, est\u00e1 de volta \u00e0 capital paulista.<\/em><\/p>\n\n\n\n<p style=\"font-size:14px\">&#8220;A Bela e a Fera \u2013 Um Musical&#8221; \u00e9 um espet\u00e1culo da Palavra e Som, e conta com efeitos especiais, 60 figurinos, sensa\u00e7\u00f5es em 3D onde a plateia poder\u00e1 se sentir imersa na hist\u00f3ria, ilusionismo, cen\u00e1rios grandiosos, al\u00e9m de ser todo cantado ao vivo. Seguindo a linha Family Show o musical encanta a toda fam\u00edlia.<\/p>\n\n\n\n<p style=\"font-size:14px\">O musical conta a hist\u00f3ria de Bela, uma inteligente jovem que vive em uma pequena aldeia e \u00e9 considerada estranha pelos moradores locais. Bela \u00e9 cortejada por Gaspar, o jovem ca\u00e7ador da aldeia que pretende casar com ela, por\u00e9m a jovem n\u00e3o retribui o interesse do rapaz, pois acha Gaspar uma pessoa primitiva. A jovem tem o pai capturado pela Fera e decide entregar sua vida ao estranho ser em troca da liberdade do progenitor. No castelo, ela conhece objetos m\u00e1gicos e descobre que a Fera \u00e9 na verdade um pr\u00edncipe que precisa de amor para voltar \u00e0 forma humana.<\/p>\n\n\n\n<p style=\"font-size:14px\">A montagem nacional \u00e9 idealizada pelo diretor geral Bruno Souza, dire\u00e7\u00e3o de cena de Manuela Litti\u00e9ry, com coreografias de Gabriela Evangelista, dire\u00e7\u00e3o musical do Maestro Ettore Ver\u00edssimo, vers\u00e3o do texto de Lucas Cavalaro e roteiro final de Bruno Souza. A produ\u00e7\u00e3o do espet\u00e1culo fica a cargo da Palavra &amp; Som Entretenimento.<\/p>\n\n\n\n<p style=\"font-size:14px\">Palavra e Som \u00e9 uma produtora cultural de S\u00e3o Paulo, comandada por Bruno Souza, durante a pandemia percorreu mais de 9 estados, realizou mais de 30 sess\u00f5es e atingiu um p\u00fablico de mais de 100 mil pessoas com apresenta\u00e7\u00e3o em Drive- in. Empregando diretamente mais de 40 pessoas durante esse per\u00edodo, entre t\u00e9cnicos, atores, camareiras e costureiras.<\/p>\n\n\n\n<p style=\"font-size:14px\">O musical ter\u00e1 apresenta\u00e7\u00f5es na Avenida Paulista, no Teatro Gazeta, nos dias 1, 2 e 3 de abril. Sexta-feira \u00e0s 20h, e s\u00e1bado e domingo \u00e0s 16h. Os ingressos est\u00e3o \u00e0 venda pelo Sympla.com, Ingresso R\u00e1pido, Mega Bilheteria, Passeio Kids, Sampa Online, Clubinho de Ofertas, Bilheteria Express e na Bilheteria do Teatro.<\/p>\n\n\n\n<p><strong>Ficha T\u00e9cnica:<\/strong><\/p>\n\n\n\n<p>Idealiza\u00e7\u00e3o e dire\u00e7\u00e3o geral: Bruno Souza<\/p>\n\n\n\n<p>Vers\u00e3o: Lucas Cavalaro<\/p>\n\n\n\n<p>Dire\u00e7\u00e3o de cena: Manuela Litti\u00e9ry<\/p>\n\n\n\n<p>Dire\u00e7\u00e3o musical: Ettore Ver\u00edssimo<\/p>\n\n\n\n<p>Assistente de dire\u00e7\u00e3o musical: Gabriel Fabbri<\/p>\n\n\n\n<p>Coreografias: Gabriela Evangelista<\/p>\n\n\n\n<p>Produ\u00e7\u00e3o: Palavra &amp; Som Entretenimento<\/p>\n\n\n\n<p>Produ\u00e7\u00e3o executiva: Tatiana Veliz<\/p>\n\n\n\n<p>Produ\u00e7\u00e3o Art\u00edstica: Daniela Simonassi<\/p>\n\n\n\n<p><strong>Servi\u00e7o:<\/strong><\/p>\n\n\n\n<p>&#8220;A Bela e a Fera \u2013 Um Musical in Concert&#8221;<\/p>\n\n\n\n<p>Apresenta\u00e7\u00f5es dia 01, 02 e 03 de abril de 2022<\/p>\n\n\n\n<p>Sexta-feira, \u00e0s 20h; s\u00e1bado, \u00e0s 16h; e domingo, \u00e0s 16h<\/p>\n\n\n\n<p>Teatro Gazeta (Av. Paulista, 900 &#8211; Bela Vista, S\u00e3o Paulo \u2013 SP)<\/p>\n\n\n\n<p>Ingressos a partir de R$50,00<\/p>\n\n\n\n<p>Venda pelo site:&nbsp;<a href=\"https:\/\/bileto.sympla.com.br\/event\/71878\" target=\"_blank\" rel=\"noreferrer noopener\">https:\/\/bileto.sympla.com.br\/event\/71878<\/a><\/p>\n\n\n\n<p>Dura\u00e7\u00e3o: 140 minutos<\/p>\n\n\n\n<p>Classifica\u00e7\u00e3o: Livre<\/p>\n","protected":false},"excerpt":{"rendered":"<p>Ap\u00f3s temporada de sucesso em S\u00e3o Paulo e Bras\u00edlia, a adapta\u00e7\u00e3o musical de um dos&#8230;<\/p>\n","protected":false},"author":1,"featured_media":3498,"comment_status":"closed","ping_status":"open","sticky":false,"template":"","format":"standard","meta":{"om_disable_all_campaigns":false,"_monsterinsights_skip_tracking":false,"_monsterinsights_sitenote_active":false,"_monsterinsights_sitenote_note":"","_monsterinsights_sitenote_category":0,"spay_email":""},"categories":[1],"tags":[],"jetpack_featured_media_url":"https:\/\/vimagazine.com.br\/wp-content\/uploads\/2022\/03\/a-bela-e-a-fera.jpeg","_links":{"self":[{"href":"https:\/\/vimagazine.com.br\/index.php?rest_route=\/wp\/v2\/posts\/3497"}],"collection":[{"href":"https:\/\/vimagazine.com.br\/index.php?rest_route=\/wp\/v2\/posts"}],"about":[{"href":"https:\/\/vimagazine.com.br\/index.php?rest_route=\/wp\/v2\/types\/post"}],"author":[{"embeddable":true,"href":"https:\/\/vimagazine.com.br\/index.php?rest_route=\/wp\/v2\/users\/1"}],"replies":[{"embeddable":true,"href":"https:\/\/vimagazine.com.br\/index.php?rest_route=%2Fwp%2Fv2%2Fcomments&post=3497"}],"version-history":[{"count":1,"href":"https:\/\/vimagazine.com.br\/index.php?rest_route=\/wp\/v2\/posts\/3497\/revisions"}],"predecessor-version":[{"id":3499,"href":"https:\/\/vimagazine.com.br\/index.php?rest_route=\/wp\/v2\/posts\/3497\/revisions\/3499"}],"wp:featuredmedia":[{"embeddable":true,"href":"https:\/\/vimagazine.com.br\/index.php?rest_route=\/wp\/v2\/media\/3498"}],"wp:attachment":[{"href":"https:\/\/vimagazine.com.br\/index.php?rest_route=%2Fwp%2Fv2%2Fmedia&parent=3497"}],"wp:term":[{"taxonomy":"category","embeddable":true,"href":"https:\/\/vimagazine.com.br\/index.php?rest_route=%2Fwp%2Fv2%2Fcategories&post=3497"},{"taxonomy":"post_tag","embeddable":true,"href":"https:\/\/vimagazine.com.br\/index.php?rest_route=%2Fwp%2Fv2%2Ftags&post=3497"}],"curies":[{"name":"wp","href":"https:\/\/api.w.org\/{rel}","templated":true}]}}