{"id":3505,"date":"2022-03-30T21:57:58","date_gmt":"2022-03-31T00:57:58","guid":{"rendered":"https:\/\/vimagazine.com.br\/?p=3505"},"modified":"2022-03-30T22:11:47","modified_gmt":"2022-03-31T01:11:47","slug":"sorocaba-embaixador-do-mr-moo-festival-prestigia-a-festa-de-lancamento-do-projeto-o-maior-moo-de-todos-os-tempos","status":"publish","type":"post","link":"https:\/\/vimagazine.com.br\/?p=3505","title":{"rendered":"Sorocaba &#8211; embaixador do Mr.Moo Festival prestigia a festa de lan\u00e7amento do projeto &#8220;O maior Moo de todos os tempos&#8221;"},"content":{"rendered":"\n<p><\/p>\n\n\n\n<p style=\"font-size:14px\">Na noite da \u00faltima segunda-feira (28\/03), S\u00e3o Jos\u00e9 dos Campos recebeu a festa de lan\u00e7amento da 13 \u00aa Edi\u00e7\u00e3o do Mr.Moo Festival.&nbsp; A festa reuniu a imprensa, patrocinadores e influenciadores.<\/p>\n\n\n\n<p style=\"font-size:14px\">O cantor Sorocaba, Embaixador do evento, compareceu ao evento e fez um show exclusivo para os 150 convidados com um repert\u00f3rio al\u00e9m de especial.<\/p>\n\n\n\n<p style=\"font-size:14px\">Foi anunciada a data desta pr\u00f3xima edi\u00e7\u00e3o do Mr.Moo Festival, o evento vai acontecer no s\u00e1bado 28 de maio em sua cidade natal, S\u00e3o Jos\u00e9 dos Campos e promete ser a maior e melhor edi\u00e7\u00e3o com um projeto de mais de 100 mil metros quadrados criado pelas melhores empresas do Brasil e Am\u00e9rica Latina.<\/p>\n\n\n\n<p style=\"font-size:14px\">&nbsp;&#8221;Viramos um Festival e nesta data vamos mostrar para o mundo um evento \u00fanico, muita tecnologia e uma opera\u00e7\u00e3o com mais de 1.000 funcion\u00e1rios para atender com excel\u00eancia nossos clientes&#8221; comentou o Sorocaba.<\/p>\n\n\n\n<p style=\"font-size:14px\">Os ingressos do 01 lote ser\u00e3o vendidos somente na segunda-feira (04\/04), a partir das 00h pela plataforma @sympla, a novidade \u00e9 que tamb\u00e9m teremos a tradicional venda de ingressos f\u00edsicos sem taxas na pr\u00f3pria loja do Mr.Moo no Jardim Aquarius em S\u00e3o Jos\u00e9 dos Campos a partir das 8h<\/p>\n\n\n\n<p style=\"font-size:14px\">O Mr.Moo Festival est\u00e1 em sua 13\u00aa Edi\u00e7\u00e3o, \u00e9 considerado atualmente o maior festival de churrasco do mundo.&nbsp; O \u00faltimo evento aconteceu em dezembro de 2021 na cidade de Rio Claro, interior de S\u00e3o Paulo. O festival tamb\u00e9m j\u00e1 passou por S\u00e3o Paulo e Ribeir\u00e3o Preto e outras cidades.<\/p>\n\n\n\n<figure class=\"wp-container-2 wp-block-gallery-1 wp-block-gallery columns-2 is-cropped\"><ul class=\"blocks-gallery-grid\"><li class=\"blocks-gallery-item\"><figure><img width=\"1024\" height=\"684\" src=\"https:\/\/vimagazine.com.br\/wp-content\/uploads\/2022\/03\/Danilo-Elena-Bruno-Alvarenga-Sorocaba-e-Felipe-Thai-1024x684.jpg\" alt=\"\" data-id=\"3506\" data-full-url=\"https:\/\/vimagazine.com.br\/wp-content\/uploads\/2022\/03\/Danilo-Elena-Bruno-Alvarenga-Sorocaba-e-Felipe-Thai.jpg\" data-link=\"https:\/\/vimagazine.com.br\/?attachment_id=3506\" class=\"wp-image-3506\" srcset=\"https:\/\/vimagazine.com.br\/wp-content\/uploads\/2022\/03\/Danilo-Elena-Bruno-Alvarenga-Sorocaba-e-Felipe-Thai-1024x684.jpg 1024w, https:\/\/vimagazine.com.br\/wp-content\/uploads\/2022\/03\/Danilo-Elena-Bruno-Alvarenga-Sorocaba-e-Felipe-Thai-300x200.jpg 300w, https:\/\/vimagazine.com.br\/wp-content\/uploads\/2022\/03\/Danilo-Elena-Bruno-Alvarenga-Sorocaba-e-Felipe-Thai-768x513.jpg 768w, https:\/\/vimagazine.com.br\/wp-content\/uploads\/2022\/03\/Danilo-Elena-Bruno-Alvarenga-Sorocaba-e-Felipe-Thai.jpg 1280w\" sizes=\"(max-width: 1024px) 100vw, 1024px\" \/><\/figure><\/li><li class=\"blocks-gallery-item\"><figure><img width=\"1024\" height=\"684\" src=\"https:\/\/vimagazine.com.br\/wp-content\/uploads\/2022\/03\/Oscar-Constantino-Sorocaba-e-Paulo-Cunha-1024x684.jpg\" alt=\"\" data-id=\"3507\" data-full-url=\"https:\/\/vimagazine.com.br\/wp-content\/uploads\/2022\/03\/Oscar-Constantino-Sorocaba-e-Paulo-Cunha.jpg\" data-link=\"https:\/\/vimagazine.com.br\/?attachment_id=3507\" class=\"wp-image-3507\" srcset=\"https:\/\/vimagazine.com.br\/wp-content\/uploads\/2022\/03\/Oscar-Constantino-Sorocaba-e-Paulo-Cunha-1024x684.jpg 1024w, https:\/\/vimagazine.com.br\/wp-content\/uploads\/2022\/03\/Oscar-Constantino-Sorocaba-e-Paulo-Cunha-300x200.jpg 300w, https:\/\/vimagazine.com.br\/wp-content\/uploads\/2022\/03\/Oscar-Constantino-Sorocaba-e-Paulo-Cunha-768x513.jpg 768w, https:\/\/vimagazine.com.br\/wp-content\/uploads\/2022\/03\/Oscar-Constantino-Sorocaba-e-Paulo-Cunha.jpg 1280w\" sizes=\"(max-width: 1024px) 100vw, 1024px\" \/><\/figure><\/li><li class=\"blocks-gallery-item\"><figure><img width=\"1024\" height=\"684\" src=\"https:\/\/vimagazine.com.br\/wp-content\/uploads\/2022\/03\/lancamento-MOO-1024x684.jpg\" alt=\"\" data-id=\"3509\" data-full-url=\"https:\/\/vimagazine.com.br\/wp-content\/uploads\/2022\/03\/lancamento-MOO.jpg\" data-link=\"https:\/\/vimagazine.com.br\/?attachment_id=3509\" class=\"wp-image-3509\" srcset=\"https:\/\/vimagazine.com.br\/wp-content\/uploads\/2022\/03\/lancamento-MOO-1024x684.jpg 1024w, https:\/\/vimagazine.com.br\/wp-content\/uploads\/2022\/03\/lancamento-MOO-300x200.jpg 300w, https:\/\/vimagazine.com.br\/wp-content\/uploads\/2022\/03\/lancamento-MOO-768x513.jpg 768w, https:\/\/vimagazine.com.br\/wp-content\/uploads\/2022\/03\/lancamento-MOO.jpg 1280w\" sizes=\"(max-width: 1024px) 100vw, 1024px\" \/><\/figure><\/li><li class=\"blocks-gallery-item\"><figure><img width=\"1024\" height=\"684\" src=\"https:\/\/vimagazine.com.br\/wp-content\/uploads\/2022\/03\/Giselle-Estefano-e-Anna-Denz-1024x684.jpg\" alt=\"\" data-id=\"3510\" data-full-url=\"https:\/\/vimagazine.com.br\/wp-content\/uploads\/2022\/03\/Giselle-Estefano-e-Anna-Denz.jpg\" data-link=\"https:\/\/vimagazine.com.br\/?attachment_id=3510\" class=\"wp-image-3510\" srcset=\"https:\/\/vimagazine.com.br\/wp-content\/uploads\/2022\/03\/Giselle-Estefano-e-Anna-Denz-1024x684.jpg 1024w, https:\/\/vimagazine.com.br\/wp-content\/uploads\/2022\/03\/Giselle-Estefano-e-Anna-Denz-300x200.jpg 300w, https:\/\/vimagazine.com.br\/wp-content\/uploads\/2022\/03\/Giselle-Estefano-e-Anna-Denz-768x513.jpg 768w, https:\/\/vimagazine.com.br\/wp-content\/uploads\/2022\/03\/Giselle-Estefano-e-Anna-Denz.jpg 1280w\" sizes=\"(max-width: 1024px) 100vw, 1024px\" \/><\/figure><\/li><\/ul><\/figure>\n\n\n\n<p><strong>Os ingressos do 1 lote ser\u00e3o vendidos somente na pr\u00f3xima segunda-feira (04) de abril<\/strong><\/p>\n\n\n\n<p><strong>13\u00aa Edi\u00e7\u00e3o Mr.Moo Festival<\/strong><\/p>\n\n\n\n<p><strong>Local:<\/strong> S\u00e3o Jos\u00e9 dos Campos<\/p>\n\n\n\n<p><strong>Data:<\/strong> 28 de maio<\/p>\n\n\n\n<p><strong>Ingressos:<\/strong><\/p>\n\n\n\n<p>&nbsp;01 Lote somente na segunda-feira (04\/04) a partir das 00h pela plataforma @sympla ou na loja do Mr.Moo em S\u00e3o Jos\u00e9 dos Campos a partir das 8h<\/p>\n\n\n\n<p>Avenida Alfredo Ign\u00e1cio Penido, 255 &#8211; Jardim Aquarius<\/p>\n\n\n\n<p>Sigam:<\/p>\n\n\n\n<p>@mrmoofestival<\/p>\n\n\n\n<p>@mrmoochurrasco<\/p>\n\n\n\n<p><\/p>\n\n\n\n<p><strong><em>Fotos: Gilberto Freitas<\/em><\/strong><\/p>\n","protected":false},"excerpt":{"rendered":"<p>Na noite da \u00faltima segunda-feira (28\/03), S\u00e3o Jos\u00e9 dos Campos recebeu a festa de lan\u00e7amento&#8230;<\/p>\n","protected":false},"author":1,"featured_media":3516,"comment_status":"closed","ping_status":"open","sticky":false,"template":"","format":"standard","meta":{"om_disable_all_campaigns":false,"_monsterinsights_skip_tracking":false,"_monsterinsights_sitenote_active":false,"_monsterinsights_sitenote_note":"","_monsterinsights_sitenote_category":0,"spay_email":""},"categories":[1],"tags":[],"jetpack_featured_media_url":"https:\/\/vimagazine.com.br\/wp-content\/uploads\/2022\/03\/Sorocaba-1-2.jpg","_links":{"self":[{"href":"https:\/\/vimagazine.com.br\/index.php?rest_route=\/wp\/v2\/posts\/3505"}],"collection":[{"href":"https:\/\/vimagazine.com.br\/index.php?rest_route=\/wp\/v2\/posts"}],"about":[{"href":"https:\/\/vimagazine.com.br\/index.php?rest_route=\/wp\/v2\/types\/post"}],"author":[{"embeddable":true,"href":"https:\/\/vimagazine.com.br\/index.php?rest_route=\/wp\/v2\/users\/1"}],"replies":[{"embeddable":true,"href":"https:\/\/vimagazine.com.br\/index.php?rest_route=%2Fwp%2Fv2%2Fcomments&post=3505"}],"version-history":[{"count":5,"href":"https:\/\/vimagazine.com.br\/index.php?rest_route=\/wp\/v2\/posts\/3505\/revisions"}],"predecessor-version":[{"id":3518,"href":"https:\/\/vimagazine.com.br\/index.php?rest_route=\/wp\/v2\/posts\/3505\/revisions\/3518"}],"wp:featuredmedia":[{"embeddable":true,"href":"https:\/\/vimagazine.com.br\/index.php?rest_route=\/wp\/v2\/media\/3516"}],"wp:attachment":[{"href":"https:\/\/vimagazine.com.br\/index.php?rest_route=%2Fwp%2Fv2%2Fmedia&parent=3505"}],"wp:term":[{"taxonomy":"category","embeddable":true,"href":"https:\/\/vimagazine.com.br\/index.php?rest_route=%2Fwp%2Fv2%2Fcategories&post=3505"},{"taxonomy":"post_tag","embeddable":true,"href":"https:\/\/vimagazine.com.br\/index.php?rest_route=%2Fwp%2Fv2%2Ftags&post=3505"}],"curies":[{"name":"wp","href":"https:\/\/api.w.org\/{rel}","templated":true}]}}