{"id":3788,"date":"2022-04-01T11:34:04","date_gmt":"2022-04-01T14:34:04","guid":{"rendered":"https:\/\/vimagazine.com.br\/?p=3788"},"modified":"2022-04-01T11:34:08","modified_gmt":"2022-04-01T14:34:08","slug":"jornalista-e-comediante-ricardo-bello-comemora-o-sucesso-na-internet","status":"publish","type":"post","link":"https:\/\/vimagazine.com.br\/?p=3788","title":{"rendered":"Jornalista e comediante Ricardo Bello comemora o sucesso na Internet"},"content":{"rendered":"\n<p><\/p>\n\n\n\n<p style=\"font-size:14px\">O Jornalista e humorista Ricardo Bello comemora o sucesso do blog Revista de Cultura na Internet. No ar desde 2009, a plataforma, que \u00e9 atualizada por ele diariamente, j\u00e1 recebeu a visita de quase 1 milh\u0101o de pessoas. No caso dele, a express\u00e3o &#8220;todo mundo l\u00ea&#8221; n\u00e3o \u00e9 figura de linguagem. O blog, que possui um aplicativo tradutor de idiomas, recebe acessos do Brasil, Estados Unidos, Alemanha, Su\u00e9cia, Fran\u00e7a e outros pa\u00edses. &#8220;Cada vez que olho os acessos e a origem dos leitores me surpreendo. Aparecem pa\u00edses onde nunca estive e com muita gente acessando. Dos Estados Unidos,por exemplo, s\u0101o em m\u00e9dia 14 mil leitores por semana. Outros pa\u00edses tamb\u00e9m tem acessado bastante. Fico muito feliz com essa repercuss\u00e3o positiva e procuro fazer o melhor que posso&#8221;, revela Ricardo com exclusividade.<br><\/p>\n\n\n\n<p style=\"font-size:14px\">Longe dos shows de stand-up comedy por conta da pandemia, ele tem feito a intera\u00e7\u00e3o com seu p\u00fablico de forma on-line &#8220;Manter o contato com o p\u00fablico \u00e9 fundamental. E enquanto os shows n\u00e3o voltam com for\u00e7a total, as pessoas me v\u00eaem no blog ou nas lives que participo toda semana&#8221;, comenta Bello.<br>Ricardo \u00e9 mineiro de Belo Horizonte, mas tem feito sucesso em terras catarinenses participando do programa A Casa \u00e9 Sua, transmitido ao vivo no tradicional r\u00e1dio e no YouTube da R\u00e1dio Cidade em Dia FM de Crici\u00fama, no estado de Santa Catarina<br>Sobre a volta gradual aos palcos, Ricardo pensa em conhecer outras cidades no Brasil e exterior\u00a0&#8220;Seria genial levar o shows e os personagens\u00a0 que interpreto para os povos de outras culturas conhecerem e se divertirem tamb\u00e9m. Humor ajuda a gente a viver melhor, principalmente en tempos t\u00e3o desafiadores&#8221;, comenta Ricardo. E claro, o show conta com piadas e casos novos em cena.&#8221; Gosto de apresentar novidades ao p\u00fablico, seja no palco ou on-line, sempre renovo e procuro surpreender&#8221;, destaca Ricardo.<br><\/p>\n\n\n\n<p class=\"has-medium-font-size\"><strong>Sobre Ricardo Bello<br><\/strong><\/p>\n\n\n\n<p style=\"font-size:14px\">Jornalista, humorista e tamb\u00e9m desenhista. Come\u00e7ou a vida art\u00edstica desenhando celebridades e entregando os desenhos pessoalmente. Entregou seus trabalhos a nomes, como: Silvio Santos, o Rei Roberto Carlos, Ivete Sangalo, a banda Yes, Fernanda Montenegro, o m\u00e1gico Mister M, Julio Iglesias entre outros. Foi reconhecido pelo Rankbrasil, o livro dos recordes brasileiro pela &#8220;Maior Quantidade de Caricaturas de Celebridades Entregues em M\u00e3os&#8221;. Ao todo, s\u00e3o mais de 300 artistas nacionais e internacionais que foram desenhados e receberam seus trabalhos pessoalmente.Publicou um livro\u00a0&#8220;Ca\u00e7ador de Celebridades&#8221;, onde narra as aventuras que viveu para entregar os desenhos aos artistas.<br>Seu talento \u00e9 reconhecido em outros pa\u00edses tamb\u00e9m. J\u00e1 foi entrevistado por jornais do Jap\u00e3o e Estados Unidos.<br><\/p>\n\n\n\n<p style=\"font-size:14px\">Conhe\u00e7a mais os traba<strong>lhos de Ricardo Bello acessando suas redes sociais:<\/strong><br><a href=\"http:\/\/www.facebook.com\/ricardobellofanpage\" target=\"_blank\" rel=\"noreferrer noopener\">www.facebook.com\/ricardobellofanpage<\/a><br><a href=\"http:\/\/www.instagram.com\/\" target=\"_blank\" rel=\"noreferrer noopener\">www.instagram.com\/<\/a>\u00a0ricardobellooficial<br><a href=\"http:\/\/www.revistadecultura.blogspot.com\/\" target=\"_blank\" rel=\"noreferrer noopener\">www.revistadecultura.blogspot.com<\/a><\/p>\n","protected":false},"excerpt":{"rendered":"<p>O Jornalista e humorista Ricardo Bello comemora o sucesso do blog Revista de Cultura na&#8230;<\/p>\n","protected":false},"author":3,"featured_media":3789,"comment_status":"closed","ping_status":"open","sticky":false,"template":"","format":"standard","meta":{"om_disable_all_campaigns":false,"_monsterinsights_skip_tracking":false,"_monsterinsights_sitenote_active":false,"_monsterinsights_sitenote_note":"","_monsterinsights_sitenote_category":0,"spay_email":""},"categories":[27],"tags":[],"jetpack_featured_media_url":"https:\/\/vimagazine.com.br\/wp-content\/uploads\/2022\/04\/Ricardo-Bello_foto_divulgacao.jpg","_links":{"self":[{"href":"https:\/\/vimagazine.com.br\/index.php?rest_route=\/wp\/v2\/posts\/3788"}],"collection":[{"href":"https:\/\/vimagazine.com.br\/index.php?rest_route=\/wp\/v2\/posts"}],"about":[{"href":"https:\/\/vimagazine.com.br\/index.php?rest_route=\/wp\/v2\/types\/post"}],"author":[{"embeddable":true,"href":"https:\/\/vimagazine.com.br\/index.php?rest_route=\/wp\/v2\/users\/3"}],"replies":[{"embeddable":true,"href":"https:\/\/vimagazine.com.br\/index.php?rest_route=%2Fwp%2Fv2%2Fcomments&post=3788"}],"version-history":[{"count":1,"href":"https:\/\/vimagazine.com.br\/index.php?rest_route=\/wp\/v2\/posts\/3788\/revisions"}],"predecessor-version":[{"id":3790,"href":"https:\/\/vimagazine.com.br\/index.php?rest_route=\/wp\/v2\/posts\/3788\/revisions\/3790"}],"wp:featuredmedia":[{"embeddable":true,"href":"https:\/\/vimagazine.com.br\/index.php?rest_route=\/wp\/v2\/media\/3789"}],"wp:attachment":[{"href":"https:\/\/vimagazine.com.br\/index.php?rest_route=%2Fwp%2Fv2%2Fmedia&parent=3788"}],"wp:term":[{"taxonomy":"category","embeddable":true,"href":"https:\/\/vimagazine.com.br\/index.php?rest_route=%2Fwp%2Fv2%2Fcategories&post=3788"},{"taxonomy":"post_tag","embeddable":true,"href":"https:\/\/vimagazine.com.br\/index.php?rest_route=%2Fwp%2Fv2%2Ftags&post=3788"}],"curies":[{"name":"wp","href":"https:\/\/api.w.org\/{rel}","templated":true}]}}