{"id":3912,"date":"2022-04-19T21:21:12","date_gmt":"2022-04-20T00:21:12","guid":{"rendered":"https:\/\/vimagazine.com.br\/?p=3912"},"modified":"2022-04-19T21:21:15","modified_gmt":"2022-04-20T00:21:15","slug":"aline-dalcin-e-homenageada-no-mirror-fashion-day-2022","status":"publish","type":"post","link":"https:\/\/vimagazine.com.br\/?p=3912","title":{"rendered":"Aline Dalcin \u00e9 homenageada no Mirror Fashion Day 2022"},"content":{"rendered":"\n<p><em>A pedagoga, terapeuta hol\u00edstica, coach e analista comportamental teve seu trabalho&nbsp;reconhecido no evento que reuniu e reconheceu o trabalho de pessoas influentes em&nbsp;diversas&nbsp;\u00e1reas.<\/em><\/p>\n\n\n\n<p>Na \u00faltima ter\u00e7a-feira (12), Aline Dalcin teve seu trabalho como Palestrante&nbsp;Motivacional reconhecido durante o Mirror Fashion Day, que aconteceu durante uma&nbsp;grande&nbsp;festa&nbsp;no&nbsp;Copacabana Palace, no Rio&nbsp;de&nbsp;Janeiro.<\/p>\n\n\n\n<p>A homenagem fez parte da premia\u00e7\u00e3o Melhores do Ano, que acontece anualmente&nbsp;como parte da programa\u00e7\u00e3o do evento. Na ocasi\u00e3o, Aline celebrou o reconhecimento&nbsp;do trabalho que desenvolve para a expans\u00e3o de consci\u00eancia e intelig\u00eancia emocional&nbsp;agradecendo as suas ra\u00edzes femininas e celebrando a persist\u00eancia que a levou \u00e0&nbsp;premia\u00e7\u00e3o. \u201c\u00c9 uma honra estar aqui. Eu sempre digo que tudo o que a gente escolhe,&nbsp;tem que escolher 100% e se fundir com a energia do que estamos escolhendo para&nbsp;n\u00f3s\u201d,&nbsp;disse ao&nbsp;subir&nbsp;no&nbsp;palco.<\/p>\n\n\n\n<p><strong>Mirror&nbsp;Fashion&nbsp;Day<\/strong><strong><\/strong><\/p>\n\n\n\n<p>Idealizado por Sabrinna Zanini, o Mirror Fashion Day, nasceu em 2015 para enaltecer a&nbsp;moda com desfiles no estilo show e os destaques em diversas \u00e1reas. Anualmente, uma&nbsp;grande festa \u00e9 organizada no Copacabana Palace. A tem\u00e1tica da edi\u00e7\u00e3o de 2022 foi&nbsp;\u201cCarnaval\u201d.<\/p>\n\n\n\n<p>A premia\u00e7\u00e3o \u201cMelhores do Ano\u201d aconteceu no formato Oscar e homenageou cerca de\u00a030 profissionais de diversos segmentos, entre eles, a palestrante Aline Dalcin, o\u00a0ex-\u00a0jogador de v\u00f4lei Tande, a atriz Leona Cavalli, o palestrante motivacional Rick Chester, o\u00a0empres\u00e1rio de atores Marcus Montenegro, o cirurgi\u00e3o pl\u00e1stico Dr. Marcelo Daher, a\u00a0bailarina Ana Botafogo entre outras pessoas influentes no Brasil. O encerramento do\u00a0evento foi\u00a0animado\u00a0pela\u00a0bateria da escola\u00a0de\u00a0samba da\u00a0Grande\u00a0Rio.<\/p>\n\n\n\n<p>Fonte: Elizangela Evangelista <\/p>\n\n\n\n<figure class=\"wp-block-image size-full\"><img width=\"800\" height=\"789\" src=\"https:\/\/vimagazine.com.br\/wp-content\/uploads\/2022\/04\/WhatsApp-Image-2022-04-19-at-15.31.08.jpeg\" alt=\"\" class=\"wp-image-3914\" srcset=\"https:\/\/vimagazine.com.br\/wp-content\/uploads\/2022\/04\/WhatsApp-Image-2022-04-19-at-15.31.08.jpeg 800w, https:\/\/vimagazine.com.br\/wp-content\/uploads\/2022\/04\/WhatsApp-Image-2022-04-19-at-15.31.08-300x296.jpeg 300w, https:\/\/vimagazine.com.br\/wp-content\/uploads\/2022\/04\/WhatsApp-Image-2022-04-19-at-15.31.08-768x757.jpeg 768w\" sizes=\"(max-width: 800px) 100vw, 800px\" \/><\/figure>\n\n\n\n<figure class=\"wp-block-image size-large\"><img width=\"1024\" height=\"683\" src=\"https:\/\/vimagazine.com.br\/wp-content\/uploads\/2022\/04\/WhatsApp-Image-2022-04-19-at-15.31.08-4-1024x683.jpeg\" alt=\"\" class=\"wp-image-3915\" srcset=\"https:\/\/vimagazine.com.br\/wp-content\/uploads\/2022\/04\/WhatsApp-Image-2022-04-19-at-15.31.08-4-1024x683.jpeg 1024w, https:\/\/vimagazine.com.br\/wp-content\/uploads\/2022\/04\/WhatsApp-Image-2022-04-19-at-15.31.08-4-300x200.jpeg 300w, https:\/\/vimagazine.com.br\/wp-content\/uploads\/2022\/04\/WhatsApp-Image-2022-04-19-at-15.31.08-4-768x512.jpeg 768w, https:\/\/vimagazine.com.br\/wp-content\/uploads\/2022\/04\/WhatsApp-Image-2022-04-19-at-15.31.08-4.jpeg 1280w\" sizes=\"(max-width: 1024px) 100vw, 1024px\" \/><\/figure>\n","protected":false},"excerpt":{"rendered":"<p>A pedagoga, terapeuta hol\u00edstica, coach e analista comportamental teve seu trabalho&nbsp;reconhecido no evento que reuniu&#8230;<\/p>\n","protected":false},"author":3,"featured_media":3913,"comment_status":"closed","ping_status":"open","sticky":false,"template":"","format":"standard","meta":{"om_disable_all_campaigns":false,"_monsterinsights_skip_tracking":false,"_monsterinsights_sitenote_active":false,"_monsterinsights_sitenote_note":"","_monsterinsights_sitenote_category":0,"spay_email":""},"categories":[1],"tags":[],"jetpack_featured_media_url":"https:\/\/vimagazine.com.br\/wp-content\/uploads\/2022\/04\/WhatsApp-Image-2022-04-19-at-15.31.08-1-e1650413941326.jpeg","_links":{"self":[{"href":"https:\/\/vimagazine.com.br\/index.php?rest_route=\/wp\/v2\/posts\/3912"}],"collection":[{"href":"https:\/\/vimagazine.com.br\/index.php?rest_route=\/wp\/v2\/posts"}],"about":[{"href":"https:\/\/vimagazine.com.br\/index.php?rest_route=\/wp\/v2\/types\/post"}],"author":[{"embeddable":true,"href":"https:\/\/vimagazine.com.br\/index.php?rest_route=\/wp\/v2\/users\/3"}],"replies":[{"embeddable":true,"href":"https:\/\/vimagazine.com.br\/index.php?rest_route=%2Fwp%2Fv2%2Fcomments&post=3912"}],"version-history":[{"count":1,"href":"https:\/\/vimagazine.com.br\/index.php?rest_route=\/wp\/v2\/posts\/3912\/revisions"}],"predecessor-version":[{"id":3916,"href":"https:\/\/vimagazine.com.br\/index.php?rest_route=\/wp\/v2\/posts\/3912\/revisions\/3916"}],"wp:featuredmedia":[{"embeddable":true,"href":"https:\/\/vimagazine.com.br\/index.php?rest_route=\/wp\/v2\/media\/3913"}],"wp:attachment":[{"href":"https:\/\/vimagazine.com.br\/index.php?rest_route=%2Fwp%2Fv2%2Fmedia&parent=3912"}],"wp:term":[{"taxonomy":"category","embeddable":true,"href":"https:\/\/vimagazine.com.br\/index.php?rest_route=%2Fwp%2Fv2%2Fcategories&post=3912"},{"taxonomy":"post_tag","embeddable":true,"href":"https:\/\/vimagazine.com.br\/index.php?rest_route=%2Fwp%2Fv2%2Ftags&post=3912"}],"curies":[{"name":"wp","href":"https:\/\/api.w.org\/{rel}","templated":true}]}}