{"id":3920,"date":"2022-04-22T19:01:51","date_gmt":"2022-04-22T22:01:51","guid":{"rendered":"https:\/\/vimagazine.com.br\/?p=3920"},"modified":"2022-04-25T11:25:29","modified_gmt":"2022-04-25T14:25:29","slug":"matheus-lustosa-anuncia-festa-tematica-em-comemoracao-aos-seus-20-anos-2","status":"publish","type":"post","link":"https:\/\/vimagazine.com.br\/?p=3920","title":{"rendered":"Matheus Lustosa anuncia festa tem\u00e1tica em comemora\u00e7\u00e3o aos seus 20 anos"},"content":{"rendered":"\n<p>O multiartista Matheus Lustosa ir\u00e1 comemorar&nbsp;em grande estilo&nbsp;seu anivers\u00e1rio de 20 anos&nbsp;do Matheus no Buffet Tulipas- Villa Valentim&nbsp;com o Tema Euphoria da s\u00e9rie da HBO.<\/p>\n\n\n\n<p>Com um curr\u00edculo extenso e de muito sucesso, na TV, cinema e s\u00e9ries de Matheus p\u00f3s pandemia, resolveu comemorar sua nova idade com tudo que tem direito para enfatizar os v\u00e1rios trabalhos que est\u00e3o a caminho de sua trajet\u00f3ria profissional de muito trabalho e reconhecimento.<br>Como digital influencer Matheus \u00e9 procurado por campanhas e lan\u00e7amentos do segmento art\u00edstico, no seu Canal do YouTube e Instagram. Come\u00e7ou a carreira art\u00edstica aos 7 anos num desfile. Fez mais de 300 Campanhas Publicit\u00e1rias, comerciais e fotos para grandes clientes, e desfiles para marcas famosas. Fez o personagem Andr\u00e9 na Novela Chiquititas, Eric na Novela Carrossel, Bak na Novela Os Dez Mandamentos, Feioso no Musical da Broadway \u201cA Fam\u00edlia Addams\u201d temporada S\u00e3o Paulo e Rio de Janeiro,&nbsp; cinco longas para o cinemaFoi protagonista da s\u00e9rie Z4 do SBT e da Disney e integrante da Boy Band Z4 em 2018 e o filme Ela disse, Ele disse da Thalita&nbsp;Rebou\u00e7as, como o Antagonista Rafael entre outros.<\/p>\n\n\n\n<p>Servi\u00e7o :Buffet Tulipas &#8211; Vila ValentinR. Valentim Magalh\u00e3es, 293 &#8211; Alto da Mooca, S\u00e3o Paulo &#8211; SP, 03184-090<\/p>\n\n\n\n<p><strong><em>Maria Emilia Genovesi<\/em><\/strong><\/p>\n\n\n\n<p><strong><em>Jornalista MTB 0093041\/SP<\/em><\/strong><\/p>\n\n\n\n<p><strong><em>Assessoria de Imprensa\/ Produtora Cultural<\/em><\/strong><\/p>\n\n\n\n<p><strong><em>@mariaemiliagenovesi<\/em><\/strong><\/p>\n\n\n\n<p><strong><em>@megenovesi<\/em><\/strong><\/p>\n\n\n\n<p><strong><em>Meg Apoio Empresarial e Eventos Ltda&nbsp;<\/em><\/strong><\/p>\n","protected":false},"excerpt":{"rendered":"<p>O multiartista Matheus Lustosa ir\u00e1 comemorar&nbsp;em grande estilo&nbsp;seu anivers\u00e1rio de 20 anos&nbsp;do Matheus no Buffet&#8230;<\/p>\n","protected":false},"author":3,"featured_media":3921,"comment_status":"closed","ping_status":"open","sticky":false,"template":"","format":"standard","meta":{"om_disable_all_campaigns":false,"_monsterinsights_skip_tracking":false,"_monsterinsights_sitenote_active":false,"_monsterinsights_sitenote_note":"","_monsterinsights_sitenote_category":0,"spay_email":""},"categories":[1],"tags":[],"jetpack_featured_media_url":"https:\/\/vimagazine.com.br\/wp-content\/uploads\/2022\/04\/WhatsApp-Image-2022-04-13-at-16.56.49-1-e1650664850848.jpeg","_links":{"self":[{"href":"https:\/\/vimagazine.com.br\/index.php?rest_route=\/wp\/v2\/posts\/3920"}],"collection":[{"href":"https:\/\/vimagazine.com.br\/index.php?rest_route=\/wp\/v2\/posts"}],"about":[{"href":"https:\/\/vimagazine.com.br\/index.php?rest_route=\/wp\/v2\/types\/post"}],"author":[{"embeddable":true,"href":"https:\/\/vimagazine.com.br\/index.php?rest_route=\/wp\/v2\/users\/3"}],"replies":[{"embeddable":true,"href":"https:\/\/vimagazine.com.br\/index.php?rest_route=%2Fwp%2Fv2%2Fcomments&post=3920"}],"version-history":[{"count":2,"href":"https:\/\/vimagazine.com.br\/index.php?rest_route=\/wp\/v2\/posts\/3920\/revisions"}],"predecessor-version":[{"id":3923,"href":"https:\/\/vimagazine.com.br\/index.php?rest_route=\/wp\/v2\/posts\/3920\/revisions\/3923"}],"wp:featuredmedia":[{"embeddable":true,"href":"https:\/\/vimagazine.com.br\/index.php?rest_route=\/wp\/v2\/media\/3921"}],"wp:attachment":[{"href":"https:\/\/vimagazine.com.br\/index.php?rest_route=%2Fwp%2Fv2%2Fmedia&parent=3920"}],"wp:term":[{"taxonomy":"category","embeddable":true,"href":"https:\/\/vimagazine.com.br\/index.php?rest_route=%2Fwp%2Fv2%2Fcategories&post=3920"},{"taxonomy":"post_tag","embeddable":true,"href":"https:\/\/vimagazine.com.br\/index.php?rest_route=%2Fwp%2Fv2%2Ftags&post=3920"}],"curies":[{"name":"wp","href":"https:\/\/api.w.org\/{rel}","templated":true}]}}