{"id":3927,"date":"2022-04-24T19:11:32","date_gmt":"2022-04-24T22:11:32","guid":{"rendered":"https:\/\/vimagazine.com.br\/?p=3927"},"modified":"2022-04-24T19:22:27","modified_gmt":"2022-04-24T22:22:27","slug":"estilista-guilherme-tavares-comemora-sucesso-da-escola-de-samba-academicos-do-grande-rio-bi-campea-ganhadora-do-estandarte-de-ouro","status":"publish","type":"post","link":"https:\/\/vimagazine.com.br\/?p=3927","title":{"rendered":"Estilista Guilherme Tavares comemora Sucesso da Escola de Samba Acad\u00eamicos do Grande Rio &#8211;  Bi Campe\u00e3 Ganhadora do Estandarte de Ouro"},"content":{"rendered":"\n<p><\/p>\n\n\n\n<p><strong>&#8220;DO LIXO AO LUXO&#8221;<\/strong><\/p>\n\n\n\n<p style=\"font-size:18px\">A convite da sub Secret\u00e1ria de Cultura de Duque de Caxias Simone Sangelis e do Presidente de Honra Helinho de Oliveira, Guilherme Tavares desfilou no dia 23 de abril, na Acad\u00eamicos do Grande Rio como um dos destaques do carro de n\u00famero cinco, inspirado no lix\u00e3o de gramacho, confeccionado com sobras do carnaval, que recebeu o pr\u00eamio Fernando Pamplona.<\/p>\n\n\n\n<p style=\"font-size:18px\">Guilherme \u00e9 natural de Duque de Caxias e este ano comemora &#8220;Bodas de Prata&#8221; pelos 25 anos de sua carreia na moda. Na sua cole\u00e7\u00e3o \u2013 &nbsp;\u201cGT REVIVE \u2013 do LIXO AO LUXO\u201d que \u00e9 toda feita com materiais reutiliz\u00e1veis e biodegrad\u00e1veis, traz consigo a comunica\u00e7\u00e3o da conscientiza\u00e7\u00e3o do aproveitamento de materiais recicl\u00e1veis e conscientiza\u00e7\u00e3o socioambiental.<br>Para ele, sair no carro n\u00famero cinco da Acad\u00eamicos da Grande Rio, foi um privil\u00e9gio pois veio de encontro com a proposta da sua mais nova cole\u00e7\u00e3o que \u00e9 o aproveitamento do material recicl\u00e1vel.<\/p>\n\n\n\n<p style=\"font-size:18px\">Recentemente, o estilista apresentou a preview da sua cole\u00e7\u00e3o no evento MIRROR FASHION DAY &#8211; no Coapacabana Palace &#8211; no Rio de Janeiro &nbsp;(sob a dire\u00e7\u00e3o de Sabrinna Zanini) que aconteceu no dia 12 deste m\u00eas. O Lan\u00e7amento oficial ainda acontecer\u00e1 no ECO FASHION WEEK \u2013 nos dias 13 e 14 de maio no Itabora\u00ed Plaza Shopping, com o apoio da Prefeitura de Itabora\u00ed e secretarias da cultura e do meio ambiente e urbanismo.<\/p>\n\n\n\n<p style=\"font-size:18px\">Al\u00e9m do desfile, GT ir\u00e1 lan\u00e7ar a exposi\u00e7\u00e3o SOS AMAZ\u00d4NIA e NATUREZA VIVA com 36 celebridades entre elas Nivea Maria, Preta Gil, Eliana e Neguinho da Beija Flor. A exposi\u00e7\u00e3o estar\u00e1 aberta ao p\u00fablico de 13.05 a 13.06. Enquanto que a modelo italiana Giulia Ramolini, a cantora Baby do Brasil e o ator S\u00e9rgio Menezes ir\u00e3o encabe\u00e7ar o time de modelos. O evento promete muitas surpresas e uma super lista de beldades.<\/p>\n\n\n\n<p style=\"font-size:18px\"><br><em>\u201cMinha nova cole\u00e7\u00e3o se chama \u201cREVIVE Do Lixo ao Luxo\u201d onde utilizo materiais recicl\u00e1veis e biodegrad\u00e1veis, com isso passo a mensagem da import\u00e2ncia de saber separar o lixo e da conscientiza\u00e7\u00e3o socioambiental\u201d ressalta Guilherme com muito \u00e2nimo.<\/em><\/p>\n\n\n\n<p style=\"font-size:18px\">Em ritmo de empolga\u00e7\u00e3o, alegria e muita anima\u00e7\u00e3o o estilista que desfilou pela Acad\u00eamicos da Grande Rio fala entusiasmado: <em>&#8220;Deixemos de lado intoler\u00e2ncia religiosa e preconceito, para aplaudir a arte e a liberdade de express\u00e3o que, durante os \u00faltimos anos foi impedida pela pandemia; interrompendo v\u00e1rios planos e sonhos\u201d.<\/em><\/p>\n\n\n\n<figure class=\"wp-container-2 wp-block-gallery-1 wp-block-gallery columns-1 is-cropped\"><ul class=\"blocks-gallery-grid\"><li class=\"blocks-gallery-item\"><figure><img width=\"519\" height=\"1024\" src=\"https:\/\/vimagazine.com.br\/wp-content\/uploads\/2022\/04\/WhatsApp-Image-2022-04-24-at-16.46.37-1-519x1024.jpeg\" alt=\"\" data-id=\"3930\" data-full-url=\"https:\/\/vimagazine.com.br\/wp-content\/uploads\/2022\/04\/WhatsApp-Image-2022-04-24-at-16.46.37-1.jpeg\" data-link=\"https:\/\/vimagazine.com.br\/?attachment_id=3930\" class=\"wp-image-3930\" srcset=\"https:\/\/vimagazine.com.br\/wp-content\/uploads\/2022\/04\/WhatsApp-Image-2022-04-24-at-16.46.37-1-519x1024.jpeg 519w, https:\/\/vimagazine.com.br\/wp-content\/uploads\/2022\/04\/WhatsApp-Image-2022-04-24-at-16.46.37-1-152x300.jpeg 152w, https:\/\/vimagazine.com.br\/wp-content\/uploads\/2022\/04\/WhatsApp-Image-2022-04-24-at-16.46.37-1.jpeg 649w\" sizes=\"(max-width: 519px) 100vw, 519px\" \/><\/figure><\/li><\/ul><\/figure>\n\n\n\n<p style=\"font-size:22px\"><strong>Grande Rio leva o Estandarte de Ouro como melhor escola no Rio<\/strong><\/p>\n\n\n\n<p><strong>O pr\u00eamio de O Globo\/Extra \u00e9 concedido aos melhores do Carnaval de 2022. A escola tamb\u00e9m ficou em primeiro lugar como melhor bateria<\/strong><\/p>\n\n\n\n<p>A Grande Rio foi eleita a melhor escola do Grupo Especial do Rio de Janeiro pelo j\u00fari do Estandarte de Ouro. O pr\u00eamio \u00e9 de O Globo\/&nbsp;Extra e concedido aos melhores do Carnaval de 2022. A escola tamb\u00e9m ficou em primeiro lugar como melhor bateria. Na \u00faltima edi\u00e7\u00e3o do pr\u00eamio, em 2020, a agremia\u00e7\u00e3o de Duque de Caxias foi vitoriosa em cinco categorias.<\/p>\n\n\n\n<figure class=\"wp-block-image size-full\"><img width=\"600\" height=\"400\" src=\"https:\/\/vimagazine.com.br\/wp-content\/uploads\/2022\/04\/Grande-rio-1-600x400-1.jpeg\" alt=\"\" class=\"wp-image-3929\" srcset=\"https:\/\/vimagazine.com.br\/wp-content\/uploads\/2022\/04\/Grande-rio-1-600x400-1.jpeg 600w, https:\/\/vimagazine.com.br\/wp-content\/uploads\/2022\/04\/Grande-rio-1-600x400-1-300x200.jpeg 300w\" sizes=\"(max-width: 600px) 100vw, 600px\" \/><\/figure>\n","protected":false},"excerpt":{"rendered":"<p>&#8220;DO LIXO AO LUXO&#8221; A convite da sub Secret\u00e1ria de Cultura de Duque de Caxias&#8230;<\/p>\n","protected":false},"author":1,"featured_media":3931,"comment_status":"closed","ping_status":"open","sticky":false,"template":"","format":"standard","meta":{"om_disable_all_campaigns":false,"_monsterinsights_skip_tracking":false,"_monsterinsights_sitenote_active":false,"_monsterinsights_sitenote_note":"","_monsterinsights_sitenote_category":0,"spay_email":""},"categories":[26],"tags":[],"jetpack_featured_media_url":"https:\/\/vimagazine.com.br\/wp-content\/uploads\/2022\/04\/WhatsApp-Image-2022-04-24-at-16.45.23.jpeg","_links":{"self":[{"href":"https:\/\/vimagazine.com.br\/index.php?rest_route=\/wp\/v2\/posts\/3927"}],"collection":[{"href":"https:\/\/vimagazine.com.br\/index.php?rest_route=\/wp\/v2\/posts"}],"about":[{"href":"https:\/\/vimagazine.com.br\/index.php?rest_route=\/wp\/v2\/types\/post"}],"author":[{"embeddable":true,"href":"https:\/\/vimagazine.com.br\/index.php?rest_route=\/wp\/v2\/users\/1"}],"replies":[{"embeddable":true,"href":"https:\/\/vimagazine.com.br\/index.php?rest_route=%2Fwp%2Fv2%2Fcomments&post=3927"}],"version-history":[{"count":3,"href":"https:\/\/vimagazine.com.br\/index.php?rest_route=\/wp\/v2\/posts\/3927\/revisions"}],"predecessor-version":[{"id":3935,"href":"https:\/\/vimagazine.com.br\/index.php?rest_route=\/wp\/v2\/posts\/3927\/revisions\/3935"}],"wp:featuredmedia":[{"embeddable":true,"href":"https:\/\/vimagazine.com.br\/index.php?rest_route=\/wp\/v2\/media\/3931"}],"wp:attachment":[{"href":"https:\/\/vimagazine.com.br\/index.php?rest_route=%2Fwp%2Fv2%2Fmedia&parent=3927"}],"wp:term":[{"taxonomy":"category","embeddable":true,"href":"https:\/\/vimagazine.com.br\/index.php?rest_route=%2Fwp%2Fv2%2Fcategories&post=3927"},{"taxonomy":"post_tag","embeddable":true,"href":"https:\/\/vimagazine.com.br\/index.php?rest_route=%2Fwp%2Fv2%2Ftags&post=3927"}],"curies":[{"name":"wp","href":"https:\/\/api.w.org\/{rel}","templated":true}]}}