{"id":3969,"date":"2022-04-27T18:01:37","date_gmt":"2022-04-27T21:01:37","guid":{"rendered":"https:\/\/vimagazine.com.br\/?p=3969"},"modified":"2022-04-27T18:01:40","modified_gmt":"2022-04-27T21:01:40","slug":"jose-augusto-leva-a-tour-um-brinde-ao-amor-para-manaus","status":"publish","type":"post","link":"https:\/\/vimagazine.com.br\/?p=3969","title":{"rendered":"Jos\u00e9 Augusto leva a tour \u201cUm Brinde ao Amor\u201d para Manaus"},"content":{"rendered":"\n<p>Em uma inesquec\u00edvel noite rom\u00e2ntica<\/p>\n\n\n\n<p>O cantor e compositor Jos\u00e9 Augusto leva a turn\u00ea \u201c<strong>Um Brinde ao Amor<\/strong>&nbsp;&#8220;para Manaus no pr\u00f3ximo dia 07 de maio,&nbsp; a partir das 20h no Studio 5.<\/p>\n\n\n\n<p>No repert\u00f3rio, al\u00e9m de sucessos consagrados, uma nova vers\u00e3o de \u201cSepara\u00e7\u00e3o\u201d, m\u00fasica do compositor com seu maior parceiro, Paulo S\u00e9rgio Valle, a can\u00e7\u00e3o estourou na voz de Simone nos anos 90, tamb\u00e9m com o cantor P\u00e9ricles e recentemente com o grupo Menos \u00e9 Mais.Jos\u00e9 Augusto entende o que o p\u00fablico quer ouvir e estava na hora de dar sua pr\u00f3pria interpreta\u00e7\u00e3o a can\u00e7\u00e3o, incluindo em seu Set list,&nbsp;&nbsp;que segue com outros sucessos que acompanham a sua carreira:&nbsp;<strong>S\u00e1bado, Fantasia, Aguenta Cora\u00e7\u00e3o, Fui Eu e Chuvas de Ver\u00e3o<\/strong>.&nbsp; Outros hits tamb\u00e9m n\u00e3o foram esquecidos na nova turn\u00ea. \u2013&nbsp;<strong>Por eu ter me machucado\/A noite mais linda\/De igual pra igual<\/strong>, transformando-os num medley.<\/p>\n\n\n\n<p><strong>\u201cS\u00e3o m\u00fasicas muito importantes e marcantes na minha trajet\u00f3ria, todas s\u00e3o temas de novelas e foram fundamentais na solidifica\u00e7\u00e3o da minha carreira\u201d. Enfatiza o cantor.<\/strong><\/p>\n\n\n\n<p>Como marca j\u00e1 registrada em suas turn\u00eas, a concep\u00e7\u00e3o do novo cen\u00e1rio n\u00e3o deixa por menos, retoma o conceito cenogr\u00e1fico com um projeto de ilumina\u00e7\u00e3o arrojado.Com a carreira marcada por v\u00e1rios sucessos, turn\u00eas internacionais e milh\u00f5es de \u00e1lbuns vendidos, vale conferir este show numa noite especial, rom\u00e2ntica e inesquec\u00edvel.<\/p>\n\n\n\n<p><strong>Para saber mais acesse:&nbsp;<\/strong><\/p>\n\n\n\n<p>Site:&nbsp;<a href=\"http:\/\/www.joseaugusto.com.br\/\" target=\"_blank\" rel=\"noreferrer noopener\">www.joseaugusto.com.br<\/a><\/p>\n\n\n\n<p>Instagram:&nbsp;&nbsp;<a href=\"http:\/\/www.instagram.com\/joseaugustooficial\" target=\"_blank\" rel=\"noreferrer noopener\">www.instagram.com\/joseaugustooficial<\/a><\/p>\n\n\n\n<p>Youtube:&nbsp;<a href=\"http:\/\/www.youtube.com\/joseaugustooficial\" target=\"_blank\" rel=\"noreferrer noopener\">www.youtube.com\/joseaugustooficial<\/a>&nbsp;<\/p>\n\n\n\n<p><strong><u>SERVI\u00c7O<\/u><\/strong><\/p>\n\n\n\n<p><strong>Evento:<\/strong>\u00a0Show de Jos\u00e9 Augusto<br><strong>Data:<\/strong>\u00a07 de maio de 2022<br><strong>Hor\u00e1rio:<\/strong>\u00a020h<br><strong>Local:<\/strong>\u00a0Studio 5, Zona Sul de Manaus<br><strong>Ingressos:<\/strong>\u00a0\u00a0<strong><a href=\"https:\/\/shopingressos.com.br\/evento\/718\/Jose_Augusto\" target=\"_blank\" rel=\"noreferrer noopener\">ShopIngressos<\/a><\/strong><\/p>\n\n\n\n<p>Fonte: Fernanda Lara Rocca<\/p>\n","protected":false},"excerpt":{"rendered":"<p>Em uma inesquec\u00edvel noite rom\u00e2ntica O cantor e compositor Jos\u00e9 Augusto leva a turn\u00ea \u201cUm&#8230;<\/p>\n","protected":false},"author":3,"featured_media":3970,"comment_status":"closed","ping_status":"open","sticky":false,"template":"","format":"standard","meta":{"om_disable_all_campaigns":false,"_monsterinsights_skip_tracking":false,"_monsterinsights_sitenote_active":false,"_monsterinsights_sitenote_note":"","_monsterinsights_sitenote_category":0,"spay_email":""},"categories":[1],"tags":[],"jetpack_featured_media_url":"https:\/\/vimagazine.com.br\/wp-content\/uploads\/2022\/04\/FOTO3-e1651093212343.jpeg","_links":{"self":[{"href":"https:\/\/vimagazine.com.br\/index.php?rest_route=\/wp\/v2\/posts\/3969"}],"collection":[{"href":"https:\/\/vimagazine.com.br\/index.php?rest_route=\/wp\/v2\/posts"}],"about":[{"href":"https:\/\/vimagazine.com.br\/index.php?rest_route=\/wp\/v2\/types\/post"}],"author":[{"embeddable":true,"href":"https:\/\/vimagazine.com.br\/index.php?rest_route=\/wp\/v2\/users\/3"}],"replies":[{"embeddable":true,"href":"https:\/\/vimagazine.com.br\/index.php?rest_route=%2Fwp%2Fv2%2Fcomments&post=3969"}],"version-history":[{"count":1,"href":"https:\/\/vimagazine.com.br\/index.php?rest_route=\/wp\/v2\/posts\/3969\/revisions"}],"predecessor-version":[{"id":3971,"href":"https:\/\/vimagazine.com.br\/index.php?rest_route=\/wp\/v2\/posts\/3969\/revisions\/3971"}],"wp:featuredmedia":[{"embeddable":true,"href":"https:\/\/vimagazine.com.br\/index.php?rest_route=\/wp\/v2\/media\/3970"}],"wp:attachment":[{"href":"https:\/\/vimagazine.com.br\/index.php?rest_route=%2Fwp%2Fv2%2Fmedia&parent=3969"}],"wp:term":[{"taxonomy":"category","embeddable":true,"href":"https:\/\/vimagazine.com.br\/index.php?rest_route=%2Fwp%2Fv2%2Fcategories&post=3969"},{"taxonomy":"post_tag","embeddable":true,"href":"https:\/\/vimagazine.com.br\/index.php?rest_route=%2Fwp%2Fv2%2Ftags&post=3969"}],"curies":[{"name":"wp","href":"https:\/\/api.w.org\/{rel}","templated":true}]}}