{"id":3972,"date":"2022-04-27T19:11:15","date_gmt":"2022-04-27T22:11:15","guid":{"rendered":"https:\/\/vimagazine.com.br\/?p=3972"},"modified":"2022-04-27T19:11:20","modified_gmt":"2022-04-27T22:11:20","slug":"joinville-sera-sede-do-cbpol-em-2023","status":"publish","type":"post","link":"https:\/\/vimagazine.com.br\/?p=3972","title":{"rendered":"Joinville ser\u00e1 sede do CBPol em 2023"},"content":{"rendered":"\n<p>Joinville foi confirmada como sede do Congresso Brasileiro de Pol\u00edmeros (CBPol) 2023, durante a \u00faltima reuni\u00e3o da diretoria da Associa\u00e7\u00e3o Brasileira de Pol\u00edmeros. Nesta quinta-feira (31), foi revelado que o evento ser\u00e1 realizado em outubro do ano que vem, durante o lan\u00e7amento do selo comemorativo aos 25 anos do Joinville e Regi\u00e3o Convention &amp; Visitors Bureau (CVB).<\/p>\n\n\n\n<p>A candidatura foi realizada pela Univille e Udesc Joinville e contou com a parceria de diversas institui\u00e7\u00f5es de ensino superior, al\u00e9m do envolvimento direto do (CVB).<\/p>\n\n\n\n<p>O CBPol marca o in\u00edcio dos eventos presenciais ap\u00f3s dois anos de pandemia. &#8220;Foi uma candidatura formulada a muitas m\u00e3os e que representa uma conquista importante para nossa cidade, pois trata-se de um segmento com muita sinergia com Joinville e com a regi\u00e3o\u201d, revela a dra. Palova Balzer, da Univille.<\/p>\n\n\n\n<p>A expectativa \u00e9 que o evento re\u00fana cerca de mil participantes de todo Brasil e do exterior durante cinco dias para troca de experi\u00eancias e muito conhecimento envolvendo a cadeia dos materiais polim\u00e9ricos.<\/p>\n\n\n\n<p>Poliana Santos<\/p>\n\n\n\n<figure class=\"wp-block-image size-large\"><img width=\"1024\" height=\"682\" src=\"https:\/\/vimagazine.com.br\/wp-content\/uploads\/2022\/04\/Joinville-e-confirmada-como-sede-do-Congresso-Brasileiro-de-Polimeros-CBPol-2023-1024x682.jpeg\" alt=\"\" class=\"wp-image-3974\" srcset=\"https:\/\/vimagazine.com.br\/wp-content\/uploads\/2022\/04\/Joinville-e-confirmada-como-sede-do-Congresso-Brasileiro-de-Polimeros-CBPol-2023-1024x682.jpeg 1024w, https:\/\/vimagazine.com.br\/wp-content\/uploads\/2022\/04\/Joinville-e-confirmada-como-sede-do-Congresso-Brasileiro-de-Polimeros-CBPol-2023-300x200.jpeg 300w, https:\/\/vimagazine.com.br\/wp-content\/uploads\/2022\/04\/Joinville-e-confirmada-como-sede-do-Congresso-Brasileiro-de-Polimeros-CBPol-2023-768x512.jpeg 768w, https:\/\/vimagazine.com.br\/wp-content\/uploads\/2022\/04\/Joinville-e-confirmada-como-sede-do-Congresso-Brasileiro-de-Polimeros-CBPol-2023.jpeg 1280w\" sizes=\"(max-width: 1024px) 100vw, 1024px\" \/><\/figure>\n","protected":false},"excerpt":{"rendered":"<p>Joinville foi confirmada como sede do Congresso Brasileiro de Pol\u00edmeros (CBPol) 2023, durante a \u00faltima&#8230;<\/p>\n","protected":false},"author":3,"featured_media":3973,"comment_status":"closed","ping_status":"open","sticky":false,"template":"","format":"standard","meta":{"om_disable_all_campaigns":false,"_monsterinsights_skip_tracking":false,"_monsterinsights_sitenote_active":false,"_monsterinsights_sitenote_note":"","_monsterinsights_sitenote_category":0,"spay_email":""},"categories":[1],"tags":[],"jetpack_featured_media_url":"https:\/\/vimagazine.com.br\/wp-content\/uploads\/2022\/04\/Manoel-Duprat-diretor-do-CVB-Ozei-Luiz-da-Silva-presidente-do-CVB-Yona-Dalonso-pro-reitora-Univille-Palova-Balzer-Univille-Sergio-Pezzin-Udesc-e-Giorgio-Souza-executivo-do-CVB-e1651097345484.jpeg","_links":{"self":[{"href":"https:\/\/vimagazine.com.br\/index.php?rest_route=\/wp\/v2\/posts\/3972"}],"collection":[{"href":"https:\/\/vimagazine.com.br\/index.php?rest_route=\/wp\/v2\/posts"}],"about":[{"href":"https:\/\/vimagazine.com.br\/index.php?rest_route=\/wp\/v2\/types\/post"}],"author":[{"embeddable":true,"href":"https:\/\/vimagazine.com.br\/index.php?rest_route=\/wp\/v2\/users\/3"}],"replies":[{"embeddable":true,"href":"https:\/\/vimagazine.com.br\/index.php?rest_route=%2Fwp%2Fv2%2Fcomments&post=3972"}],"version-history":[{"count":1,"href":"https:\/\/vimagazine.com.br\/index.php?rest_route=\/wp\/v2\/posts\/3972\/revisions"}],"predecessor-version":[{"id":3975,"href":"https:\/\/vimagazine.com.br\/index.php?rest_route=\/wp\/v2\/posts\/3972\/revisions\/3975"}],"wp:featuredmedia":[{"embeddable":true,"href":"https:\/\/vimagazine.com.br\/index.php?rest_route=\/wp\/v2\/media\/3973"}],"wp:attachment":[{"href":"https:\/\/vimagazine.com.br\/index.php?rest_route=%2Fwp%2Fv2%2Fmedia&parent=3972"}],"wp:term":[{"taxonomy":"category","embeddable":true,"href":"https:\/\/vimagazine.com.br\/index.php?rest_route=%2Fwp%2Fv2%2Fcategories&post=3972"},{"taxonomy":"post_tag","embeddable":true,"href":"https:\/\/vimagazine.com.br\/index.php?rest_route=%2Fwp%2Fv2%2Ftags&post=3972"}],"curies":[{"name":"wp","href":"https:\/\/api.w.org\/{rel}","templated":true}]}}