{"id":3987,"date":"2022-04-28T13:21:34","date_gmt":"2022-04-28T16:21:34","guid":{"rendered":"https:\/\/vimagazine.com.br\/?p=3987"},"modified":"2022-04-28T13:23:12","modified_gmt":"2022-04-28T16:23:12","slug":"fundador-do-orkut-reativa-site-e-diz-que-esta-fazendo-algo-novo","status":"publish","type":"post","link":"https:\/\/vimagazine.com.br\/?p=3987","title":{"rendered":"Fundador do Orkut reativa site e diz que est\u00e1 fazendo \u201calgo novo\u201d"},"content":{"rendered":"\n<p><\/p>\n\n\n\n<p class=\"has-medium-font-size\"><strong>Rede social teve grande sucesso no Brasil durante a primeira d\u00e9cada dos anos 2000<\/strong><br><br><\/p>\n\n\n\n<p class=\"has-normal-font-size\">Quase oito anos ap\u00f3s ter sido desativada, a rede social Orkut teve seu site reativado nesta quarta-feira (27) com uma mensagem escrita por seu fundador, o engenheiro Orkut Buyukkokten. No an\u00fancio, ele diz que est\u00e1 construindo \u201calgo novo\u201d, o que deixa no ar a possibilidade de uma poss\u00edvel reativa\u00e7\u00e3o da rede que teve grande sucesso no BRASIL na primeira d\u00e9cada dos anos 2000.<\/p>\n\n\n\n<p class=\"has-normal-font-size\">\u2013 Acredito que o mundo \u00e9 um lugar melhor quando nos conhecemos um pouco mais. \u00c9 por isso que criei a primeira rede social do mundo quando era estudante de p\u00f3s-gradua\u00e7\u00e3o em Stanford. \u00c9 por isso que eu trouxe o orkut.com para tantos de voc\u00eas ao redor do mundo. E \u00e9 por isso que estou construindo algo novo. Vejo voc\u00ea em breve! \u2013 disse o fundador do Orkut.<br><br>O an\u00fancio acontece dois dias depois que Elon Musk fechou um acordo para comprar o&nbsp;<a href=\"http:\/\/pleno.news\/tag\/twitter\" target=\"_blank\" rel=\"noreferrer noopener\">Twitter<\/a>&nbsp;por 44 bilh\u00f5es de d\u00f3lares (R$ 220 bilh\u00f5es). Em um recado que parece ser uma cr\u00edtica sobre as atuais redes sociais, o fundador do Orkut disse que \u201cnossas op\u00e7\u00f5es para encontrar e construir conex\u00f5es reais s\u00e3o poucas e bem escassas\u201d.<\/p>\n\n\n\n<p class=\"has-normal-font-size\">\u2013 O mundo precisa de bondade agora mais do que nunca. H\u00e1 tanto \u00f3dio online nos dias de hoje, e nossas op\u00e7\u00f5es para encontrar e construir conex\u00f5es reais s\u00e3o poucas e distantes entre si. Sempre acreditei que uma amizade \u00e9 mais do que um pedido de amizade, e dediquei minha vida a ajudar milh\u00f5es de voc\u00eas a construir conex\u00f5es aut\u00eanticas \u2013 escreveu.<\/p>\n\n\n\n<p class=\"has-normal-font-size\">Fundada em 2004, a rede social teve grande sucesso ao longo da primeira d\u00e9cada dos anos 2000 e chegou a atingir a marca de 300 milh\u00f5es de usu\u00e1rios, n\u00famero considerado bem acentuado para a \u00e9poca. Nesse per\u00edodo, o Brasil sempre apareceu como um dos pa\u00edses onde a rede mais obteve sucesso. Ap\u00f3s dez anos de exist\u00eancia, a plataforma foi extinta em setembro de 2014.<br><br>Fundador do Orkut deixou no ar a possibilidade de retorno da rede.<\/p>\n\n\n\n<p style=\"font-size:12px\"><br><br>Fonte: Pleno News<br>Por: Paulo Moura &#8211;&nbsp;28\/04\/2022&nbsp;09h52 | atualizado em 28\/04\/2022 10h26<\/p>\n\n\n\n<p style=\"font-size:12px\">Foto: Divulga\u00e7\u00e3o <\/p>\n","protected":false},"excerpt":{"rendered":"<p>Rede social teve grande sucesso no Brasil durante a primeira d\u00e9cada dos anos 2000 Quase&#8230;<\/p>\n","protected":false},"author":1,"featured_media":3990,"comment_status":"closed","ping_status":"open","sticky":false,"template":"","format":"standard","meta":{"om_disable_all_campaigns":false,"_monsterinsights_skip_tracking":false,"_monsterinsights_sitenote_active":false,"_monsterinsights_sitenote_note":"","_monsterinsights_sitenote_category":0,"spay_email":""},"categories":[1],"tags":[],"jetpack_featured_media_url":"https:\/\/vimagazine.com.br\/wp-content\/uploads\/2022\/04\/91402655_7dab350f-e25a-4904-9fa8-711549e4e9d7.jpg","_links":{"self":[{"href":"https:\/\/vimagazine.com.br\/index.php?rest_route=\/wp\/v2\/posts\/3987"}],"collection":[{"href":"https:\/\/vimagazine.com.br\/index.php?rest_route=\/wp\/v2\/posts"}],"about":[{"href":"https:\/\/vimagazine.com.br\/index.php?rest_route=\/wp\/v2\/types\/post"}],"author":[{"embeddable":true,"href":"https:\/\/vimagazine.com.br\/index.php?rest_route=\/wp\/v2\/users\/1"}],"replies":[{"embeddable":true,"href":"https:\/\/vimagazine.com.br\/index.php?rest_route=%2Fwp%2Fv2%2Fcomments&post=3987"}],"version-history":[{"count":2,"href":"https:\/\/vimagazine.com.br\/index.php?rest_route=\/wp\/v2\/posts\/3987\/revisions"}],"predecessor-version":[{"id":3991,"href":"https:\/\/vimagazine.com.br\/index.php?rest_route=\/wp\/v2\/posts\/3987\/revisions\/3991"}],"wp:featuredmedia":[{"embeddable":true,"href":"https:\/\/vimagazine.com.br\/index.php?rest_route=\/wp\/v2\/media\/3990"}],"wp:attachment":[{"href":"https:\/\/vimagazine.com.br\/index.php?rest_route=%2Fwp%2Fv2%2Fmedia&parent=3987"}],"wp:term":[{"taxonomy":"category","embeddable":true,"href":"https:\/\/vimagazine.com.br\/index.php?rest_route=%2Fwp%2Fv2%2Fcategories&post=3987"},{"taxonomy":"post_tag","embeddable":true,"href":"https:\/\/vimagazine.com.br\/index.php?rest_route=%2Fwp%2Fv2%2Ftags&post=3987"}],"curies":[{"name":"wp","href":"https:\/\/api.w.org\/{rel}","templated":true}]}}