{"id":3992,"date":"2022-04-28T19:37:20","date_gmt":"2022-04-28T22:37:20","guid":{"rendered":"https:\/\/vimagazine.com.br\/?p=3992"},"modified":"2022-04-28T19:37:23","modified_gmt":"2022-04-28T22:37:23","slug":"feira-do-livro-de-joinville-abre-inscricoes-para-autores-lancarem-livros","status":"publish","type":"post","link":"https:\/\/vimagazine.com.br\/?p=3992","title":{"rendered":"Feira do Livro de Joinville abre inscri\u00e7\u00f5es para autores lan\u00e7arem livros"},"content":{"rendered":"\n<p>A Feira do Livro de Joinville come\u00e7a a divulgar detalhes de sua 18\u00aa edi\u00e7\u00e3o. At\u00e9 o dia 20 de maio, seguem abertas as inscri\u00e7\u00f5es para escritores de Santa Catarina que querem lan\u00e7ar livros e participar de sess\u00f5es de aut\u00f3grafos. A participa\u00e7\u00e3o n\u00e3o tem custo e o autor interessado deve solicitar o formul\u00e1rio de inscri\u00e7\u00e3o pelo e-mail <a href=\"mailto:feiradolivro@institutofeiradolivro.com.br\" target=\"_blank\" rel=\"noreferrer noopener\">feiradolivro@institutofeiradolivro.com.br<\/a>. Ap\u00f3s o contato, a comiss\u00e3o organizadora enviar\u00e1 um termo de compromisso com os demais procedimentos.<\/p>\n\n\n\n<p>A Feira do Livro de Joinville ocorre de 03 a 12 de junho de 2022, no Centreventos Cau Hansen e ter\u00e1 como tema &#8220;A arte do encontro&#8221;. O evento tem entrada gratuita.\u00a0<\/p>\n\n\n\n<p>Fonte: Mariana Woj<\/p>\n","protected":false},"excerpt":{"rendered":"<p>A Feira do Livro de Joinville come\u00e7a a divulgar detalhes de sua 18\u00aa edi\u00e7\u00e3o. At\u00e9&#8230;<\/p>\n","protected":false},"author":3,"featured_media":3993,"comment_status":"closed","ping_status":"open","sticky":false,"template":"","format":"standard","meta":{"om_disable_all_campaigns":false,"_monsterinsights_skip_tracking":false,"_monsterinsights_sitenote_active":false,"_monsterinsights_sitenote_note":"","_monsterinsights_sitenote_category":0,"spay_email":""},"categories":[1],"tags":[],"jetpack_featured_media_url":"https:\/\/vimagazine.com.br\/wp-content\/uploads\/2022\/04\/e9924725-dad5-433a-bac3-65be1405fb37.jpg","_links":{"self":[{"href":"https:\/\/vimagazine.com.br\/index.php?rest_route=\/wp\/v2\/posts\/3992"}],"collection":[{"href":"https:\/\/vimagazine.com.br\/index.php?rest_route=\/wp\/v2\/posts"}],"about":[{"href":"https:\/\/vimagazine.com.br\/index.php?rest_route=\/wp\/v2\/types\/post"}],"author":[{"embeddable":true,"href":"https:\/\/vimagazine.com.br\/index.php?rest_route=\/wp\/v2\/users\/3"}],"replies":[{"embeddable":true,"href":"https:\/\/vimagazine.com.br\/index.php?rest_route=%2Fwp%2Fv2%2Fcomments&post=3992"}],"version-history":[{"count":1,"href":"https:\/\/vimagazine.com.br\/index.php?rest_route=\/wp\/v2\/posts\/3992\/revisions"}],"predecessor-version":[{"id":3994,"href":"https:\/\/vimagazine.com.br\/index.php?rest_route=\/wp\/v2\/posts\/3992\/revisions\/3994"}],"wp:featuredmedia":[{"embeddable":true,"href":"https:\/\/vimagazine.com.br\/index.php?rest_route=\/wp\/v2\/media\/3993"}],"wp:attachment":[{"href":"https:\/\/vimagazine.com.br\/index.php?rest_route=%2Fwp%2Fv2%2Fmedia&parent=3992"}],"wp:term":[{"taxonomy":"category","embeddable":true,"href":"https:\/\/vimagazine.com.br\/index.php?rest_route=%2Fwp%2Fv2%2Fcategories&post=3992"},{"taxonomy":"post_tag","embeddable":true,"href":"https:\/\/vimagazine.com.br\/index.php?rest_route=%2Fwp%2Fv2%2Ftags&post=3992"}],"curies":[{"name":"wp","href":"https:\/\/api.w.org\/{rel}","templated":true}]}}