{"id":3995,"date":"2022-04-28T19:43:18","date_gmt":"2022-04-28T22:43:18","guid":{"rendered":"https:\/\/vimagazine.com.br\/?p=3995"},"modified":"2022-04-28T19:43:21","modified_gmt":"2022-04-28T22:43:21","slug":"guaramirim-sera-palco-do-warren-stannis-festival","status":"publish","type":"post","link":"https:\/\/vimagazine.com.br\/?p=3995","title":{"rendered":"Guaramirim ser\u00e1 palco do Warren Stannis Festival"},"content":{"rendered":"\n<p>Guaramirim vai sediar, nos dias 18 e 19 de junho, o Warren Stannis Festival, maior evento de m\u00fasica e arte de Santa Catarina. Durante os dois dias ser\u00e1 poss\u00edvel curtir grandes nomes do reggae, forr\u00f3, rock e pop nacional como Tit\u00e3s, Raimundos, Alceu Valen\u00e7a, Ratos de Por\u00e3o, Djonga e Gabriel Pensador. Mas os organizadores tamb\u00e9m esperam que o p\u00fablico viva dias inesquec\u00edveis com cerveja de \u00f3tima qualidade, gastronomia diferenciada e uma \u00e1rea destinada para jogos, experi\u00eancias e intera\u00e7\u00f5es. Com tantas atra\u00e7\u00f5es, ser\u00e1 montada uma megaestrutura com dois palcos no Aeroparque Vale Europeu, cen\u00e1rio perfeito para um evento deste porte.<\/p>\n\n\n\n<p>Conhe\u00e7a a estrutura:&nbsp;<a href=\"https:\/\/www.youtube.com\/watch?v=b7FeT1r92AU\" target=\"_blank\" rel=\"noreferrer noopener\">https:\/\/www.youtube.com\/watch?v=b7FeT1r92AU<\/a><\/p>\n\n\n\n<p>A organiza\u00e7\u00e3o est\u00e1 a cargo da plataforma de investimentos Warren e da cervejaria Stannis, de Jaragu\u00e1 do Sul, e a produ\u00e7\u00e3o \u00e9 da Origami Marketing Eventos. O CEO da Stannis, Denis Torizani, revela que o evento n\u00e3o \u00e9 somente um festival de bandas e que est\u00e1 sendo planejado para oferecer um final de semana recheado de experi\u00eancias. Haver\u00e1 \u00e1rea de gastronomia, brincadeiras valendo brindes em \u00e1rea de jogos criada exclusivamente para o evento, exposi\u00e7\u00e3o art\u00edstica, tirolesa, parede de escalada e, claro, espa\u00e7o para descanso. \u201cQueremos proporcionar momentos incr\u00edveis com rock e pop de qualidade, cervejas, boa comida, amigos e a fam\u00edlia reunida\u201d, revela.<\/p>\n\n\n\n<p>A Stannis j\u00e1 havia organizado duas edi\u00e7\u00f5es do Insannis Fest dentro da cervejaria antes da pandemia. Agora, se uniu \u00e0 plataforma de investimentos Warren para criar o Warren Stannis Festival. \u201cEstamos planejando um evento para toda a fam\u00edlia com os melhores food trucks da regi\u00e3o, cervejas de qualidade, estacionamento seguro e traslado das cidades pr\u00f3ximas at\u00e9 o Aeroparque\u201d, completa.<\/p>\n\n\n\n<p><strong>Atra\u00e7\u00f5es nacionais confirmadas<\/strong><\/p>\n\n\n\n<p>\u2022 Tit\u00e3s<\/p>\n\n\n\n<p>\u2022 Raimundos<\/p>\n\n\n\n<p>\u2022 Alceu Valen\u00e7a<\/p>\n\n\n\n<p>\u2022 Ratos de Por\u00e3o<\/p>\n\n\n\n<p>\u2022 Djonga<\/p>\n\n\n\n<p>\u2022 Gabriel Pensador<\/p>\n\n\n\n<p>\u2022 Marina Sena<\/p>\n\n\n\n<p>\u2022 Duda Beat<\/p>\n\n\n\n<p><strong>Atra\u00e7\u00f5es catarinenses confirmadas<\/strong><\/p>\n\n\n\n<p>\u2022 Dazaranha<\/p>\n\n\n\n<p>\u2022 Seu Celso<\/p>\n\n\n\n<p><strong>Servi\u00e7o<\/strong><\/p>\n\n\n\n<p><strong>O qu\u00ea<\/strong>: Warren Stannis Festival<\/p>\n\n\n\n<p><strong>Quando<\/strong>: 18 e 19 de junho<\/p>\n\n\n\n<p><strong>Onde<\/strong>: Aeroparque Vale Europeu (BR-280, Km 45 &#8211; Estrada Po\u00e7o Grande, Guaramirim)<\/p>\n\n\n\n<p><strong>Ingressos<\/strong>: a partir de R$ 160,00<\/p>\n\n\n\n<p><strong>Onde comprar<\/strong>:&nbsp;<a href=\"https:\/\/wsfestival.com.br\/\" target=\"_blank\" rel=\"noreferrer noopener\">wsfestival.com.br<\/a><\/p>\n\n\n\n<p><em>Assessoria de Imprensa<\/em>: PS Comunica\u00e7\u00e3o<\/p>\n\n\n\n<p>Poliana Santos <\/p>\n\n\n\n<figure class=\"wp-block-image size-full\"><img width=\"879\" height=\"898\" src=\"https:\/\/vimagazine.com.br\/wp-content\/uploads\/2022\/04\/Alceu-Valenca.jpg\" alt=\"\" class=\"wp-image-3997\" srcset=\"https:\/\/vimagazine.com.br\/wp-content\/uploads\/2022\/04\/Alceu-Valenca.jpg 879w, https:\/\/vimagazine.com.br\/wp-content\/uploads\/2022\/04\/Alceu-Valenca-294x300.jpg 294w, https:\/\/vimagazine.com.br\/wp-content\/uploads\/2022\/04\/Alceu-Valenca-768x785.jpg 768w\" sizes=\"(max-width: 879px) 100vw, 879px\" \/><\/figure>\n\n\n\n<figure class=\"wp-block-image\"><img alt=\"\" \/><\/figure>\n","protected":false},"excerpt":{"rendered":"<p>Guaramirim vai sediar, nos dias 18 e 19 de junho, o Warren Stannis Festival, maior&#8230;<\/p>\n","protected":false},"author":3,"featured_media":3996,"comment_status":"closed","ping_status":"open","sticky":false,"template":"","format":"standard","meta":{"om_disable_all_campaigns":false,"_monsterinsights_skip_tracking":false,"_monsterinsights_sitenote_active":false,"_monsterinsights_sitenote_note":"","_monsterinsights_sitenote_category":0,"spay_email":""},"categories":[1],"tags":[],"jetpack_featured_media_url":"https:\/\/vimagazine.com.br\/wp-content\/uploads\/2022\/04\/Titas.jpg","_links":{"self":[{"href":"https:\/\/vimagazine.com.br\/index.php?rest_route=\/wp\/v2\/posts\/3995"}],"collection":[{"href":"https:\/\/vimagazine.com.br\/index.php?rest_route=\/wp\/v2\/posts"}],"about":[{"href":"https:\/\/vimagazine.com.br\/index.php?rest_route=\/wp\/v2\/types\/post"}],"author":[{"embeddable":true,"href":"https:\/\/vimagazine.com.br\/index.php?rest_route=\/wp\/v2\/users\/3"}],"replies":[{"embeddable":true,"href":"https:\/\/vimagazine.com.br\/index.php?rest_route=%2Fwp%2Fv2%2Fcomments&post=3995"}],"version-history":[{"count":1,"href":"https:\/\/vimagazine.com.br\/index.php?rest_route=\/wp\/v2\/posts\/3995\/revisions"}],"predecessor-version":[{"id":3998,"href":"https:\/\/vimagazine.com.br\/index.php?rest_route=\/wp\/v2\/posts\/3995\/revisions\/3998"}],"wp:featuredmedia":[{"embeddable":true,"href":"https:\/\/vimagazine.com.br\/index.php?rest_route=\/wp\/v2\/media\/3996"}],"wp:attachment":[{"href":"https:\/\/vimagazine.com.br\/index.php?rest_route=%2Fwp%2Fv2%2Fmedia&parent=3995"}],"wp:term":[{"taxonomy":"category","embeddable":true,"href":"https:\/\/vimagazine.com.br\/index.php?rest_route=%2Fwp%2Fv2%2Fcategories&post=3995"},{"taxonomy":"post_tag","embeddable":true,"href":"https:\/\/vimagazine.com.br\/index.php?rest_route=%2Fwp%2Fv2%2Ftags&post=3995"}],"curies":[{"name":"wp","href":"https:\/\/api.w.org\/{rel}","templated":true}]}}