{"id":4201,"date":"2022-05-03T17:17:07","date_gmt":"2022-05-03T20:17:07","guid":{"rendered":"https:\/\/vimagazine.com.br\/?p=4201"},"modified":"2022-05-03T17:17:30","modified_gmt":"2022-05-03T20:17:30","slug":"voraz-faz-show-no-hard-rock-em-parceria-com-jovem-pan-experience-day","status":"publish","type":"post","link":"https:\/\/vimagazine.com.br\/?p=4201","title":{"rendered":"Voraz faz show no Hard Rock em parceria com Jovem Pan Experience Day."},"content":{"rendered":"\n<p>Amanh\u00e3 (04\/05) a Voraz faz a festa com seu pop reggae no Hard Rock \u2013 Curitiba em parceria com a r\u00e1dio Jovem Pan, no repert\u00f3rio podemos conferir as autorias \u201cVibe Boa\u201d, \u201cCom Voc\u00ea&#8221;, &#8220;Pra Me fazer Feliz\u201d, \u201cQuero ser Feliz\u201d \u2013 Natiruts, &nbsp;entre outras.A Voraz lan\u00e7ou recentemente uma nova vers\u00e3o da m\u00fasica \u201cO Tempo \u00e9 Rei\u201d comemorando os cinco milh\u00f5es de streamings no Spotify. A faixa veio com nova roupagem e novos elementos no estilo pop\/rap com viol\u00e3o e beats eletr\u00f4nicos.<\/p>\n\n\n\n<p>&#8220;<strong><em>Fazer a releitura dessa m\u00fasica foi uma op\u00e7\u00e3o pela import\u00e2ncia da can\u00e7\u00e3o no in\u00edcio da nossa carreira, que hoje conta com hits como \u2018Vibe Boa\u2019 e \u2018Com Voc\u00ea\u2019, que j\u00e1 ultrapassa a marca de 3.5 milh\u00f5es de plays nas plataformas digitais. O clipe \u00e9 tamb\u00e9m uma releitura da primeira vers\u00e3o da m\u00fasica que j\u00e1&nbsp;<\/em><\/strong><strong><em>soma centenas de visualiza\u00e7\u00f5es&#8221;. Comenta o vocalista Diogo Ferraz<\/em><\/strong><\/p>\n\n\n\n<p><strong><u>Sobre a Voraz<\/u><\/strong><\/p>\n\n\n\n<p>Formada em 2015 na cidade de Curitiba, a Voraz traz um som pop\/reggae com pitadas de rap e rock. Com m\u00fasicas vibrantes e positivas, buscam levar seu conceito para todos que curtem essa pegada. A banda \u00e9 formada por Diogo Ferraz, Jo\u00e3o Ferraz, Lucas Elion e&nbsp;Renatto&nbsp;Pucky. Em 2021 a banda teve um crescimento de 500% nas plataformas de streaming No Spotify chegaram a entrar nas \u201cNovidades da semana\u201d e atualmente est\u00e3o ativos nas playlists editoriais: \u201cPraiana\u201d, \u201cNa\u00e7\u00e3o Reggae\u201d e \u201cFesta na praia\u201d, alcan\u00e7ando quase 200 mil plays por m\u00eas e 90 mil ouvintes mensais.<\/p>\n\n\n\n<p>J\u00e1 na plataforma Deezer, obteve m\u00fasicas nas playlists editoriais \u201cRadar Pop\u201d, \u201cPop Good Vibe\u201d, \u201cReggae do Brasil\u201d e \u201cSol&amp;Mar\u201d. No PalcoMP3 alcan\u00e7ou destaque nacional ficando por 2 semanas no top 10 dos artistas mais ouvidos no estilo.<\/p>\n\n\n\n<p>Vale conferir!<\/p>\n\n\n\n<p><strong>O tempo \u00e9 Rei<\/strong><\/p>\n\n\n\n<figure class=\"wp-block-embed is-type-rich is-provider-spotify wp-block-embed-spotify wp-embed-aspect-21-9 wp-has-aspect-ratio\"><div class=\"wp-block-embed__wrapper\">\n<iframe loading=\"lazy\" title=\"Spotify Embed: O Tempo \u00e9 Rei - 2.0\" style=\"border-radius: 12px\" width=\"100%\" height=\"80\" frameborder=\"0\" allowfullscreen allow=\"autoplay; clipboard-write; encrypted-media; fullscreen; picture-in-picture\" src=\"https:\/\/open.spotify.com\/embed\/track\/22hUdED5Aa334hLc4lHnTB?si=&#038;utm_source=oembed\"><\/iframe>\n<\/div><\/figure>\n\n\n\n<figure class=\"wp-block-embed is-type-video is-provider-youtube wp-block-embed-youtube wp-embed-aspect-16-9 wp-has-aspect-ratio\"><div class=\"wp-block-embed__wrapper\">\n<iframe loading=\"lazy\" title=\"O TEMPO \u00c9 REI 2.0  - VORAZ [Clipe Oficial]\" width=\"640\" height=\"360\" src=\"https:\/\/www.youtube.com\/embed\/_eii0-uBd_Q?feature=oembed\" frameborder=\"0\" allow=\"accelerometer; autoplay; clipboard-write; encrypted-media; gyroscope; picture-in-picture\" allowfullscreen><\/iframe>\n<\/div><\/figure>\n\n\n\n<p><strong><u>Para saber mais acesse:&nbsp;<\/u><\/strong>&nbsp;<\/p>\n\n\n\n<p>&nbsp;<a href=\"https:\/\/web.facebook.com\/oficialvoraz\/\" target=\"_blank\" rel=\"noreferrer noopener\">facebook.com\/oficialvoraz\/<\/a><\/p>\n\n\n\n<p>&nbsp;<a href=\"https:\/\/www.instagram.com\/vorazoficial\/\" target=\"_blank\" rel=\"noreferrer noopener\">www.instagram.com\/vorazoficial\/<\/a><\/p>\n\n\n\n<p>\u00a0 \u00a0\u00a0Assessoria de Imprensa\/ Divulga\u00e7\u00e3o TV<br><strong>\u00a0\u00a0Fernanda Lara Rocca\u00a0<\/strong><br>\u00a0Instagram:@fernanda.l.rocca<a href=\"http:\/\/twitter.com\/FernandaLara01\" target=\"_blank\" rel=\"noreferrer noopener\">twitter:@FernandaLara01<\/a><a href=\"https:\/\/www.facebook.com\/fernanda.l.rocca\" target=\"_blank\" rel=\"noreferrer noopener\">https:\/\/www.facebook.com\/fernanda.l.rocca<\/a><\/p>\n\n\n\n<figure class=\"wp-block-image\"><img alt=\"\" \/><\/figure>\n","protected":false},"excerpt":{"rendered":"<p>Amanh\u00e3 (04\/05) a Voraz faz a festa com seu pop reggae no Hard Rock \u2013&#8230;<\/p>\n","protected":false},"author":3,"featured_media":4202,"comment_status":"closed","ping_status":"open","sticky":false,"template":"","format":"standard","meta":{"om_disable_all_campaigns":false,"_monsterinsights_skip_tracking":false,"_monsterinsights_sitenote_active":false,"_monsterinsights_sitenote_note":"","_monsterinsights_sitenote_category":0,"spay_email":""},"categories":[1],"tags":[],"jetpack_featured_media_url":"https:\/\/vimagazine.com.br\/wp-content\/uploads\/2022\/05\/PMFF_estudio-76-e1651608815387.jpg","_links":{"self":[{"href":"https:\/\/vimagazine.com.br\/index.php?rest_route=\/wp\/v2\/posts\/4201"}],"collection":[{"href":"https:\/\/vimagazine.com.br\/index.php?rest_route=\/wp\/v2\/posts"}],"about":[{"href":"https:\/\/vimagazine.com.br\/index.php?rest_route=\/wp\/v2\/types\/post"}],"author":[{"embeddable":true,"href":"https:\/\/vimagazine.com.br\/index.php?rest_route=\/wp\/v2\/users\/3"}],"replies":[{"embeddable":true,"href":"https:\/\/vimagazine.com.br\/index.php?rest_route=%2Fwp%2Fv2%2Fcomments&post=4201"}],"version-history":[{"count":2,"href":"https:\/\/vimagazine.com.br\/index.php?rest_route=\/wp\/v2\/posts\/4201\/revisions"}],"predecessor-version":[{"id":4205,"href":"https:\/\/vimagazine.com.br\/index.php?rest_route=\/wp\/v2\/posts\/4201\/revisions\/4205"}],"wp:featuredmedia":[{"embeddable":true,"href":"https:\/\/vimagazine.com.br\/index.php?rest_route=\/wp\/v2\/media\/4202"}],"wp:attachment":[{"href":"https:\/\/vimagazine.com.br\/index.php?rest_route=%2Fwp%2Fv2%2Fmedia&parent=4201"}],"wp:term":[{"taxonomy":"category","embeddable":true,"href":"https:\/\/vimagazine.com.br\/index.php?rest_route=%2Fwp%2Fv2%2Fcategories&post=4201"},{"taxonomy":"post_tag","embeddable":true,"href":"https:\/\/vimagazine.com.br\/index.php?rest_route=%2Fwp%2Fv2%2Ftags&post=4201"}],"curies":[{"name":"wp","href":"https:\/\/api.w.org\/{rel}","templated":true}]}}