{"id":4228,"date":"2022-05-08T00:18:21","date_gmt":"2022-05-08T03:18:21","guid":{"rendered":"https:\/\/vimagazine.com.br\/?p=4228"},"modified":"2022-05-08T11:28:59","modified_gmt":"2022-05-08T14:28:59","slug":"mae-de-dois-filhos-com-sindrome-de-down-relata-sua-experiencia-de-vida-em-livro","status":"publish","type":"post","link":"https:\/\/vimagazine.com.br\/?p=4228","title":{"rendered":"M\u00e3e de dois filhos com S\u00edndrome de Down relata sua experi\u00eancia de vida em livro"},"content":{"rendered":"\n<p><\/p>\n\n\n\n<p><strong>Denise Pac\u00edfico Quadrado<\/strong> \u00e9 casada com Maur\u00edcio Quadrado, m\u00e3e da Samanta e do Victor Hugo e \u00e9 autora do livro Down ao Quadrado &#8211; <em>As descobertas e os desafios de ser m\u00e3e de dois filhos com S\u00edndrome de Down.<\/em><\/p>\n\n\n\n<p>&nbsp; Em meio aos desafios enfrentados pelas m\u00e3es de filhos com s\u00edndrome de down, eu entrevistei com exclusividade a escritora, Denise Quadrado. Na oportunidade ela fala sobre o lan\u00e7amento do seu livro \u201c<strong>Down ao Quadrado<\/strong>\u201d, preconceito, a experi\u00eancia de ter dois filhos com S\u00edndrome de Down, d\u00e1 conselhos e revela os principais aspectos abordados no livro.<\/p>\n\n\n\n<p><strong><em>O que a motivou escrever o livro \u201cDown ao Quadrado\u201d e qual o p\u00fablico alvo?<\/em><\/strong><\/p>\n\n\n\n<p><strong>&nbsp;R:<\/strong> Quando meus dois filhos ainda eram bem pequenos eu j\u00e1 refletia sobre escrever minha est\u00f3ria&#8230; Nossa est\u00f3ria&#8230; Para que todas as fam\u00edlias de pessoas com defici\u00eancia pudessem ter como um alento, ou uma forma de apoio em momentos de des\u00e2nimo, apreens\u00e3o ou at\u00e9 mesmo, tristeza.<\/p>\n\n\n\n<p>&nbsp; &#8211; No inicio da vida de nossos filhos tudo \u00e9 bem mais complicado, e pensei em especial nessas fam\u00edlias, afim de que pudessem enxergar que nem tudo est\u00e1 perdido, que nem tudo ser\u00e1 um grande problema, mas que, com cuidado, aten\u00e7\u00e3o e direcionamento tudo pode caminhar muito bem.<\/p>\n\n\n\n<p>&nbsp; &#8211; No fundo acho que at\u00e9 eu considero minha est\u00f3ria diferente, e como sabemos da dificuldade das fam\u00edlias em enfrentar os primeiros meses, e algumas vezes, anos de viv\u00eancia ao lado dessa crian\u00e7a ent\u00e3o acreditei que pudesse expor sobre minha experi\u00eancia pessoal para aqueles que sentissem essa necessidade de um apoio.<\/p>\n\n\n\n<p>&nbsp;&#8211; Demorei bastante, estava quase perdendo o momento, meus filhos j\u00e1 est\u00e3o adultos e tamb\u00e9m estou entrando num ritmo mais lento por conta da idade. Afinal, tudo se transforma.<\/p>\n\n\n\n<p>&nbsp; &#8211; Aproveitei ent\u00e3o que entramos em reclus\u00e3o por causa da pandemia de Covid &#8211; 19 para dar in\u00edcio aos trabalhos de desenvolvimento da escrita para o livro. Pensei que n\u00e3o fosse conseguir. Por ser de outra \u00e9poca n\u00e3o tinha muito material guardado, ent\u00e3o fui redigindo atrav\u00e9s de minhas lembran\u00e7as na mem\u00f3ria.<\/p>\n\n\n\n<p><strong><em>Quais s\u00e3o os principais aspectos que voc\u00ea aborda nesse livro?<\/em><\/strong><\/p>\n\n\n\n<p><strong>R:<\/strong> Como precisei redigir em ordem cronol\u00f3gica para n\u00e3o me perder, acabou acontecendo uma descri\u00e7\u00e3o sobre um tempo onde meus filhos eram ainda crian\u00e7as, adolescentes e jovens adultos. Isso levou a trazer uma quantidade maior de informa\u00e7\u00f5es sobre cuidados com o beb\u00ea e com o desenvolvimento da crian\u00e7a com a S\u00edndrome de Down. Coloco bastante das minhas emo\u00e7\u00f5es e minhas dores&#8230; Falo sobre uma mulher que se tornou algu\u00e9m muito resistente para poder se superar nos cuidados e dedica\u00e7\u00e3o a seus dois filhos com S\u00edndrome de Down.<\/p>\n\n\n\n<p><strong><em>Como \u00e9 ser m\u00e3e de uma filha e um filho com a S\u00edndrome de Down e quais os maiores desafios?<\/em><\/strong><\/p>\n\n\n\n<p><strong>R: <\/strong>Se for analisar pelo aspecto, \u201cser m\u00e3e\u201d ao p\u00e9 da letra, n\u00e3o ter\u00e1 nada muito diferente. M\u00e3e \u00e9 m\u00e3e sempre&#8230; M\u00e3es, geralmente, s\u00e3o muito preocupadas, atenciosas, cuidadosas e mais uma grande quantidade de outros adjetivos maravilhosos! Eu nunca tive uma refer\u00eancia na minha hist\u00f3ria de um filho t\u00edpico, ent\u00e3o tudo ocorreu dentro de um contexto que eu entendi ser correto. Usei minha fun\u00e7\u00e3o m\u00e3e da melhor forma poss\u00edvel.<\/p>\n\n\n\n<p>&nbsp;&#8211; Se for analisar pelo aspecto \u201cmenina\u201d e \u201cmenino\u201d ent\u00e3o posso dizer que teve sim, alguma diferen\u00e7a, mas o que mais chama a aten\u00e7\u00e3o n\u00e3o \u00e9 tanto isso, mas sim, a personalidade que cada um deles desenvolveu. Cada qual tem sua forma de exist\u00eancia muito caracter\u00edstica e peculiar nesse mundo. Eles t\u00eam personalidades bem diferentes.<\/p>\n\n\n\n<p>&nbsp;&#8211; Para mim, Denise, o maior desafio foi conviver com a desorganiza\u00e7\u00e3o para certas situa\u00e7\u00f5es que exijam controle, e o pr\u00f3prio controle de tudo, sendo eu uma personalidade que sempre atuou dentro do contexto de exig\u00eancia m\u00e1xima comigo mesma. Sempre tive perfei\u00e7\u00e3o na atua\u00e7\u00e3o para tudo que fosse fazer e, acho que esse ainda \u00e9 meu maior desafio.<\/p>\n\n\n\n<p><strong><em>Sua filha, a Samanta Quadrado fez um papel na novela \u201cUm Lugar ao Sol\u201d da Rede Globo de Televis\u00e3o. Na sua an\u00e1lise qual a import\u00e2ncia da inclus\u00e3o de pessoas com S\u00edndrome de Down no mercado de trabalho e em todos os segmentos da vida?<\/em><\/strong><\/p>\n\n\n\n<p>&nbsp;<strong>R: <\/strong>As pessoas com S\u00edndrome de Down t\u00eam todos os direitos de cidad\u00e3o, o trabalho \u00e9 um deles.<\/p>\n\n\n\n<p>&nbsp;&#8211; Eles t\u00eam capacidade para trabalhar em diversas fun\u00e7\u00f5es, e podem exercer uma influ\u00eancia muito boa e positiva no ambiente de trabalho. Todos no entorno da pessoa com defici\u00eancia dever\u00e3o aprender a se relacionar de uma maneira mais emp\u00e1tica, e isso poder\u00e1 beneficiar a todos, n\u00e3o apenas no ambiente de trabalho, mas para in\u00fameras outras situa\u00e7\u00f5es de vida.<\/p>\n\n\n\n<p>&nbsp;&#8211; Para as pessoas com a S\u00edndrome de Down, a ida para o mercado de trabalho traz muito desenvolvimento e possibilidade de autonomia, visto que n\u00e3o ter\u00e1 ningu\u00e9m por perto para auxiliar na tomada de decis\u00e3o.<\/p>\n\n\n\n<p><strong><em>Ainda h\u00e1 muito preconceito em rela\u00e7\u00e3o a pessoas com S\u00edndrome de Down? Quais?<\/em><\/strong><\/p>\n\n\n\n<p><strong>R:<\/strong> Acho que fica meio dif\u00edcil dizer o que se passa na ideia das outras pessoas, mas creio que devam ach\u00e1-los feios, esquisitos, estranhos, e mais algumas outras coisas&#8230; Existe preconceito sim! O tempo todo percebemos olhares \u201catravessados\u201d, por\u00e9m n\u00e3o d\u00e1 para ficar falando muito sobre o outro. O que fiz nesses anos todos foi \u201cendurecer\u201d. Em meu livro descrevo sobre me tornar um trator, essa foi \u00e0 t\u00e9cnica que usei. Para mim, n\u00e3o adianta discutir, ou querer tirar satisfa\u00e7\u00e3o, vez ou outra devo ter me estressado muito, mas porque n\u00e3o estava num dia bom, haja vista que naquele tempo eu ainda tinha \u201cTPM\u201d &#8211; Tens\u00e3o Pr\u00e9-Menstrual.<\/p>\n\n\n\n<p>&nbsp; &#8211; Ainda bem que agora tem um movimento maravilhoso de gente muito corajosa, que luta o tempo, todo contra o preconceito. N\u00e3o apenas para as pessoas que tenham alguma defici\u00eancia, mas contra tantos outros tipos de preconceitos criados pelo ser humano.<\/p>\n\n\n\n<p><strong><em>&nbsp;O que voc\u00ea pensa em rela\u00e7\u00e3o ao preconceito e qual o conselho que voc\u00ea d\u00e1 para as m\u00e3es que o enfrentam?<\/em><\/strong><\/p>\n\n\n\n<p><strong>R:<\/strong> Enfrentar o preconceito \u00e9 muito triste e algo que te coloca para baixo. Eu j\u00e1 tenho uma tend\u00eancia \u00e0 baixa autoestima, fiz anos de terapia para amenizar esse conceito, ent\u00e3o n\u00e3o foi nada f\u00e1cil.<\/p>\n\n\n\n<p>&nbsp;&#8211; Acho que disfarcei bem, talvez tenha at\u00e9 chorado pelos cantos, mas n\u00e3o lembro bem disso&#8230; Com o passar dos anos vamos ficando mais \u201ccalejados\u201d e acabamos por apagar certas atitudes, olhares, falas ou comportamentos preconceituosos.<\/p>\n\n\n\n<p>&nbsp; &#8211; Se a m\u00e3e for algu\u00e9m que saiba conversar com calma, saiba fazer uma abordagem adequada, acredito que, para o mundo atual, at\u00e9 valha uma tentativa de abertura de olhos do outro que n\u00e3o tem empatia, consci\u00eancia e no\u00e7\u00e3o da vida nesse Mundo.<\/p>\n\n\n\n<p>&nbsp;&#8211; Eu nunca consegui fazer isso.<\/p>\n\n\n\n<p><strong><em>&nbsp;Como foi a inf\u00e2ncia dos seus dois filhos com S\u00edndrome de Down, a Samanta e o Victor Hugo?<\/em><\/strong><\/p>\n\n\n\n<p><strong>R: <\/strong>Foi uma inf\u00e2ncia muito feliz, salvo as v\u00e1rias interna\u00e7\u00f5es que meu filho precisou enfrentar por causa das altera\u00e7\u00f5es neurol\u00f3gicas de nascen\u00e7a que ele possui. Eles tinham os amigos da escola especial, e frequentavam muita festa, muito encontro, muita brincadeira. Como eu tamb\u00e9m n\u00e3o sou uma pessoa muito expansiva, nunca fui de ter muitos amigos, ent\u00e3o eles tamb\u00e9m acabaram ficando meio sem amigos, brincavam muito com os primos e primas.<\/p>\n\n\n\n<p>&nbsp; &#8211; Em contrapartida fiz de tudo para que tivessem conviv\u00eancia fora de casa, ent\u00e3o fomos a muito teatro, cinema, festas, shows, eventos, passeios, viagens&#8230; E tudo que aparecesse pela frente. Nunca ficamos confinados dentro da casa.<\/p>\n\n\n\n<p><strong><em>&nbsp;Em quais lugares as pessoas podem adquirir o seu livro?<\/em><\/strong><\/p>\n\n\n\n<p><strong>R:<\/strong> Site da Amazon. <a href=\"https:\/\/www.amazon.com.br\/dp\/6558872064?ref=myi_title_dp\">Aqui<\/a> e no site da Life Editora. Acesse <a href=\"http:\/\/www.lifeeditora.com.br\/loja\/produto\/down-ao-quadrado-as-descobertas-e-os-desafios-se-ser-mae-de-dois-filhos-com-sindrome-de-down\/\">aqui<\/a>.<\/p>\n","protected":false},"excerpt":{"rendered":"<p>Denise Pac\u00edfico Quadrado \u00e9 casada com Maur\u00edcio Quadrado, m\u00e3e da Samanta e do Victor Hugo&#8230;<\/p>\n","protected":false},"author":2,"featured_media":4229,"comment_status":"closed","ping_status":"open","sticky":false,"template":"","format":"standard","meta":{"om_disable_all_campaigns":false,"_monsterinsights_skip_tracking":false,"_monsterinsights_sitenote_active":false,"_monsterinsights_sitenote_note":"","_monsterinsights_sitenote_category":0,"spay_email":""},"categories":[31],"tags":[303,302,301],"jetpack_featured_media_url":"https:\/\/vimagazine.com.br\/wp-content\/uploads\/2022\/05\/db032083-a883-43ae-a433-767ecea2ebb0.jpg","_links":{"self":[{"href":"https:\/\/vimagazine.com.br\/index.php?rest_route=\/wp\/v2\/posts\/4228"}],"collection":[{"href":"https:\/\/vimagazine.com.br\/index.php?rest_route=\/wp\/v2\/posts"}],"about":[{"href":"https:\/\/vimagazine.com.br\/index.php?rest_route=\/wp\/v2\/types\/post"}],"author":[{"embeddable":true,"href":"https:\/\/vimagazine.com.br\/index.php?rest_route=\/wp\/v2\/users\/2"}],"replies":[{"embeddable":true,"href":"https:\/\/vimagazine.com.br\/index.php?rest_route=%2Fwp%2Fv2%2Fcomments&post=4228"}],"version-history":[{"count":2,"href":"https:\/\/vimagazine.com.br\/index.php?rest_route=\/wp\/v2\/posts\/4228\/revisions"}],"predecessor-version":[{"id":4238,"href":"https:\/\/vimagazine.com.br\/index.php?rest_route=\/wp\/v2\/posts\/4228\/revisions\/4238"}],"wp:featuredmedia":[{"embeddable":true,"href":"https:\/\/vimagazine.com.br\/index.php?rest_route=\/wp\/v2\/media\/4229"}],"wp:attachment":[{"href":"https:\/\/vimagazine.com.br\/index.php?rest_route=%2Fwp%2Fv2%2Fmedia&parent=4228"}],"wp:term":[{"taxonomy":"category","embeddable":true,"href":"https:\/\/vimagazine.com.br\/index.php?rest_route=%2Fwp%2Fv2%2Fcategories&post=4228"},{"taxonomy":"post_tag","embeddable":true,"href":"https:\/\/vimagazine.com.br\/index.php?rest_route=%2Fwp%2Fv2%2Ftags&post=4228"}],"curies":[{"name":"wp","href":"https:\/\/api.w.org\/{rel}","templated":true}]}}