{"id":4240,"date":"2022-05-10T13:16:28","date_gmt":"2022-05-10T16:16:28","guid":{"rendered":"https:\/\/vimagazine.com.br\/?p=4240"},"modified":"2022-05-10T13:16:32","modified_gmt":"2022-05-10T16:16:32","slug":"expocentro-balneario-camboriu-recebe-turne-de-chitaozinho-e-xororo","status":"publish","type":"post","link":"https:\/\/vimagazine.com.br\/?p=4240","title":{"rendered":"Expocentro Balne\u00e1rio Cambori\u00fa recebe turn\u00ea de Chit\u00e3ozinho e Xoror\u00f3"},"content":{"rendered":"\n<p><\/p>\n\n\n\n<p><\/p>\n\n\n\n<p class=\"has-medium-font-size\"><em><strong>A turn\u00ea que comemora os 50 anos da dupla sertaneja ser\u00e1 o primeiro grande show do novo espa\u00e7o de eventos<\/strong><\/em><\/p>\n\n\n\n<p class=\"has-normal-font-size\">Uma carreira brilhante, uma legi\u00e3o de f\u00e3s e uma extensa cole\u00e7\u00e3o de sucessos preenchem a vida art\u00edstica dos irm\u00e3os Jos\u00e9 de Lima e Durval, mais conhecidos como Chit\u00e3ozinho e Xoror\u00f3, que honram todos os dias, h\u00e1 50 anos, a decis\u00e3o e a persist\u00eancia de fazer hist\u00f3ria juntos, usando a m\u00fasica como instrumento. Uma hist\u00f3ria de fases, triunfos e momentos inesquec\u00edveis, agora representada em um show in\u00e9dito, em comemora\u00e7\u00e3o \u00e0s cinco d\u00e9cadas de uma trajet\u00f3ria incontest\u00e1vel. \u00c9 a partir da turn\u00ea \u201c50 anos &#8211; Por Todos Os Tempos\u201d que a dupla promete emocionar o p\u00fablico mundo afora, em uma apresenta\u00e7\u00e3o que vai muito al\u00e9m de um repert\u00f3rio cirurgicamente selecionado: \u00e9 uma imers\u00e3o e uma homenagem a tu do o que constru\u00edram neste per\u00edodo.<\/p>\n\n\n\n<p class=\"has-normal-font-size\">E a dupla estar\u00e1 no Expocentro Balne\u00e1rio Cambori\u00fa, no<strong> dia 8 de julho<\/strong>, para um espet\u00e1culo que celebra os 50 anos dos reis da m\u00fasica sertaneja e tamb\u00e9m marca a abertura do espa\u00e7o para grandes shows. Uma realiza\u00e7\u00e3o Live Talentos e Mussini Produ\u00e7\u00f5es.<\/p>\n\n\n\n<p style=\"font-size:18px\"><strong>Sobre o show<\/strong><\/p>\n\n\n\n<p class=\"has-normal-font-size\">No setlist, uma combina\u00e7\u00e3o de hits que n\u00e3o podem faltar, com um toque diferenciado nos arranjos. \u201cEvid\u00eancias\u201d, \u201cFio de Cabelo\u201d, \u201cNo Rancho Fundo\u201d, \u201cAl\u00f4\u201d, entre outras, revelam uma pitada de nostalgia, acompanhadas dos mais recentes lan\u00e7amentos da dupla, como \u201cP\u00e1ssaros\u201d, para completar a entrega de um repert\u00f3rio mais que especial.<br>\u201cAo longo de todos esses anos como dupla, fortalecemos nossa rela\u00e7\u00e3o com os f\u00e3s, que, desde o in\u00edcio, s\u00e3o imensamente receptivos e carinhosos com a gente. Essa turn\u00ea n\u00e3o \u00e9 s\u00f3 uma celebra\u00e7\u00e3o nossa, \u00e9 tamb\u00e9m um presente para eles. Estamos trabalhando nisso h\u00e1 bastante tempo, com todo nosso cuidado e dedica\u00e7\u00e3o para que tudo saia do jeitinho que sonhamos\u201d, conta Chit\u00e3ozinho.<\/p>\n\n\n\n<p class=\"has-normal-font-size\">\u201cTemos muito orgulho de tudo o que compartilhamos nesses 50 anos e seria injusto dizer que resumimos em apenas um show. Ele \u00e9 um espet\u00e1culo em sua ess\u00eancia, e \u00e9 s\u00f3 uma parte de tudo o que planejamos fazer para comemorar um marco t\u00e3o importante para n\u00f3s. Nosso maior desejo \u00e9 que todos sintam a nossa vibra\u00e7\u00e3o e a energia que depositamos neste projeto. Estamos ansiosos para estrear e mais ainda para reencontrar as pessoas que sempre nos apoiaram\u201d, completa Xoror\u00f3.<\/p>\n\n\n\n<p class=\"has-normal-font-size\">A turn\u00ea j\u00e1 est\u00e1 marcada para passar tamb\u00e9m pelas cidades de Campinas, Jaguari\u00fana, Curitiba, S\u00e3o Jos\u00e9 do Rio Preto, Maring\u00e1, Porto Alegre, Crici\u00fama, Dourados, Campo Grande, Florian\u00f3polis, Londrina, Americana, Uberaba, S\u00e3o Paulo, Goi\u00e2nia, Bras\u00edlia, Divin\u00f3polis, Ribeir\u00e3o Preto, Barretos, Cuiab\u00e1 e Belo Horizonte, al\u00e9m do mega show em New York, nos Estados Unidos, no Radio City Music Hall, al\u00e9m de Canad\u00e1 e Portugal. Em breve, mais datas e locais ser\u00e3o divulgados, al\u00e9m dos demais trabalhos que ir\u00e3o complementar as comemora\u00e7\u00f5es.<\/p>\n\n\n\n<p style=\"font-size:18px\"><strong>Sobre Chit\u00e3ozinho &amp; Xoror\u00f3<\/strong><br><\/p>\n\n\n\n<p style=\"font-size:18px\">Reis da m\u00fasica sertaneja, os irm\u00e3os atingiram a marca de 40 milh\u00f5es de discos vendidos, 37 \u00e1lbuns in\u00e9ditos, dez DVDs, cinco pr\u00eamios Grammy, centenas de discos de ouro, platina e diamante, programas de televis\u00e3o e uma homenagem da X-9 Paulistana que contou sua hist\u00f3ria.<br><br>A dupla gravou o primeiro disco, \u201cGalopeira\u201d, em 1970, mas o sucesso veio oito anos depois com \u201c60 Dias Apaixonados\u201d, que deu o primeiro disco de ouro. O reconhecimento do grande p\u00fablico veio em 1982 com a m\u00fasica \u201cFio de Cabelo\u201d, que vendeu mais de 1,5 milh\u00e3o de c\u00f3pias. Ao longo da carreira, criaram cl\u00e1ssicos como \u201cSe Deus Me Ouvisse\u201d, \u201cFog\u00e3o de Lenha\u201d, \u201cNo Rancho Fundo\u201d, \u201cBrincar de Ser Feliz\u201d, \u201cP\u00e1gina de Amigos\u201d e \u201cAl\u00f4\u201d, entre outros.<br><br>Em 2022, os artistas iniciam as comemora\u00e7\u00f5es dos 50 anos de carreira, com uma turn\u00ea in\u00e9dita e mundial, al\u00e9m de uma s\u00e9rie de projetos que incluem livros, gibi e um quadro especial.<\/p>\n\n\n\n<p style=\"font-size:18px\"><br><\/p>\n\n\n\n<figure class=\"wp-block-image size-large is-resized\"><img src=\"https:\/\/vimagazine.com.br\/wp-content\/uploads\/2022\/05\/CHV-50-anos-Foto-Marcos-Hermes-2-682x1024.jpeg\" alt=\"\" class=\"wp-image-4241\" width=\"552\" height=\"829\" srcset=\"https:\/\/vimagazine.com.br\/wp-content\/uploads\/2022\/05\/CHV-50-anos-Foto-Marcos-Hermes-2-682x1024.jpeg 682w, https:\/\/vimagazine.com.br\/wp-content\/uploads\/2022\/05\/CHV-50-anos-Foto-Marcos-Hermes-2-200x300.jpeg 200w, https:\/\/vimagazine.com.br\/wp-content\/uploads\/2022\/05\/CHV-50-anos-Foto-Marcos-Hermes-2-768x1152.jpeg 768w, https:\/\/vimagazine.com.br\/wp-content\/uploads\/2022\/05\/CHV-50-anos-Foto-Marcos-Hermes-2.jpeg 853w\" sizes=\"(max-width: 552px) 100vw, 552px\" \/><\/figure>\n\n\n\n<p style=\"font-size:18px\"><br><strong>Chit\u00e3ozinho &amp; Xoror\u00f3 em n\u00fameros<\/strong><br>&#8211; \u00a0 Mais de 40 milh\u00f5es de discos vendidos<br>&#8211; 39 \u00e1lbuns in\u00e9ditos e 10 DVDs<br>&#8211; Centenas de discos de ouro, platina e diamante<br>&#8211; Dezenas de pr\u00eamios na m\u00fasica, incluindo 5 Grammy<br>&#8211; Mais de 6 mil shows<br>&#8211; P\u00fablico estimado em 100 milh\u00f5es de pessoas<br>&#8211; Mais de 100 mil pessoas em um \u00fanico show<br>&#8211; 1,8 milh\u00e3o de vendas em um \u00fanico disco<br>&#8211; Mais de 400 m\u00fasicas gravadas<br>&#8211; Mais de 70 campanhas publicit\u00e1rias<br>&#8211; Envolvimento em mais de 150 projetos de Responsabilidade Social<br>&#8211; Parcerias com mais de 100 nomes da m\u00fasica nacional e internacional<br>&#8211; 1982 foi o ano de in\u00edcio do grande sucesso com \u2018Fio de Cabelo\u2019<\/p>\n\n\n\n<p><strong>Servi\u00e7o:<\/strong><br><strong>Local<\/strong>: Expocentro Balne\u00e1rio Cambori\u00fa<br><strong>Data<\/strong>: 8 de julho<br><strong>Venda de ingressos<\/strong>: Ingresso Nacional<br><strong>Contato (Expocentro):<\/strong><br>47 &#8211; 3228-1700<br>47 &#8211; 3228-1701<br><strong>Expocentro Balne\u00e1rio Cambori\u00fa<\/strong><br>Av. Marginal Oeste- Balne\u00e1rio Cambori\u00fa<\/p>\n","protected":false},"excerpt":{"rendered":"<p>A turn\u00ea que comemora os 50 anos da dupla sertaneja ser\u00e1 o primeiro grande show&#8230;<\/p>\n","protected":false},"author":1,"featured_media":4242,"comment_status":"closed","ping_status":"open","sticky":false,"template":"","format":"standard","meta":{"om_disable_all_campaigns":false,"_monsterinsights_skip_tracking":false,"_monsterinsights_sitenote_active":false,"_monsterinsights_sitenote_note":"","_monsterinsights_sitenote_category":0,"spay_email":""},"categories":[26],"tags":[],"jetpack_featured_media_url":"https:\/\/vimagazine.com.br\/wp-content\/uploads\/2022\/05\/CHV-50-anos-Foto-Marcos-Hermes-1.jpeg","_links":{"self":[{"href":"https:\/\/vimagazine.com.br\/index.php?rest_route=\/wp\/v2\/posts\/4240"}],"collection":[{"href":"https:\/\/vimagazine.com.br\/index.php?rest_route=\/wp\/v2\/posts"}],"about":[{"href":"https:\/\/vimagazine.com.br\/index.php?rest_route=\/wp\/v2\/types\/post"}],"author":[{"embeddable":true,"href":"https:\/\/vimagazine.com.br\/index.php?rest_route=\/wp\/v2\/users\/1"}],"replies":[{"embeddable":true,"href":"https:\/\/vimagazine.com.br\/index.php?rest_route=%2Fwp%2Fv2%2Fcomments&post=4240"}],"version-history":[{"count":1,"href":"https:\/\/vimagazine.com.br\/index.php?rest_route=\/wp\/v2\/posts\/4240\/revisions"}],"predecessor-version":[{"id":4243,"href":"https:\/\/vimagazine.com.br\/index.php?rest_route=\/wp\/v2\/posts\/4240\/revisions\/4243"}],"wp:featuredmedia":[{"embeddable":true,"href":"https:\/\/vimagazine.com.br\/index.php?rest_route=\/wp\/v2\/media\/4242"}],"wp:attachment":[{"href":"https:\/\/vimagazine.com.br\/index.php?rest_route=%2Fwp%2Fv2%2Fmedia&parent=4240"}],"wp:term":[{"taxonomy":"category","embeddable":true,"href":"https:\/\/vimagazine.com.br\/index.php?rest_route=%2Fwp%2Fv2%2Fcategories&post=4240"},{"taxonomy":"post_tag","embeddable":true,"href":"https:\/\/vimagazine.com.br\/index.php?rest_route=%2Fwp%2Fv2%2Ftags&post=4240"}],"curies":[{"name":"wp","href":"https:\/\/api.w.org\/{rel}","templated":true}]}}