{"id":4244,"date":"2022-05-10T14:25:15","date_gmt":"2022-05-10T17:25:15","guid":{"rendered":"https:\/\/vimagazine.com.br\/?p=4244"},"modified":"2022-05-10T14:25:19","modified_gmt":"2022-05-10T17:25:19","slug":"maio-amarelo-2022-juntos-salvamos-vidas","status":"publish","type":"post","link":"https:\/\/vimagazine.com.br\/?p=4244","title":{"rendered":"MAIO AMARELO 2022 \u2013 Juntos salvamos vidas"},"content":{"rendered":"\n<p><\/p>\n\n\n\n<p class=\"has-normal-font-size\">A campanha \u201c<strong><em>Maio Amarelo<\/em><\/strong>\u201d surgiu devido a necessidade de chamar a aten\u00e7\u00e3o da sociedade para os altos \u00edndices de acidentes de tr\u00e2nsito e a quantidade de v\u00edtimas remanescentes, que geralmente carregam sequelas para o resto de suas vidas, quando n\u00e3o as ceifam prematuramente. A Campanha tem como tema o slogan \u201c<strong><em>Juntos salvamos vidas!\u201d.<\/em><\/strong> Somente no \u00faltimo ano, segundo n\u00fameros do Corpo de Bombeiros, foram atendidas 77.067 ocorr\u00eancias de acidentes de tr\u00e2nsito com v\u00edtimas no Estado de S\u00e3o Paulo, com 1.128 \u00f3bitos e outras 84.250 v\u00edtimas com algum grau de les\u00e3o.<\/p>\n\n\n\n<p class=\"has-normal-font-size\">Esses n\u00fameros por si j\u00e1 s\u00e3o assustadores, segundo a OPAS (Organiza\u00e7\u00e3o PanAmericana da Sa\u00fade) cerca de 1,35 milh\u00e3o de pessoas perdem a vida todos os anos, atingindo a faixa de jovens e crian\u00e7as (5 a 29 anos) e entre 20 e 50 milh\u00f5es de pessoas vem a sofrer les\u00f5es, muitas delas gerando incapacidade permanente. \u00c9 a terceira causa de morte no Brasil.<\/p>\n\n\n\n<p class=\"has-normal-font-size\">Os acidentes no tr\u00e2nsito provocam preju\u00edzos economicamente consider\u00e1veis para<\/p>\n\n\n\n<p class=\"has-normal-font-size\">os acidentados, suas fam\u00edlias e pa\u00edses como um todo. Os acidentes geram v\u00e1rias despesas relacionadas aos tratamentos (incluindo reabilita\u00e7\u00e3o e investiga\u00e7\u00e3o do acidente), bem como da redu\u00e7\u00e3o e perda de produtividade. Os acidentes de tr\u00e2nsito custam \u00e0 maioria dos pa\u00edses cerca de 3% do seu produto interno bruto (PIB).&nbsp;<\/p>\n\n\n\n<p class=\"has-normal-font-size\">Outro fator importante em se destacar, que durante a pandemia houve uma intensifica\u00e7\u00e3o do trabalho de entregas por motoboys e esta forma de transporte \u00e9 a mais afetada, respondendo por cerca de 70% dos acidentes e os com maiores \u00edndices de les\u00f5es graves.<\/p>\n\n\n\n<p class=\"has-normal-font-size\">Infelizmente as principais causas dos acidentes s\u00e3o de origem humana. A falta de aten\u00e7\u00e3o ao tr\u00e2nsito (principalmente devido ao uso de celulares), a ingest\u00e3o de bebidas alco\u00f3licas, uso de drogas il\u00edcitas, excesso de velocidade, ultrapassagens proibidas e a desobedi\u00eancia \u00e0 sinaliza\u00e7\u00e3o s\u00e3o as principais causas apontadas.<\/p>\n\n\n\n<p style=\"font-size:18px\"><strong><em>Como a fisioterapia interv\u00eam nesses casos?<\/em><\/strong><\/p>\n\n\n\n<p class=\"has-normal-font-size\">Os acidentes n\u00e3o fatais geralmente necessitam de grandes interven\u00e7\u00f5es, cir\u00fargicas e ambulatoriais, que demandam grande n\u00famero de profissionais de sa\u00fade das mais diversas \u00e1reas por per\u00edodos prolongados, como \u00e9 o caso do fisioterapeuta que atua durante todo o per\u00edodo de interna\u00e7\u00e3o e se estende por v\u00e1rios meses e at\u00e9 anos, ap\u00f3s a alta hospitalar.<\/p>\n\n\n\n<p class=\"has-normal-font-size\">Geralmente os pacientes de traumas oriundos de acidentes de tr\u00e2nsito geram maiores preocupa\u00e7\u00f5es, pois trazem uma complexidade maior ao tratamento. Esses pacientes quando trazem sequelas neurol\u00f3gicas, al\u00e9m das grandes altera\u00e7\u00f5es ortop\u00e9dicas, demandam do fisioterapeuta uma atua\u00e7\u00e3o sist\u00eamica, pois todo o organismo est\u00e1 afetado. S\u00e3o problemas dermatol\u00f3gicos (escaras), gastrointestinais e p\u00e9lvicos (incontin\u00eancias e constipa\u00e7\u00f5es), respirat\u00f3rios (pneumonias) que complicam ainda mais o quadro. Os longos per\u00edodos de interna\u00e7\u00f5es e reclus\u00f5es aos leitos s\u00e3o as principais preocupa\u00e7\u00f5es dos profissionais de fisioterapia, pois al\u00e9m das les\u00f5es causadas diretamente pelo acidente, o fisioterapeuta ainda deve atentar-se para que as \u00e1reas n\u00e3o afetadas diretamente n\u00e3o percam suas funcionalidades.<\/p>\n\n\n\n<p style=\"font-size:18px\"><strong><em>Como \u00e9 o tratamento?<\/em><\/strong><\/p>\n\n\n\n<p class=\"has-normal-font-size\">No tratamento fisioter\u00e1pico s\u00e3o utilizadas v\u00e1rias t\u00e9cnicas, equipamentos e exerc\u00edcios com a finalidade de diminuir os processos inflamat\u00f3rios e dolorosos, e:<\/p>\n\n\n\n<ul class=\"has-normal-font-size\"><li>Melhorar a cicatriza\u00e7\u00e3o das les\u00f5es;<\/li><li>Reduzir os encurtamentos e ader\u00eancias musculares do membro afetado e das demais \u00e1reas do nosso corpo;&nbsp;<\/li><li>Aumentar a for\u00e7a muscular;<\/li><li>Melhorar a amplitude de movimentos das articula\u00e7\u00f5es e diminuir o risco de ader\u00eancias;<\/li><li>Melhorar o controle postural, equil\u00edbrio e a marcha do paciente;<\/li><li>Evitar que os pacientes tenham problemas respirat\u00f3rios pela imobilidade;<\/li><li>Prevenir a forma\u00e7\u00e3o de \u00falceras de press\u00e3o (escaras) e, quando formadas, trat\u00e1-las antes que mais enfermidades oportunistas ataquem o paciente.<\/li><\/ul>\n\n\n\n<p class=\"has-normal-font-size\">\u00c9 importante destacar que, o quanto antes se iniciar o tratamento fisioter\u00e1pico, melhores ser\u00e3o as possibilidades de que o quadro geral do paciente evolua bem e de forma mais r\u00e1pida.<\/p>\n\n\n\n<p class=\"has-normal-font-size\">Portanto, ao dirigirem ve\u00edculos automotores tenham os devidos cuidados. Se for dirigir, n\u00e3o beba. Evite fazer uso de celular, enquanto dirigir. Respeite a vida!<\/p>\n\n\n\n<p><strong><em>JUNTOS SALVAMOS VIDAS!<\/em><\/strong><\/p>\n\n\n\n<p><strong><em>Por Dr. Marcio Rog\u00e9rio Renzo\u00a0<\/em><\/strong><\/p>\n","protected":false},"excerpt":{"rendered":"<p>A campanha \u201cMaio Amarelo\u201d surgiu devido a necessidade de chamar a aten\u00e7\u00e3o da sociedade para&#8230;<\/p>\n","protected":false},"author":1,"featured_media":4245,"comment_status":"closed","ping_status":"open","sticky":false,"template":"","format":"standard","meta":{"om_disable_all_campaigns":false,"_monsterinsights_skip_tracking":false,"_monsterinsights_sitenote_active":false,"_monsterinsights_sitenote_note":"","_monsterinsights_sitenote_category":0,"spay_email":""},"categories":[27],"tags":[],"jetpack_featured_media_url":"https:\/\/vimagazine.com.br\/wp-content\/uploads\/2022\/05\/maio-amarelo-2022.jpg","_links":{"self":[{"href":"https:\/\/vimagazine.com.br\/index.php?rest_route=\/wp\/v2\/posts\/4244"}],"collection":[{"href":"https:\/\/vimagazine.com.br\/index.php?rest_route=\/wp\/v2\/posts"}],"about":[{"href":"https:\/\/vimagazine.com.br\/index.php?rest_route=\/wp\/v2\/types\/post"}],"author":[{"embeddable":true,"href":"https:\/\/vimagazine.com.br\/index.php?rest_route=\/wp\/v2\/users\/1"}],"replies":[{"embeddable":true,"href":"https:\/\/vimagazine.com.br\/index.php?rest_route=%2Fwp%2Fv2%2Fcomments&post=4244"}],"version-history":[{"count":1,"href":"https:\/\/vimagazine.com.br\/index.php?rest_route=\/wp\/v2\/posts\/4244\/revisions"}],"predecessor-version":[{"id":4246,"href":"https:\/\/vimagazine.com.br\/index.php?rest_route=\/wp\/v2\/posts\/4244\/revisions\/4246"}],"wp:featuredmedia":[{"embeddable":true,"href":"https:\/\/vimagazine.com.br\/index.php?rest_route=\/wp\/v2\/media\/4245"}],"wp:attachment":[{"href":"https:\/\/vimagazine.com.br\/index.php?rest_route=%2Fwp%2Fv2%2Fmedia&parent=4244"}],"wp:term":[{"taxonomy":"category","embeddable":true,"href":"https:\/\/vimagazine.com.br\/index.php?rest_route=%2Fwp%2Fv2%2Fcategories&post=4244"},{"taxonomy":"post_tag","embeddable":true,"href":"https:\/\/vimagazine.com.br\/index.php?rest_route=%2Fwp%2Fv2%2Ftags&post=4244"}],"curies":[{"name":"wp","href":"https:\/\/api.w.org\/{rel}","templated":true}]}}