{"id":4261,"date":"2022-05-11T10:29:34","date_gmt":"2022-05-11T13:29:34","guid":{"rendered":"https:\/\/vimagazine.com.br\/?p=4261"},"modified":"2022-05-11T10:29:37","modified_gmt":"2022-05-11T13:29:37","slug":"apaixonada-por-joias-a-joalheira-luciana-canto-e-mello-brilha-com-sua-propria-marca","status":"publish","type":"post","link":"https:\/\/vimagazine.com.br\/?p=4261","title":{"rendered":"Apaixonada por joias a joalheira Luciana Canto e Mello brilha com sua pr\u00f3pria marca"},"content":{"rendered":"\n<p><\/p>\n\n\n\n<p class=\"has-normal-font-size\">H\u00e1 27 anos, Luciana Canto e Mello brilha com a marca de joias, que leva seu nome. Ao longo do tempo, foi se reinventando e criou um estilo pr\u00f3prio: chique, atemporal, despojado e cheio de bossa.<br><br>Suas pe\u00e7as vers\u00e1teis, em ouro 18K e gemas preciosas, podem transitar em diversos cen\u00e1rios. \u00a0A joalheira incorpora diversas refer\u00eancias e inspira\u00e7\u00f5es em suas obras. &#8220;Tento manter meu olhar atento a tudo em minha volta e assim, enxergar uma joia em diversas facetas do seu cotidiano, seja em livros, viagens, estado de esp\u00edrito, port\u00f5es, artesanatos ou filmes. Um bom exemplo \u00e9 a cole\u00e7\u00e3o Balne\u00e1rio, fruto de uma viagem \u00e0 Bahia&#8221;, comenta Luciana que tamb\u00e9m se inspira em artistas como Ert\u00e9, Paloma Picasso, Channel, na cultura indiana, grega, misturando cl\u00e1ssico e moderno. Sempre procurando inovar, mais recentemente, ela voltou seu olhar tamb\u00e9m para o p\u00fablico masculino e vem desenvolvendo pe\u00e7as especialmente para ele.<br><br>Sua paix\u00e3o por esse mundo come\u00e7ou ainda crian\u00e7a, quando se reunia com a m\u00e3e e com a av\u00f3 para espalhar, na cama, as pe\u00e7as da fam\u00edlia com o intuito de modificar e transformar as mais antigas em mais atuais. &#8220;Joia \u00e9 eterna, mesmo que se transforme&#8221;, declara a artista.<br><br>Com a carreira j\u00e1 consolidada, a artista desenvolveu pe\u00e7as para novelas como &#8220;O Clone&#8221; e &#8220;Beijo do Vampiro&#8221;, ambas da TV Globo. Tamb\u00e9m desenhou joias para os personagens da atriz Julia Lemmertz durante 8 anos e vestiu Fernanda Montenegro com um brinco que leva o nome de sua filha em um Oscar, quando a estrela brasileira concorreu pelo filme &#8220;Central do Brasil&#8221;. Al\u00e9m disso, participou de desfiles como Rio Fashion Week e uma exposi\u00e7\u00e3o no CCBB sobre o Egito Antigo, onde exp\u00f4s ao lado de pe\u00e7as do Museu do Louvre.<br><br>Sustentada pela premissa de que as joias s\u00e3o eternas e, como a vida, carregam um lado afetivo, Luciana passou tamb\u00e9m a se desenvolver ao trabalho de reforma-las, dando uma nova vida a pe\u00e7as &#8220;esquecidas&#8221;, ou quebradas, por exemplo. \u00a8Cada pe\u00e7a conta uma hist\u00f3ria e fico feliz quando consigo ajudar a cliente a reviv\u00ea-la, com o que eu sei realizar de melhor\u00a8, explica a consultora.<\/p>\n\n\n\n<figure class=\"wp-block-image size-large is-resized\"><img src=\"https:\/\/vimagazine.com.br\/wp-content\/uploads\/2022\/05\/LUC_2541-veronica-web-684x1024.jpg\" alt=\"\" class=\"wp-image-4263\" width=\"466\" height=\"698\" srcset=\"https:\/\/vimagazine.com.br\/wp-content\/uploads\/2022\/05\/LUC_2541-veronica-web-684x1024.jpg 684w, https:\/\/vimagazine.com.br\/wp-content\/uploads\/2022\/05\/LUC_2541-veronica-web-200x300.jpg 200w, https:\/\/vimagazine.com.br\/wp-content\/uploads\/2022\/05\/LUC_2541-veronica-web-768x1150.jpg 768w, https:\/\/vimagazine.com.br\/wp-content\/uploads\/2022\/05\/LUC_2541-veronica-web-1025x1536.jpg 1025w, https:\/\/vimagazine.com.br\/wp-content\/uploads\/2022\/05\/LUC_2541-veronica-web-1024x1534.jpg 1024w, https:\/\/vimagazine.com.br\/wp-content\/uploads\/2022\/05\/LUC_2541-veronica-web.jpg 1179w\" sizes=\"(max-width: 466px) 100vw, 466px\" \/><\/figure>\n\n\n\n<p class=\"has-normal-font-size\">As joias s\u00e3o vendidas no atelier, com agendamento pr\u00e9vio, pelo Instagram, e pelo site, para todo o Brasil.<\/p>\n\n\n\n<p><br><br><a href=\"http:\/\/www.lucianacantoemello.com.br\/\" target=\"_blank\" rel=\"noreferrer noopener\">www.lucianacantoemello.com.br<\/a><br>@lucianacantoemello<\/p>\n","protected":false},"excerpt":{"rendered":"<p>H\u00e1 27 anos, Luciana Canto e Mello brilha com a marca de joias, que leva&#8230;<\/p>\n","protected":false},"author":1,"featured_media":4262,"comment_status":"closed","ping_status":"open","sticky":false,"template":"","format":"standard","meta":{"om_disable_all_campaigns":false,"_monsterinsights_skip_tracking":false,"_monsterinsights_sitenote_active":false,"_monsterinsights_sitenote_note":"","_monsterinsights_sitenote_category":0,"spay_email":""},"categories":[27],"tags":[],"jetpack_featured_media_url":"https:\/\/vimagazine.com.br\/wp-content\/uploads\/2022\/05\/LUC_2544-veronicaweb.jpg","_links":{"self":[{"href":"https:\/\/vimagazine.com.br\/index.php?rest_route=\/wp\/v2\/posts\/4261"}],"collection":[{"href":"https:\/\/vimagazine.com.br\/index.php?rest_route=\/wp\/v2\/posts"}],"about":[{"href":"https:\/\/vimagazine.com.br\/index.php?rest_route=\/wp\/v2\/types\/post"}],"author":[{"embeddable":true,"href":"https:\/\/vimagazine.com.br\/index.php?rest_route=\/wp\/v2\/users\/1"}],"replies":[{"embeddable":true,"href":"https:\/\/vimagazine.com.br\/index.php?rest_route=%2Fwp%2Fv2%2Fcomments&post=4261"}],"version-history":[{"count":1,"href":"https:\/\/vimagazine.com.br\/index.php?rest_route=\/wp\/v2\/posts\/4261\/revisions"}],"predecessor-version":[{"id":4264,"href":"https:\/\/vimagazine.com.br\/index.php?rest_route=\/wp\/v2\/posts\/4261\/revisions\/4264"}],"wp:featuredmedia":[{"embeddable":true,"href":"https:\/\/vimagazine.com.br\/index.php?rest_route=\/wp\/v2\/media\/4262"}],"wp:attachment":[{"href":"https:\/\/vimagazine.com.br\/index.php?rest_route=%2Fwp%2Fv2%2Fmedia&parent=4261"}],"wp:term":[{"taxonomy":"category","embeddable":true,"href":"https:\/\/vimagazine.com.br\/index.php?rest_route=%2Fwp%2Fv2%2Fcategories&post=4261"},{"taxonomy":"post_tag","embeddable":true,"href":"https:\/\/vimagazine.com.br\/index.php?rest_route=%2Fwp%2Fv2%2Ftags&post=4261"}],"curies":[{"name":"wp","href":"https:\/\/api.w.org\/{rel}","templated":true}]}}