{"id":4269,"date":"2022-05-12T05:56:46","date_gmt":"2022-05-12T08:56:46","guid":{"rendered":"https:\/\/vimagazine.com.br\/?p=4269"},"modified":"2023-05-15T15:54:47","modified_gmt":"2023-05-15T18:54:47","slug":"exclusivo-vice-governador-do-distrito-federal-faz-um-balanco-dos-4-anos-de-governo-e-revela-suas-perspectivas-para-as-eleicoes","status":"publish","type":"post","link":"https:\/\/vimagazine.com.br\/?p=4269","title":{"rendered":"Exclusivo: Vice \u2013 Governador do Distrito Federal faz um balan\u00e7o dos 4 anos de governo e revela suas perspectivas para as elei\u00e7\u00f5es"},"content":{"rendered":"\n<p><\/p>\n\n\n\n<p><strong>&nbsp; Marcus Vinicius Britto de Albuquerque Dias<\/strong>, mais conhecido como <strong>Paco Britto <\/strong>\u00e9 natural do Rio de janeiro, \u00e9 empres\u00e1rio, pol\u00edtico filiado ao Avante,&nbsp;e \u00e9 o atual&nbsp;Vice \u2013 Governador do Distrito Federal.<\/p>\n\n\n\n<p><\/p>\n\n\n\n<p>&nbsp;&nbsp; Em meio a um ano eleitoral, marcado por grandes embates, polariza\u00e7\u00e3o e com um aumento significativo do n\u00famero de desempregados, que eu entrevistei com exclusividade, o Vice \u2013 Governador do Distrito Federal, Paco Britto. Na oportunidade o Vice \u2013 Governador faz um balan\u00e7o dos quatro anos de governo, fala sobre polariza\u00e7\u00e3o, projetos, reelei\u00e7\u00e3o dentre outros assuntos. &nbsp;<\/p>\n\n\n\n<p><\/p>\n\n\n\n<p><strong><em>Quais foram os principais projetos do governo Ibaneis rocha em Bras\u00edlia nos \u00faltimos quatro anos?&nbsp; Como tem sido a import\u00e2ncia da parceria do senhor nesse sentido?<\/em><\/strong><\/p>\n\n\n\n<p><\/p>\n\n\n\n<p><strong>R:<\/strong> O governo Ibaneis rocha e Paco Britto recuperou a autoestima dos brasilienses, ao resgatar o distrito federal de outrora, com a realiza\u00e7\u00e3o de grandes obras e de importantes a\u00e7\u00f5es sociais. Esse \u00e9 o grande legado desta gest\u00e3o.<\/p>\n\n\n\n<p><\/p>\n\n\n\n<p>&nbsp; &#8211; Durante a pandemia, foram 50 mil empregos nas construtoras, que recebiam em dia.<\/p>\n\n\n\n<p><\/p>\n\n\n\n<p>&nbsp;&nbsp; &#8211; Al\u00e9m disso, o servidor p\u00fablico do distrito federal tamb\u00e9m recebeu 100% em dia, sem atrasos e demiss\u00f5es. Incluindo o pagamento da terceira parcela relativa ao aumento prometido por gest\u00f5es anteriores, que n\u00e3o foi cumprida, e que vem se arrastando desde 2013.<\/p>\n\n\n\n<p><\/p>\n\n\n\n<p>&nbsp;&#8211; Na parte social, podemos citar o cart\u00e3o prato cheio, o vale g\u00e1s e o material escolar, como exemplos, bem como os restaurantes comunit\u00e1rios, cujas refei\u00e7\u00f5es s\u00e3o servidas com valores acess\u00edveis \u00e0 popula\u00e7\u00e3o em situa\u00e7\u00e3o de vulnerabilidade social, sendo o almo\u00e7o a R$ 1,00 e o caf\u00e9 da manh\u00e3, a R$ 0,50.<\/p>\n\n\n\n<p><\/p>\n\n\n\n<p>&nbsp;&#8211; A partir do dia 14 deste m\u00eas, ser\u00e3o entregues \u00e0s fam\u00edlias mais vulner\u00e1veis lotes urbanizados.<\/p>\n\n\n\n<p><\/p>\n\n\n\n<p>&nbsp; &#8211; Tamb\u00e9m devo falar sobre a seguran\u00e7a p\u00fablica. Aqui temos a melhor for\u00e7a policial do pa\u00eds. \u00c9 not\u00f3ria a diminui\u00e7\u00e3o na taxa de criminalidade no Distrito Federal. Em fevereiro deste ano, por exemplo, houve o menor \u00edndice de crimes violentos letais intencionais em 23 anos.<\/p>\n\n\n\n<p><\/p>\n\n\n\n<p>&nbsp;&#8211; Em rela\u00e7\u00e3o \u00e0s obras, temos o t\u00fanel de Taguatinga, uma das maiores obras do Brasil, beneficiando cerca de 700 mil ve\u00edculos.<\/p>\n\n\n\n<p><\/p>\n\n\n\n<p>&nbsp; &#8211; O governo terminou o complexo Joaquim Roriz, na sa\u00edda norte. Foram recuperados e constru\u00eddos in\u00fameros viadutos, na sa\u00edda norte, noroeste, setor gr\u00e1fico e no recanto das emas, onde estava h\u00e1 anos parado.<\/p>\n\n\n\n<p><\/p>\n\n\n\n<p>&nbsp; &#8211; O governo desta gest\u00e3o tem no\u00e7\u00e3o sobre a realidade da popula\u00e7\u00e3o, ao mesclar obras com o social, visando atender a real necessidade dos mais necessitados.<\/p>\n\n\n\n<p><\/p>\n\n\n\n<p>&nbsp; &#8211; A maior realiza\u00e7\u00e3o nossa \u00e9 a satisfa\u00e7\u00e3o das pessoas, resgatando a autoestima e o querer bem de Bras\u00edlia. Isso me enriquece e me d\u00e1 for\u00e7a para sempre querer voltar ao Distrito Federal, com sorriso no rosto.<\/p>\n\n\n\n<p><\/p>\n\n\n\n<p>&nbsp; &#8211; Em rela\u00e7\u00e3o \u00e0 rela\u00e7\u00e3o Ibaneis Rocha e Paco Britto, desde o in\u00edcio, \u00e9 franca e sincera. O governador d\u00e1 total liberdade. Nunca tivemos discuss\u00f5es; colocamos o problema na mesa e o resolvemos.<\/p>\n\n\n\n<p><\/p>\n\n\n\n<p>&nbsp;&#8211; Nosso tratamento \u00e9 respeitoso. Al\u00e9m disso, eu sei o que \u00e9 ser vice-governador: auxiliar e substituir o governador. Sigo a linha dele. Ali\u00e1s, todos t\u00eam que trabalhar na linha do nosso maestro, o governador Ibaneis rocha.<\/p>\n\n\n\n<p><\/p>\n\n\n\n<p>Para saber mais sobre o entrevistado. Acesse <a href=\"https:\/\/linktr.ee\/paco.britto\">aqui<\/a>.<\/p>\n\n\n\n<p><\/p>\n\n\n\n<p><strong><em>Qual a an\u00e1lise que o senhor faz acerca da polariza\u00e7\u00e3o pol\u00edtica entre os principais poderes do pa\u00eds?<\/em><\/strong><\/p>\n\n\n\n<p><strong>&nbsp;&nbsp; R:<\/strong> Nossa rela\u00e7\u00e3o com o tribunal de justi\u00e7a, c\u00e2mara legislativa e tribunal de contas est\u00e1 alinhado e trabalha bem. N\u00e3o existe polariza\u00e7\u00e3o.<\/p>\n\n\n\n<p><\/p>\n\n\n\n<p><strong><em>Qual a sua avalia\u00e7\u00e3o sobre a atua\u00e7\u00e3o do governo Bolsonaro?<\/em><\/strong><\/p>\n\n\n\n<p><\/p>\n\n\n\n<p><strong>&nbsp;R:<\/strong> Um presidente da rep\u00fablica bem intencionado e que est\u00e1 fazendo o melhor depois dessa crise pand\u00eamica. Mas que em minha opini\u00e3o, \u00e9 um patriota querendo o melhor para o nosso brasil.<\/p>\n\n\n\n<p><\/p>\n\n\n\n<p><strong><em>O senhor tem encabe\u00e7ado o projeto &#8220;maio amarelo&#8221;. Qual a relev\u00e2ncia e como tem sido tocado o projeto em Bras\u00edlia?<\/em><\/strong><\/p>\n\n\n\n<p><\/p>\n\n\n\n<p><strong>&nbsp;&nbsp; R:<\/strong> No \u00faltimo dia 3 de maio, o departamento de tr\u00e2nsito do distrito federal abriu oficialmente na capital federal as a\u00e7\u00f5es do maio amarelo.<\/p>\n\n\n\n<p><\/p>\n\n\n\n<p>&nbsp; &#8211; Estamos na nona edi\u00e7\u00e3o de uma campanha multissetorial, que visa chamar a aten\u00e7\u00e3o da sociedade para os altos \u00edndices de acidentes de tr\u00e2nsito com v\u00edtimas em todo o mundo.<\/p>\n\n\n\n<p><\/p>\n\n\n\n<p>&nbsp; &#8211; O tema deste ano \u00e9 \u201c<strong>Junto Salvamos Vidas<\/strong>\u201d, e engloba diversas atividades educativas.<\/p>\n\n\n\n<p><\/p>\n\n\n\n<p>&nbsp; &#8211; Al\u00e9m disso, ser\u00e3o refor\u00e7adas as obras do Detran (Departamento Estadual de Tr\u00e2nsito) que envolvem acessibilidade e ilumina\u00e7\u00e3o das faixas de pedestres. &nbsp;<\/p>\n\n\n\n<p><\/p>\n\n\n\n<p>&nbsp;&#8211; A conscientiza\u00e7\u00e3o de crian\u00e7as, jovens e adultos \u00e9 o pilar de uma sociedade cada vez mais prudente no tr\u00e2nsito. Depende de cada um de n\u00f3s a cont\u00ednua redu\u00e7\u00e3o do \u00edndice de acidentes que ainda ceifam a vida de cerca de 30 mil pessoas por ano no nosso pa\u00eds.<\/p>\n\n\n\n<p><\/p>\n\n\n\n<p><strong><em>&nbsp; &#8211; No \u00faltimo dia 03\/05, foi celebrado, o dia da \u201cliberdade de imprensa\u201d.&nbsp; Como o senhor avalia a liberdade de imprensa e a liberdade de express\u00e3o no Brasil de hoje?<\/em><\/strong><\/p>\n\n\n\n<p><\/p>\n\n\n\n<p><strong>R:<\/strong> Feliz do pa\u00eds onde h\u00e1 liberdade de imprensa. Isso \u00e9 inquestion\u00e1vel!<\/p>\n\n\n\n<p><\/p>\n\n\n\n<p>&#8211; A liberdade de express\u00e3o \u00e9 um dos sustent\u00e1culos da democracia. E claro, devendo sempre prevalecer \u00e0 verdade e o bom senso.<\/p>\n\n\n\n<p><\/p>\n\n\n\n<p><strong><em>Quais as suas perspectivas para as elei\u00e7\u00f5es?<\/em><\/strong><\/p>\n\n\n\n<p><\/p>\n\n\n\n<p><strong>R:<\/strong> Em rela\u00e7\u00e3o ao meu partido, avante, foi o que mais cresceu, proporcionalmente.<\/p>\n\n\n\n<p><\/p>\n\n\n\n<p>&nbsp;&#8211; A sigla sai do pleito eleitoral de 2018 como uma das 21 siglas que atingiram a chamada cl\u00e1usula de barreira. Neste ano, devemos repetir o feito. Estamos com representatividade partid\u00e1ria e com tempo na televis\u00e3o.<\/p>\n\n\n\n<p><\/p>\n\n\n\n<p>&nbsp;&#8211; Temos uma chapa bem competitiva e provavelmente faremos dois distritais novamente.<\/p>\n\n\n\n<p><\/p>\n\n\n\n<p>&nbsp;&#8211; A sigla tamb\u00e9m est\u00e1 \u00e0 frente de grandes partidos. Lembrando que temos o pr\u00e9-candidato \u00e0 presid\u00eancia, deputado federal, de minas gerais, Andr\u00e9 Janones.<\/p>\n\n\n\n<p><\/p>\n\n\n\n<p><strong><em>O que o senhor pensa sobre as novas regras pol\u00edticas?<\/em><\/strong><\/p>\n\n\n\n<p><\/p>\n\n\n\n<p>&nbsp; <strong>R:<\/strong> As novas regras trouxeram grandes desafios para os partidos e os candidatos, mas acredito que s\u00e3o importantes para a democracia e para mais representatividade.<\/p>\n\n\n\n<p><\/p>\n\n\n\n<p><strong><em>Quais as suas considera\u00e7\u00f5es finais?<\/em><\/strong><\/p>\n\n\n\n<p><\/p>\n\n\n\n<p>&nbsp; <strong>R:<\/strong> Primeiramente agradecer a oportunidade do Jo\u00e3o Costa e gostaria de falar para o meu distrito federal: sigam tendo f\u00e9 em dias melhores que deste lado, Ibaneis rocha e paco Britto, trabalham para um Distrito Federal mais justo e digno para todos.<\/p>\n\n\n\n<p><\/p>\n\n\n\n<p>&nbsp;&#8211; O nosso empenho tem sido para resgatarmos a capital da esperan\u00e7a e a cidade sonho de <strong>Dom Bosco<\/strong>.<\/p>\n\n\n\n<p><\/p>\n","protected":false},"excerpt":{"rendered":"<p>&nbsp; Marcus Vinicius Britto de Albuquerque Dias, mais conhecido como Paco Britto \u00e9 natural do&#8230;<\/p>\n","protected":false},"author":2,"featured_media":4270,"comment_status":"closed","ping_status":"open","sticky":false,"template":"","format":"standard","meta":{"om_disable_all_campaigns":false,"_monsterinsights_skip_tracking":false,"_monsterinsights_sitenote_active":false,"_monsterinsights_sitenote_note":"","_monsterinsights_sitenote_category":0,"spay_email":""},"categories":[31],"tags":[306,305,304,307],"jetpack_featured_media_url":"https:\/\/vimagazine.com.br\/wp-content\/uploads\/2022\/05\/2-1.png","_links":{"self":[{"href":"https:\/\/vimagazine.com.br\/index.php?rest_route=\/wp\/v2\/posts\/4269"}],"collection":[{"href":"https:\/\/vimagazine.com.br\/index.php?rest_route=\/wp\/v2\/posts"}],"about":[{"href":"https:\/\/vimagazine.com.br\/index.php?rest_route=\/wp\/v2\/types\/post"}],"author":[{"embeddable":true,"href":"https:\/\/vimagazine.com.br\/index.php?rest_route=\/wp\/v2\/users\/2"}],"replies":[{"embeddable":true,"href":"https:\/\/vimagazine.com.br\/index.php?rest_route=%2Fwp%2Fv2%2Fcomments&post=4269"}],"version-history":[{"count":3,"href":"https:\/\/vimagazine.com.br\/index.php?rest_route=\/wp\/v2\/posts\/4269\/revisions"}],"predecessor-version":[{"id":9436,"href":"https:\/\/vimagazine.com.br\/index.php?rest_route=\/wp\/v2\/posts\/4269\/revisions\/9436"}],"wp:featuredmedia":[{"embeddable":true,"href":"https:\/\/vimagazine.com.br\/index.php?rest_route=\/wp\/v2\/media\/4270"}],"wp:attachment":[{"href":"https:\/\/vimagazine.com.br\/index.php?rest_route=%2Fwp%2Fv2%2Fmedia&parent=4269"}],"wp:term":[{"taxonomy":"category","embeddable":true,"href":"https:\/\/vimagazine.com.br\/index.php?rest_route=%2Fwp%2Fv2%2Fcategories&post=4269"},{"taxonomy":"post_tag","embeddable":true,"href":"https:\/\/vimagazine.com.br\/index.php?rest_route=%2Fwp%2Fv2%2Ftags&post=4269"}],"curies":[{"name":"wp","href":"https:\/\/api.w.org\/{rel}","templated":true}]}}