{"id":4274,"date":"2022-05-12T10:52:57","date_gmt":"2022-05-12T13:52:57","guid":{"rendered":"https:\/\/vimagazine.com.br\/?p=4274"},"modified":"2022-05-12T12:45:27","modified_gmt":"2022-05-12T15:45:27","slug":"eco-fashion-week-dias-13-e-14-de-maio","status":"publish","type":"post","link":"https:\/\/vimagazine.com.br\/?p=4274","title":{"rendered":"ECO FASHION WEEK Dias 13 e 14 de Maio"},"content":{"rendered":"\n<p><\/p>\n\n\n\n<p class=\"has-medium-font-size\"><strong>Do Lixo ao Luxo<\/strong><\/p>\n\n\n\n<p style=\"font-size:18px\">\u00c9 ineg\u00e1vel que o mundo da moda est\u00e1 buscando cada vez mais alternativas para a conserva\u00e7\u00e3o do meio ambiente. Da\u00ed surge a moda sustent\u00e1vel e a necessidade de engajar cada vez mais consumidores em atitudes que estejam ligadas ao conceito de consumo consciente.<br>O estilista Guilherme Tavares \u00e9 um exemplo de que a moda sustent\u00e1vel pode ser aplicada com sucesso e sem perder a beleza e eleg\u00e2ncia.<br>&#8220;Estou preocupado em usar m\u00e9todos de produ\u00e7\u00e3o que n\u00e3o produzam ou pelo menos minimizem o impacto ambiental&#8221;.<br>Para este lan\u00e7amento GT criou a cole\u00e7\u00e3o REVIVE com 52 pe\u00e7as exclusivas \u00e0 partir da reciclagem de res\u00edduos t\u00eaxteis, pet, telas, chapinhas, latinhas, papel\u00e3o, sacolas pl\u00e1sticas e jornal que ser\u00e1 lan\u00e7ada no dia Quatorze de Maio.<\/p>\n\n\n\n<p style=\"font-size:18px\">Para brindar os vinte e cinco anos na moda Tavares tamb\u00e9m ir\u00e1 apresentar de treze de Maio a treze de Junho a exposi\u00e7\u00e3o SOS AMAZ\u00d4NIA e NATUREZA VIVA composta por 12 looks e 38 pain\u00e9is de foto inspirados na fauna e flora brasileira, com foco na autossustentabilidade e consci\u00eancia socioambiental.<br>Para o projeto o estilista escalou um ex\u00e9rcito verde de famosos que inclui N\u00edvia Maria, Ellen Jabour, Nikki Meneghel, Carlinhos de Jesus e Paula Burlamaque.<br>As estrelas foram fotografadas por Ale Vidal e Fernando Torquatto.<\/p>\n\n\n\n<p style=\"font-size:18px\">*A ECO FASHION WEEK \u2013 ter\u00e1 como palco o Shopping Itabora\u00ed Plaza, *Na cat walk encabecando o time de modelos Itaboraienses o ator S\u00e9rgio Menezes, e a cantora Baby do Brasil.<br>O evento ser\u00e1 aberto ao p\u00fablico, na guest list diversas celebridades e autoridades entre elas a primeira dama Pamela Delaroli, o Prefeito Marcelo Delaroli, e os secret\u00e1rios de cultura, meio ambiente e urbanismo Jhonatan Ferrarez e Roberto Costa.<br>O DJ Arven de Punta del Este ir\u00e1 assinar a trilha sonora que ter\u00e1 participa\u00e7\u00e3o de v\u00e1rios dan\u00e7arinos e cantores.<br>A cantora Bell Spalla que j\u00e1 se apresentou no The for Brasil e Rock in Rio ir\u00e1 brindar a noite com um super show de pop internacional.<\/p>\n\n\n\n<p style=\"font-size:18px\">O estilista ir\u00e1 apresentar a cole\u00e7\u00e3o em tr\u00eas blocos Pr\u00eat-\u00e0-porter, haute couture e assess\u00f3rios. Na abertura ser\u00e1 feita uma homenagem aos ativistas, em seguida GT far\u00e1 uma apresenta\u00e7\u00e3o de transi\u00e7\u00e3o da gastronomia para a moda que o consagrou como Fashion Designer, para a faceta o estilista, ir\u00e1 criar um delicioso vestido comest\u00edvel ao lado do chef internacional Pierre Alerrandro em plena passarela durante o desfile, na sequ\u00eancia ser\u00e1 apresentado um espet\u00e1culo em prol da paz mundial com participa\u00e7\u00e3o de um grupo de modelos e dan\u00e7arinos, no esperado gran finale o estilista ir\u00e1 homenagear o munic\u00edpio de Itabora\u00ed pelos 189 anos com uma super top model vestida em um bel\u00edssimo cake dress recheado de frutas silvestres al\u00e9m de produzir ao vivo um incr\u00edvel look a base de argila revelando a arte e tradicional\u00edssima das olarias de Itabora\u00ed.<\/p>\n\n\n\n<figure class=\"wp-block-image size-large\"><img width=\"693\" height=\"1024\" src=\"https:\/\/vimagazine.com.br\/wp-content\/uploads\/2022\/05\/1eb36a2c-1e3d-4136-8f63-aec5bdec1ae5-693x1024.jpg\" alt=\"\" class=\"wp-image-4281\" srcset=\"https:\/\/vimagazine.com.br\/wp-content\/uploads\/2022\/05\/1eb36a2c-1e3d-4136-8f63-aec5bdec1ae5-693x1024.jpg 693w, https:\/\/vimagazine.com.br\/wp-content\/uploads\/2022\/05\/1eb36a2c-1e3d-4136-8f63-aec5bdec1ae5-203x300.jpg 203w, https:\/\/vimagazine.com.br\/wp-content\/uploads\/2022\/05\/1eb36a2c-1e3d-4136-8f63-aec5bdec1ae5-768x1135.jpg 768w, https:\/\/vimagazine.com.br\/wp-content\/uploads\/2022\/05\/1eb36a2c-1e3d-4136-8f63-aec5bdec1ae5-1040x1536.jpg 1040w, https:\/\/vimagazine.com.br\/wp-content\/uploads\/2022\/05\/1eb36a2c-1e3d-4136-8f63-aec5bdec1ae5-1024x1513.jpg 1024w, https:\/\/vimagazine.com.br\/wp-content\/uploads\/2022\/05\/1eb36a2c-1e3d-4136-8f63-aec5bdec1ae5.jpg 1083w\" sizes=\"(max-width: 693px) 100vw, 693px\" \/><\/figure>\n\n\n\n<p class=\"has-medium-font-size\"><strong>SOBRE GUILHERME TAVARES<\/strong><\/p>\n\n\n\n<p style=\"font-size:18px\">\u201cFAZER O BEM NUNCA SAI DE MODA\u201d, DISPARA O ESTILISTA GUILHERME TAVARES QUE LAN\u00c7A COLE\u00c7\u00c3O COMO UM GRITO DE SOCORRO AO MEIO AMBIENTE<br>Entre panelas e agulhas o estilista que vem de uma fam\u00edlia de artes\u00e3os come\u00e7ou como ajudante de cozinha, depois uniu moda \u00e0 gastronomia e j\u00e1 teve suas cria\u00e7\u00f5es desfiladas na It\u00e1lia, \u00c1frica e Noruega.<br>O jovem \u201cfazedor de arte\u201d come\u00e7ou como ajudante de cozinha em um restaurante de Itabora\u00ed &#8211; RJ, se tornou chef, consultor e escultor gastron\u00f4mico at\u00e9 chegar ao seu grande sonho, as passarelas. A cria\u00e7\u00e3o est\u00e1 em seu DNA, pois sua fam\u00edlia \u00e9 formada por artes\u00e3os e alfaiates, que o ensinou entre agulhas e tesouras, uma gostosa receita de como fazer moda.<br>Sua paix\u00e3o pelas causas ambientais come\u00e7ou quando o beauty artist e fot\u00f3grafo Fernando Torquato, convidou Guilherme para fazer o \u201cCalend\u00e1rio Natureza Viva\u201d do qual nomes<br>como Preta Gil, Mariana Weickert, Eliana, Danielle Winitis, Camila Morgado, entre outras, vestiram roupas feitas com ferro, papel, pl\u00e1stico, alum\u00ednio, filtros de caf\u00e9, papel\u00e3o e embalagens, levantando a bandeira da import\u00e2ncia da reciclagem e da preserva\u00e7\u00e3o ambiental.<br>\u201c A moda sustent\u00e1vel al\u00e9m de inovadora \u00e9 econ\u00f4mica e pode reduzir o impacto negativo na natureza &#8220;. Conclui Guilherme Tavares que este ano comemora &#8220;Bodas de Prata&#8221;.<\/p>\n\n\n\n<p class=\"has-normal-font-size\"><strong>Evento: ECO FASHION WEEK<br>Local: Shopping Itabora\u00ed Plaza &#8211; Itabora\u00ed, RJ.<br>Dias 13 e 14 de Maio.<br>\u00c0s 18:00Hs<\/strong><\/p>\n\n\n\n<p class=\"has-normal-font-size\"> @guilhermetavaresoficial guilhermecupertinobr@gmail.21 980844319<\/p>\n\n\n\n<p class=\"has-normal-font-size\">Apoio: PREFEITURA DE ITABORA\u00cd, SECRETARIAS DE CULTURA, MEIO AMBIENTE E URBANISMO.<\/p>\n","protected":false},"excerpt":{"rendered":"<p>Do Lixo ao Luxo \u00c9 ineg\u00e1vel que o mundo da moda est\u00e1 buscando cada vez&#8230;<\/p>\n","protected":false},"author":1,"featured_media":4284,"comment_status":"closed","ping_status":"open","sticky":false,"template":"","format":"standard","meta":{"om_disable_all_campaigns":false,"_monsterinsights_skip_tracking":false,"_monsterinsights_sitenote_active":false,"_monsterinsights_sitenote_note":"","_monsterinsights_sitenote_category":0,"spay_email":""},"categories":[27],"tags":[],"jetpack_featured_media_url":"https:\/\/vimagazine.com.br\/wp-content\/uploads\/2022\/05\/WhatsApp-Image-2022-05-12-at-11.22.35-1.jpeg","_links":{"self":[{"href":"https:\/\/vimagazine.com.br\/index.php?rest_route=\/wp\/v2\/posts\/4274"}],"collection":[{"href":"https:\/\/vimagazine.com.br\/index.php?rest_route=\/wp\/v2\/posts"}],"about":[{"href":"https:\/\/vimagazine.com.br\/index.php?rest_route=\/wp\/v2\/types\/post"}],"author":[{"embeddable":true,"href":"https:\/\/vimagazine.com.br\/index.php?rest_route=\/wp\/v2\/users\/1"}],"replies":[{"embeddable":true,"href":"https:\/\/vimagazine.com.br\/index.php?rest_route=%2Fwp%2Fv2%2Fcomments&post=4274"}],"version-history":[{"count":4,"href":"https:\/\/vimagazine.com.br\/index.php?rest_route=\/wp\/v2\/posts\/4274\/revisions"}],"predecessor-version":[{"id":4285,"href":"https:\/\/vimagazine.com.br\/index.php?rest_route=\/wp\/v2\/posts\/4274\/revisions\/4285"}],"wp:featuredmedia":[{"embeddable":true,"href":"https:\/\/vimagazine.com.br\/index.php?rest_route=\/wp\/v2\/media\/4284"}],"wp:attachment":[{"href":"https:\/\/vimagazine.com.br\/index.php?rest_route=%2Fwp%2Fv2%2Fmedia&parent=4274"}],"wp:term":[{"taxonomy":"category","embeddable":true,"href":"https:\/\/vimagazine.com.br\/index.php?rest_route=%2Fwp%2Fv2%2Fcategories&post=4274"},{"taxonomy":"post_tag","embeddable":true,"href":"https:\/\/vimagazine.com.br\/index.php?rest_route=%2Fwp%2Fv2%2Ftags&post=4274"}],"curies":[{"name":"wp","href":"https:\/\/api.w.org\/{rel}","templated":true}]}}