{"id":4391,"date":"2022-05-16T05:41:23","date_gmt":"2022-05-16T08:41:23","guid":{"rendered":"https:\/\/vimagazine.com.br\/?p=4391"},"modified":"2022-05-16T12:47:04","modified_gmt":"2022-05-16T15:47:04","slug":"consultor-lanca-novo-livro-e-revela-as-principais-novidades-do-mundo-da-moda","status":"publish","type":"post","link":"https:\/\/vimagazine.com.br\/?p=4391","title":{"rendered":"Consultor lan\u00e7a novo livro e revela as principais novidades do mundo da moda"},"content":{"rendered":"\n<p><\/p>\n\n\n\n<p><\/p>\n\n\n\n<p><strong>&nbsp;&nbsp;&nbsp; Reginaldo Fonseca <\/strong>\u00e9 Consultor de moda, escritor, fundador e idealizador da <strong>Cia Paulista de Moda<\/strong>, \u00e9 reconhecido como um dos mais renomados profissionais em consultoria, mentoria e dire\u00e7\u00e3o executiva\/art\u00edstica de eventos e a\u00e7\u00f5es de moda em todo o Brasil, possu\u00ed mais de tr\u00eas d\u00e9cadas de experi\u00eancia e expertise no mercado fashion mundial.<\/p>\n\n\n\n<p><\/p>\n\n\n\n<p>&nbsp; Em meio ao lan\u00e7amento do seu novo livro, \u201c<strong>Al\u00e9m da Moda<\/strong>\u201d, eu entrevistei com exclusividade, o empres\u00e1rio, <strong>Reginaldo Fonseca<\/strong>. Na oportunidade o entrevistado detalha o que o motivou a escrever o livro e os aspectos principais da obra.<\/p>\n\n\n\n<p><\/p>\n\n\n\n<p><strong><em>Quando e como surgiu a ideia de escrever o seu novo livro \u201cAl\u00e9m da Moda\u201d?<\/em><\/strong><\/p>\n\n\n\n<p><\/p>\n\n\n\n<p><strong>R:<\/strong> Quando finalizei o meu segundo livro, chamado \u201cVivendo e se transformando\u201d, j\u00e1 idealizei o \u201cAl\u00e9m da Moda\u201d, cujo t\u00edtulo veio justamente para eu mostrar o que est\u00e1 al\u00e9m do universo fashion, que muitas pessoas n\u00e3o conseguem ter no\u00e7\u00e3o.<\/p>\n\n\n\n<p><\/p>\n\n\n\n<p>&nbsp;&nbsp; &#8211; Essa minha terceira obra fala um pouco de v\u00e1rios assuntos que envolvem o segmento da moda e a nossa vida como um todo. Abordei temas como lifestyle e comportamento, a engrenagem para gerar a cadeia produtiva da moda, que \u00e9 a segunda maior do planeta em gera\u00e7\u00e3o de empregos, faturamento e tudo mais. Trago realidades que v\u00e3o muito al\u00e9m de roupas e do que as pessoas conhecem em rela\u00e7\u00e3o \u00e0 moda. O resultado \u00e9 um livro delicioso de ler e ser visto, com um conte\u00fado rico e ilustra\u00e7\u00f5es primorosas, no qual conto um pouco da minha trajet\u00f3ria, dou dicas superimportantes para quem quer e precisa estar na moda, quem quer se conhecer como pessoa e, o mais importante, quem quer brilhar por a\u00ed. Afinal, todos n\u00f3s queremos!<\/p>\n\n\n\n<p><\/p>\n\n\n\n<p><strong><em>Qual o principal foco do livro e o p\u00fablico-alvo?<\/em><\/strong><\/p>\n\n\n\n<p><\/p>\n\n\n\n<p>&nbsp;<strong>R:<\/strong> O livro \u201cAl\u00e9m da Moda\u201d foi feito, pensado e desenvolvido para falar com todos os p\u00fablicos: homens e mulheres, n\u00e3o importando a idade, a profiss\u00e3o ou condi\u00e7\u00e3o financeira. \u00c9 um livro super objetivo e que fala de moda de uma forma muito natural, levando conhecimento e conte\u00fado. Portanto, o foco do livro \u00e9 fazer com que as pessoas tenham uma outra vis\u00e3o e maior entendimento desse mercado, para elas se vestirem de roupas e de si mesmas.<\/p>\n\n\n\n<p><\/p>\n\n\n\n<p><strong><em>Na obra voc\u00ea trata, dentre outras coisas, da rela\u00e7\u00e3o entre o autoconhecimento e a maneira como se vestir. Qual a import\u00e2ncia do autoconhecimento nesse sentido?<\/em><\/strong><\/p>\n\n\n\n<p><\/p>\n\n\n\n<p><strong>R:<\/strong> Na obra voc\u00ea trata, dentre outras coisas, da rela\u00e7\u00e3o entre o autoconhecimento e a maneira como se vestir. Qual a import\u00e2ncia do autoconhecimento nesse sentido?<\/p>\n\n\n\n<p><\/p>\n\n\n\n<p>No \u201cAl\u00e9m da Moda\u201d, trago muitas dicas motivacionais, porque falar de moda \u00e9 falar do ser humano. E certamente o autoconhecimento \u00e9 essencial, pois se a pessoa n\u00e3o se conhece, como \u00e9 necess\u00e1rio, dificilmente ela vai brilhar ou despertar olhares de algu\u00e9m no quesito moda. Ent\u00e3o, falo n\u00e3o s\u00f3 de autoconhecimento, mas de autoaceita\u00e7\u00e3o e autoamor, porque tudo vem de dentro de n\u00f3s, tudo nasce de dentro. Se eu n\u00e3o estiver interiormente bem, n\u00e3o vou passar uma mensagem positiva, mesmo usando a melhor roupa do mundo. E devemos nos lembrar que nenhuma roupa tem vida: somos n\u00f3s que damos vida a ela. Voc\u00ea pode entrar em uma loja pequena ou grande, ver uma infinidade de pe\u00e7as de roupas, mas quando coloc\u00e1-las em seu corpo, voc\u00ea precisa estar bem para transmitir algo bacana. Esse entendimento \u00e9 fundamental!<\/p>\n\n\n\n<p><\/p>\n\n\n\n<p><strong><em>Quais os lugares nos quais as pessoas podem encontrar o seu livro \u201cAl\u00e9m da Moda\u201d?<\/em><\/strong><\/p>\n\n\n\n<p><\/p>\n\n\n\n<p>&nbsp; <strong>R:<\/strong> O \u201cAl\u00e9m da Moda\u201d foi publicado pela <strong>DVS Editora<\/strong>, mesma empresa que publicou o meu livro anterior. Portanto, a obra j\u00e1 est\u00e1 em quase todas as livrarias do Brasil e, tamb\u00e9m, em todas as plataformas digitais, como <a href=\"\\Users\\Jo\u00e3o%20Costa\\Desktop\\Entrevistas\\Reginaldo%20Fonseca\\Amazon\">Amazon<\/a>, Americanas, entre outras. E uma novidade: clicando no Linktree, na bio do meu <a href=\"https:\/\/www.instagram.com\/reginaldofonseca\/\">Instagram<\/a>, a pessoa ter\u00e1 acesso direto a uma plataforma da qual sou embaixador, chamada Siriuss. Fazendo a compra por l\u00e1, a obra ser\u00e1 enviada com uma dedicat\u00f3ria exclusiva para quem comprou. &nbsp;<\/p>\n\n\n\n<p><\/p>\n\n\n\n<p><strong><em>No livro, quais os principais aspectos que voc\u00ea destaca como sendo fundamentais quando o assunto \u00e9 \u201cnovo consumo\u201d, em um mundo p\u00f3s-pandemia?<\/em><\/strong><\/p>\n\n\n\n<p><strong>&nbsp; R:<\/strong> O livro traz assuntos importantes que circulam a moda, como sustentabilidade, polui\u00e7\u00e3o e o impacto ambiental que o consumo desenfreado pode causar ao nosso planeta. Ent\u00e3o, eu trato de um assunto que \u00e9 o \u201cnovo consumo\u201d, ou seja, o consumo consciente. Muitas pessoas acreditam que isso nasceu ap\u00f3s a pandemia, mas n\u00e3o \u00e9 verdade. Esse \u00e9 um movimento que j\u00e1 vem acontecendo desde a \u00faltima d\u00e9cada. Mais do que um assunto, isso \u00e9 uma energia!<\/p>\n\n\n\n<p><\/p>\n\n\n\n<p>&nbsp;&#8211; De forma crescente, as pessoas est\u00e3o consumindo de forma mais consciente. Est\u00e3o levando para casa aquilo que realmente precisam. Como tudo est\u00e1 baseado em comportamento, a ind\u00fastria da moda sempre est\u00e1 analisando qual \u00e9 o novo comportamento das pessoas, o que elas querem e precisam comprar. Por isso, temos esse \u201cnovo consumo\u201d, que \u00e9 comprar com responsabilidade, com crit\u00e9rio, e comprar aquilo que realmente ser\u00e1 usado. Quando falamos da ind\u00fastria da moda e dessa engrenagem toda de uma grande cadeia produtiva, temos que ter a preocupa\u00e7\u00e3o com o meio ambiente e pensar sobre a compra e o descarte de produtos.<\/p>\n\n\n\n<p><\/p>\n\n\n\n<p>&nbsp; &#8211; No \u201cnovo consumo\u201d, n\u00e3o significa que as pessoas v\u00e3o deixar de consumir; talvez elas comprem menos, mas v\u00e3o comprar com sabedoria. Cada vez mais, elas v\u00e3o querer saber onde e por quem foi feito o produto, se n\u00e3o tem trabalho escravo por tr\u00e1s, qual foi \u00e0 mat\u00e9ria-prima utilizada, qual \u00e9 a proposta daquilo, e v\u00e3o pensar se o look combina mesmo com a sua personalidade e seu estilo de vida. \u00c9 por isso que, no livro, eu incentivo as pessoas a se conhecerem melhor, para que tenham entendimento delas mesmas e, assim, comprem somente o que v\u00e3o usar de verdade.<\/p>\n\n\n\n<p><\/p>\n\n\n\n<p><strong><em>A pandemia influenciou na nova forma de consumo adotada no momento pelas pessoas? Como?<\/em><\/strong><\/p>\n\n\n\n<p><\/p>\n\n\n\n<p>&nbsp;&nbsp; <strong>R:<\/strong> Acredito que a pandemia influenciou todos os segmentos, todo o mercado, o planeta. Influenciou diretamente os nossos pensamentos, a nossa forma de ver o mundo e as pessoas, e, principalmente, o consumo. Ficamos praticamente dois anos em casa. N\u00e3o vimos pessoas nem fomos vistos. Mas temos que nos lembrar que o mercado n\u00e3o parou 100%. Muitos continuaram consumindo, porque foram para o mundo digital, que ganhou uma for\u00e7a enorme.<\/p>\n\n\n\n<p><\/p>\n\n\n\n<p>&nbsp;&nbsp;&nbsp;&nbsp; -As pessoas foram \u00e0s pequenas reuni\u00f5es familiares e fizeram in\u00fameros encontros online. Agora, com a retomada da economia, dos eventos e das festas, e da troca do home office pelo trabalho presencial, tudo isso causa um grande impacto no consumo. Muitas marcas est\u00e3o rindo \u00e0 toa, a ponto de n\u00e3o conseguirem produzir o tanto que vendem. Por mais que a gente fale em consumo consciente, isso \u00e9 normal em um per\u00edodo p\u00f3s-pandemia, no qual as pessoas saem \u00e0s ruas com o objetivo de verem o mundo e de serem vistas. Elas querem comprar com mais sabedoria, mas estavam ansiosas para voltar \u00e0 vida normal, podendo abra\u00e7ar e comer e beber com amigos. Tudo isso \u00e9 comportamento!<\/p>\n\n\n\n<p><\/p>\n\n\n\n<p><strong><em>Afinal, a moda vai muito al\u00e9m da roupa que vestimos? Por qu\u00ea?<\/em><\/strong><\/p>\n\n\n\n<p><\/p>\n\n\n\n<p>&nbsp;&nbsp; <strong>R:<\/strong> Sim, sem d\u00favida, vai muito al\u00e9m da roupa. Na realidade, a moda \u00e9 uma proposta da ind\u00fastria e o estilo \u00e9 uma escolha pessoal. \u00c9 ele que faz a pessoa ser \u00fanica, diferenciando-a das demais. Atrav\u00e9s da moda, a gente pode brincar at\u00e9 de mudar de vida. Ela nos permite mostrar quem somos, revelando a nossa ess\u00eancia e jeito de ser. Ao mesmo tempo, a moda pode ser perigosa, porque sempre vamos atrair olhares de quem tem conhecimento no assunto e vai nos criticar; ou de quem n\u00e3o sabe nada de moda e ter\u00e1 uma impress\u00e3o negativa em rela\u00e7\u00e3o \u00e0 nossa personalidade. Por isso, saliento sobre a import\u00e2ncia de olhar para dentro de si e, depois, para o espelho, que \u00e9 nosso grande aliado. Diante dele, n\u00e3o passa nada. O espelho dir\u00e1 exatamente como voc\u00ea est\u00e1 e qual \u00e9 a mensagem que vai passar ao mundo.<\/p>\n\n\n\n<p><\/p>\n\n\n\n<p><strong><em>&nbsp;&#8211; Parte da renda do livro ser\u00e1 revertida para o GACC &#8211; Vale do Para\u00edba (Grupo de Assist\u00eancia \u00e0 Crian\u00e7a com C\u00e2ncer) de S\u00e3o Jos\u00e9 dos Campos\/SP. Este valor ir\u00e1 ajudar quantas pessoas e qual a relev\u00e2ncia desse projeto para voc\u00ea?<\/em><\/strong><\/p>\n\n\n\n<p><\/p>\n\n\n\n<p>&nbsp; &#8211; Desde 2016, sou volunt\u00e1rio do hospital <strong>GACC<\/strong> Vale do Para\u00edba, situado em S\u00e3o Jos\u00e9 dos Campos-SP. Junto deles, desenvolvo um trabalho de comunicar sobre a institui\u00e7\u00e3o para o Brasil inteiro. Eles t\u00eam um trabalho incrivelmente lindo, que trata crian\u00e7as e jovens com c\u00e2ncer, chegando a quase 600 pacientes atendidos dentro do hospital. Eles salvam vidas o tempo todo e precisam de recursos para continuar mantendo toda aquela estrutura maravilhosa, que mais se parece com um hospital gringo. Ent\u00e3o, com o livro \u201cAl\u00e9m da Moda\u201d, a ideia n\u00e3o \u00e9 somente passar um pouco dos meus royalties ao GACC, e sim mostrar o trabalho deles para todos e, principalmente, para o mundo da moda. Entre modelos e personalidades, j\u00e1 levamos nomes importantes da moda brasileira para dentro do GACC e\/ou para suas campanhas, como <strong>Arlindo Grund<\/strong>, <strong>Isabele Fontana<\/strong>, <strong>Amir Slama, Clau<\/strong> <strong>Cicala<\/strong>, entre outros. A moda tem um poder absurdo de abrir portas e comunicar. Ent\u00e3o, desde o meu livro anterior, divulgo o GACC por onde passo e para onde os livros forem.<\/p>\n\n\n\n<p><\/p>\n\n\n\n<p><strong><em>Quais as suas considera\u00e7\u00f5es finais?<\/em><\/strong><\/p>\n\n\n\n<p><\/p>\n\n\n\n<p>&nbsp;<strong>R:<\/strong> Se voc\u00ea leu essa entrevista e despertou o desejo de adquirir o livro \u201cAl\u00e9m da Moda\u201d, posso afirmar que ele vai ajud\u00e1-lo tanto na sua forma de se vestir quanto na de se perceber, se entender, se gostar dentro do seu prop\u00f3sito como ser humano, e de passar o melhor da sua imagem. \u00c9 um livro fant\u00e1stico, que foi trabalhado sob v\u00e1rios olhares, com o intuito e a preocupa\u00e7\u00e3o de levar um pouco mais daquilo que voc\u00ea viu at\u00e9 agora sobre moda, para fazer com que voc\u00ea entenda muito mais em rela\u00e7\u00e3o a tudo o que est\u00e1 al\u00e9m da moda.<\/p>\n\n\n\n<p><\/p>\n\n\n\n<p>Saiba mais sobre Reginaldo Fonseca acessando as suas p\u00e1ginas no Instagram. Clique <a href=\"https:\/\/www.instagram.com\/reginaldofonseca\/\">aqui<\/a>.&nbsp;<\/p>\n\n\n\n<p><\/p>\n\n\n\n<p>Jo\u00e3o Costa. Acesse <a href=\"https:\/\/www.instagram.com\/joaocostaooficial\/\">aqui<\/a>.<\/p>\n","protected":false},"excerpt":{"rendered":"<p>&nbsp;&nbsp;&nbsp; Reginaldo Fonseca \u00e9 Consultor de moda, escritor, fundador e idealizador da Cia Paulista de&#8230;<\/p>\n","protected":false},"author":2,"featured_media":4396,"comment_status":"closed","ping_status":"open","sticky":false,"template":"","format":"standard","meta":{"om_disable_all_campaigns":false,"_monsterinsights_skip_tracking":false,"_monsterinsights_sitenote_active":false,"_monsterinsights_sitenote_note":"","_monsterinsights_sitenote_category":0,"spay_email":""},"categories":[26,31],"tags":[309,79,142],"jetpack_featured_media_url":"https:\/\/vimagazine.com.br\/wp-content\/uploads\/2022\/05\/0660bde4-fedc-4b8b-9d3c-cd18576bce0a-1.jpg","_links":{"self":[{"href":"https:\/\/vimagazine.com.br\/index.php?rest_route=\/wp\/v2\/posts\/4391"}],"collection":[{"href":"https:\/\/vimagazine.com.br\/index.php?rest_route=\/wp\/v2\/posts"}],"about":[{"href":"https:\/\/vimagazine.com.br\/index.php?rest_route=\/wp\/v2\/types\/post"}],"author":[{"embeddable":true,"href":"https:\/\/vimagazine.com.br\/index.php?rest_route=\/wp\/v2\/users\/2"}],"replies":[{"embeddable":true,"href":"https:\/\/vimagazine.com.br\/index.php?rest_route=%2Fwp%2Fv2%2Fcomments&post=4391"}],"version-history":[{"count":2,"href":"https:\/\/vimagazine.com.br\/index.php?rest_route=\/wp\/v2\/posts\/4391\/revisions"}],"predecessor-version":[{"id":4397,"href":"https:\/\/vimagazine.com.br\/index.php?rest_route=\/wp\/v2\/posts\/4391\/revisions\/4397"}],"wp:featuredmedia":[{"embeddable":true,"href":"https:\/\/vimagazine.com.br\/index.php?rest_route=\/wp\/v2\/media\/4396"}],"wp:attachment":[{"href":"https:\/\/vimagazine.com.br\/index.php?rest_route=%2Fwp%2Fv2%2Fmedia&parent=4391"}],"wp:term":[{"taxonomy":"category","embeddable":true,"href":"https:\/\/vimagazine.com.br\/index.php?rest_route=%2Fwp%2Fv2%2Fcategories&post=4391"},{"taxonomy":"post_tag","embeddable":true,"href":"https:\/\/vimagazine.com.br\/index.php?rest_route=%2Fwp%2Fv2%2Ftags&post=4391"}],"curies":[{"name":"wp","href":"https:\/\/api.w.org\/{rel}","templated":true}]}}