{"id":4403,"date":"2022-05-18T12:44:13","date_gmt":"2022-05-18T15:44:13","guid":{"rendered":"https:\/\/vimagazine.com.br\/?p=4403"},"modified":"2022-05-18T12:46:20","modified_gmt":"2022-05-18T15:46:20","slug":"teresa-kodama-participa-da-20a-semana-nacional-dos-museus-com-a-exposicao-sao-paulo-em-brasilia","status":"publish","type":"post","link":"https:\/\/vimagazine.com.br\/?p=4403","title":{"rendered":"Teresa Kodama participa da 20\u00aa Semana Nacional dos Museus com a Exposi\u00e7\u00e3o \u201cS\u00e3o Paulo em Bras\u00edlia\u201d"},"content":{"rendered":"\n<p class=\"has-normal-font-size\"><\/p>\n\n\n\n<p class=\"has-normal-font-size\">O Memorial TJDFT &#8211; Espa\u00e7o Desembargadora Lila Pimenta Duarte participa da 20\u00aa Semana Nacional dos Museus com a&nbsp;E<strong>xposi\u00e7\u00e3o&nbsp;<\/strong>&#8220;S\u00e3o Paulo em Bras\u00edlia&#8221;, da Artista Pl\u00e1stica Teresa Kodama.<\/p>\n\n\n\n<p class=\"has-normal-font-size\">A edi\u00e7\u00e3o deste ano, promovida pelo IBRAM &#8211; Instituto Brasileiro de Museus \u2013 IBRAM, tem como tema &#8220;O Poder dos Museus&#8221;.<\/p>\n\n\n\n<p><strong>A Exposi\u00e7\u00e3o teve in\u00edcio\u00a0 em 16 de maio e se encerrar\u00e1 no dia 22 de maio.<\/strong><\/p>\n\n\n\n<p>O evento conta, tamb\u00e9m, com\u00a0<strong>palestras e debates<\/strong>\u00a0que tem como tema\u00a0 o car\u00e1ter controlador ou emancipador dos museus.<\/p>\n\n\n\n<p class=\"has-normal-font-size\">A Exposi\u00e7\u00e3o &#8220;S\u00e3o Paulo em Bras\u00edlia&#8221; encontra-se no site de&nbsp;Exposi\u00e7\u00e3o Virtual do Memorial TJDFT.<\/p>\n\n\n\n<p class=\"has-normal-font-size\">O lan\u00e7amento oficial ocorreu&nbsp; durante&nbsp; 7\u00aa edi\u00e7\u00e3o do &#8220;Memorial TJDFT Virtual: Arte e Cultura em Casa&#8221;, realizada em 07 de abril.&nbsp;<\/p>\n\n\n\n<p class=\"has-normal-font-size\">Quem assina a Exposi\u00e7\u00e3o \u00e9 a Artista Teresa Kodama que apresenta telas, pain\u00e9is, papiros e papel especifico para desenhos, com t\u00e9cnicas variadas como acr\u00edlica, \u00f3leo e aquarela, que<strong>&nbsp;retratam cidades e paisagens&nbsp;<\/strong>visitadas pela Artista.<\/p>\n\n\n\n<p class=\"has-normal-font-size\">Teresa Kodama se sente muito feliz, honrada e agradecida pelo&nbsp;Memorial TJDFT&nbsp; participar da 20\u00aa Semana Nacional dos Museus com a&nbsp;E<strong>xposi\u00e7\u00e3o&nbsp;<\/strong>&#8220;S\u00e3o Paulo em Bras\u00edlia&#8221;.<\/p>\n\n\n\n<p class=\"has-normal-font-size\">Visite a Exposi\u00e7\u00e3o &#8220;S\u00e3o Paulo em Bras\u00edlia&#8221; (&nbsp;<a href=\"https:\/\/www.exposicoesvirtuais-tjdft.online\/\" target=\"_blank\" rel=\"noreferrer noopener\">https:\/\/www.exposicoesvirtuais-tjdft.online\/<\/a>).<\/p>\n\n\n\n<p class=\"has-normal-font-size\">Confira a programa\u00e7\u00e3o da 22\u00aa Semana Nacional do Museu<br><a href=\"https:\/\/www.gov.br\/museus\/pt-br\/assuntos\/eventos\/20-semana-nacional-de-museus\/20snm-guia-da-programacao_v6.pdf\" target=\"_blank\" rel=\"noreferrer noopener\">https:\/\/www.gov.br\/museus\/pt-br\/assuntos\/eventos\/20-semana-nacional-de-museus\/20snm-guia-da-programacao_v6.pdf<\/a><\/p>\n\n\n\n<figure class=\"wp-container-2 wp-block-gallery-1 wp-block-gallery columns-2 is-cropped\"><ul class=\"blocks-gallery-grid\"><li class=\"blocks-gallery-item\"><figure><img width=\"1024\" height=\"1024\" src=\"https:\/\/vimagazine.com.br\/wp-content\/uploads\/2022\/05\/IMG-20220513-WA0064-1024x1024.jpg\" alt=\"\" data-id=\"4405\" data-full-url=\"https:\/\/vimagazine.com.br\/wp-content\/uploads\/2022\/05\/IMG-20220513-WA0064.jpg\" data-link=\"https:\/\/vimagazine.com.br\/?attachment_id=4405\" class=\"wp-image-4405\" srcset=\"https:\/\/vimagazine.com.br\/wp-content\/uploads\/2022\/05\/IMG-20220513-WA0064-1024x1024.jpg 1024w, https:\/\/vimagazine.com.br\/wp-content\/uploads\/2022\/05\/IMG-20220513-WA0064-300x300.jpg 300w, https:\/\/vimagazine.com.br\/wp-content\/uploads\/2022\/05\/IMG-20220513-WA0064-150x150.jpg 150w, https:\/\/vimagazine.com.br\/wp-content\/uploads\/2022\/05\/IMG-20220513-WA0064-768x768.jpg 768w, https:\/\/vimagazine.com.br\/wp-content\/uploads\/2022\/05\/IMG-20220513-WA0064.jpg 1200w\" sizes=\"(max-width: 1024px) 100vw, 1024px\" \/><\/figure><\/li><li class=\"blocks-gallery-item\"><figure><img width=\"1024\" height=\"574\" src=\"https:\/\/vimagazine.com.br\/wp-content\/uploads\/2022\/05\/Screenshot_20220516-181748_Gallery-1024x574.jpg\" alt=\"\" data-id=\"4406\" data-full-url=\"https:\/\/vimagazine.com.br\/wp-content\/uploads\/2022\/05\/Screenshot_20220516-181748_Gallery.jpg\" data-link=\"https:\/\/vimagazine.com.br\/?attachment_id=4406\" class=\"wp-image-4406\" srcset=\"https:\/\/vimagazine.com.br\/wp-content\/uploads\/2022\/05\/Screenshot_20220516-181748_Gallery-1024x574.jpg 1024w, https:\/\/vimagazine.com.br\/wp-content\/uploads\/2022\/05\/Screenshot_20220516-181748_Gallery-300x168.jpg 300w, https:\/\/vimagazine.com.br\/wp-content\/uploads\/2022\/05\/Screenshot_20220516-181748_Gallery-768x430.jpg 768w, https:\/\/vimagazine.com.br\/wp-content\/uploads\/2022\/05\/Screenshot_20220516-181748_Gallery.jpg 1078w\" sizes=\"(max-width: 1024px) 100vw, 1024px\" \/><\/figure><\/li><\/ul><\/figure>\n\n\n\n<p><strong>SOBRE TERESA KODAMA<\/strong><\/p>\n\n\n\n<p class=\"has-normal-font-size\">Teresa Cristina Della Monica Kodama, nome art\u00edstico Teresa Kodama, brasileira, de S\u00e3o Paulo, Brasil, e cidad\u00e3 italiana, de Vietri sul Mare, Prov\u00edncia de Salerno. Casada com Pedro Yukio Kodama e m\u00e3e de duas filhas Alessandra Cristina Della Monica Kodama e Amanda Regina Della Monica Kodama. A Artista, desde a tenra idade, se identificou com as Artes Pl\u00e1sticas. As obras do tio Virg\u00edlio Della Monica a inspiraram. Ama poesias e poemas!!! Ama expressar os seus sentimentos tamb\u00e9m pela escrita.<\/p>\n\n\n\n<p class=\"has-normal-font-size\">\u200b<\/p>\n\n\n\n<p class=\"has-normal-font-size\">\u00c9 Artista Pl\u00e1stica autodidata e Procuradora do Estado de S\u00e3o Paulo aposentada, foi Membro de v\u00e1rias Comiss\u00f5es da OAB &#8211; Ordem dos Advogados do Brasil, foi Conselheira do Conselho Estadual da Condi\u00e7\u00e3o Feminina, autora de cartilhas, de artigos jur\u00eddicos e de livros, sendo um deles sobre poesias intitulado &#8220;Encanto em Palavras&#8221;, da Editora Artelogy, de Portugal, e o outro livro &#8220;Viol\u00eancia e Feminic\u00eddio&nbsp; &#8211; Diversos Aspectos da Viol\u00eancia Contra a Mulher&#8221;, da Editora Magis.<\/p>\n\n\n\n<p class=\"has-normal-font-size\">Palestrante, Poetisa, Escritora, foi Corregedora Auxiliar da Corregedoria Geral da Procuradora Geral do Estado de S\u00e3o Paulo, Ex-Conselheira do Conselho Estadual da Condi\u00e7\u00e3o Feminina, Ex-Coordenadora da Coordena\u00e7\u00e3o de Pol\u00edticas para a Mulher do Estado de S\u00e3o Paulo da Secretaria da Justi\u00e7a e da Defesa da Cidadania, Colaboradora do IPAM \u2013 Instituto Paulista de Magistrados no Projeto idealizado pela Ju\u00edza de Direito Doutora Hertha Helena Rollemberg Padilha de Oliveira, intitulado \u201cEu Tenho Voz\u201d no combate ao abuso de crian\u00e7as e adolescentes, Ex-Embaixadora da Federa\u00e7\u00e3o Paulista de Basketball, S\u00f3cia Fundadora do Rotary \u00cdndia Moema, Ex-Colunista do Portal Pet News, Coluna sobre Direito Animal, Colunista da Revista Casa das Flores, UNIFLORA, na Coluna sobre Artes, Diretora da ABA &#8211; Associa\u00e7\u00e3o Brasileira de Advogados do Jabaquara, Presidente da Comiss\u00e3o Nacional da Arte e Cultura da ABA \u2013 Associa\u00e7\u00e3o Brasileira de Advogados.<\/p>\n\n\n\n<p class=\"has-normal-font-size\">\u200b<\/p>\n\n\n\n<p class=\"has-normal-font-size\">Nas Artes Pl\u00e1sticas, Teresa tem a prefer\u00eancia em retratar em telas, pain\u00e9is, papiros, desenhos e nas pe\u00e7as de cer\u00e2mica, os lugares onde visitou com a sua fam\u00edlia. As Artes Pl\u00e1sticas, a escrita e as a\u00e7\u00f5es sociais fazem parte de sua trajet\u00f3ria de vida.<\/p>\n\n\n\n<p class=\"has-normal-font-size\">\u200b<\/p>\n\n\n\n<p class=\"has-normal-font-size\">Fez algumas Exposi\u00e7\u00f5es Individuais na sede da OAB &#8211; Ordem dos Advogados do Brasil, na APAMAGIS &#8211; Associa\u00e7\u00e3o Paulista de Magistrados, na OAB Santana e na ABA &#8211; Associa\u00e7\u00e3o Brasileira de Advogados, e fez Exposi\u00e7\u00f5es Coletivas na \u00c1sia, na \u00cdndia, na Manikarnika Art Gallery, na Mal\u00e1sia, ASEDAS e na Europa, na Lanzarote Art Gallery, Ilhas Can\u00e1rias, na It\u00e1lia, na Mostra Internazionale di art \u201cTributo a Dante\u201d, Projecto Generoso Vella, Avellino\/It\u00e1lia, Paris, na Am\u00e9rica do Sul, incluindo o Brasil, no Luxus Gallery da Luxus Magazine, S\u00e3o Paulo, no Rio de Janeiro, no Novotel, Casa, Estilo &amp; Arte.. Participou de Exposi\u00e7\u00e3o na Renato Rodyner Art Gallery, Cascais, Portugal, e na Menduina Schneider Art Gallery, Los Angeles, Calif\u00f3rnia, Estados Unidos, no M\u00e9xico e Rep\u00fablica Dominicana. Participou de Exposi\u00e7\u00f5es Coletivas no Brasil, no Oct\u00e1vio Caf\u00e9 e na Inn Gallery Arte e Design.<\/p>\n\n\n\n<p class=\"has-normal-font-size\">Recebeu pr\u00eamios da AVB&nbsp; Produ\u00e7\u00f5es intitulados &#8220;Mulher do Ano&#8221; e &#8220;M\u00e3os e Mentes Que Brilham&#8221;, e foi a designer de alguns trof\u00e9us.<\/p>\n\n\n\n<p class=\"has-normal-font-size\">Est\u00e1 em edi\u00e7\u00f5es de Anu\u00e1rios de Arte da Luxus Magazine.<\/p>\n\n\n\n<p class=\"has-normal-font-size\">\u200b<\/p>\n\n\n\n<p class=\"has-normal-font-size\">Teresa Kodama acha que &#8220;a Arte e a escrita s\u00e3o fontes de inspira\u00e7\u00e3o para a solidariedade e que caminham com os projetos sociais, para que todos vejam o mundo com os olhos da mente, da alma e do cora\u00e7\u00e3o.&#8221;.<\/p>\n\n\n\n<p><\/p>\n\n\n\n<figure class=\"wp-block-image size-large is-resized\"><img src=\"https:\/\/vimagazine.com.br\/wp-content\/uploads\/2022\/05\/Screenshot_20220418-185731_Gmail-782x1024.jpg\" alt=\"\" class=\"wp-image-4408\" width=\"310\" height=\"406\" srcset=\"https:\/\/vimagazine.com.br\/wp-content\/uploads\/2022\/05\/Screenshot_20220418-185731_Gmail-782x1024.jpg 782w, https:\/\/vimagazine.com.br\/wp-content\/uploads\/2022\/05\/Screenshot_20220418-185731_Gmail-229x300.jpg 229w, https:\/\/vimagazine.com.br\/wp-content\/uploads\/2022\/05\/Screenshot_20220418-185731_Gmail-768x1006.jpg 768w, https:\/\/vimagazine.com.br\/wp-content\/uploads\/2022\/05\/Screenshot_20220418-185731_Gmail-1024x1341.jpg 1024w, https:\/\/vimagazine.com.br\/wp-content\/uploads\/2022\/05\/Screenshot_20220418-185731_Gmail.jpg 1079w\" sizes=\"(max-width: 310px) 100vw, 310px\" \/><\/figure>\n\n\n\n<p><strong>Informa\u00e7\u00f5es de contato:<\/strong><\/p>\n\n\n\n<p>\u200b<\/p>\n\n\n\n<p>Facebook:<\/p>\n\n\n\n<figure class=\"wp-block-embed\"><div class=\"wp-block-embed__wrapper\">\nhttps:\/\/www.facebook.com\/kodama.teresa\n<\/div><\/figure>\n\n\n\n<figure class=\"wp-block-embed\"><div class=\"wp-block-embed__wrapper\">\nhttps:\/\/www.facebook.com\/dellamonicakodama\/\n<\/div><\/figure>\n\n\n\n<p>Instagram:<\/p>\n\n\n\n<p><a href=\"https:\/\/www.instagram.com\/teresakodama\/\" target=\"_blank\" rel=\"noreferrer noopener\">@teresakodama<\/a><\/p>\n\n\n\n<p><a href=\"https:\/\/www.instagram.com\/spaziodellamonicakodama\/\" target=\"_blank\" rel=\"noreferrer noopener\">@spaziodellamonicakodama<\/a><\/p>\n\n\n\n<p>Site:<\/p>\n\n\n\n<figure class=\"wp-block-embed\"><div class=\"wp-block-embed__wrapper\">\nhttps:\/\/spaziodmkodama.com.br\/\n<\/div><\/figure>\n\n\n\n<p>Youtube:<\/p>\n\n\n\n<figure class=\"wp-block-embed\"><div class=\"wp-block-embed__wrapper\">\nhttps:\/\/youtube.com\/channel\/UC_Qf_l1LVqsUc90H-MUjL1A\n<\/div><\/figure>\n\n\n\n<figure class=\"wp-block-embed\"><div class=\"wp-block-embed__wrapper\">\nhttps:\/\/youtube.com\/channel\/UCf4GxwIdU1FyhEmVmA_lbNw\n<\/div><\/figure>\n","protected":false},"excerpt":{"rendered":"<p>O Memorial TJDFT &#8211; Espa\u00e7o Desembargadora Lila Pimenta Duarte participa da 20\u00aa Semana Nacional dos&#8230;<\/p>\n","protected":false},"author":1,"featured_media":4407,"comment_status":"closed","ping_status":"open","sticky":false,"template":"","format":"standard","meta":{"om_disable_all_campaigns":false,"_monsterinsights_skip_tracking":false,"_monsterinsights_sitenote_active":false,"_monsterinsights_sitenote_note":"","_monsterinsights_sitenote_category":0,"spay_email":""},"categories":[27],"tags":[],"jetpack_featured_media_url":"https:\/\/vimagazine.com.br\/wp-content\/uploads\/2022\/05\/TK.jpg","_links":{"self":[{"href":"https:\/\/vimagazine.com.br\/index.php?rest_route=\/wp\/v2\/posts\/4403"}],"collection":[{"href":"https:\/\/vimagazine.com.br\/index.php?rest_route=\/wp\/v2\/posts"}],"about":[{"href":"https:\/\/vimagazine.com.br\/index.php?rest_route=\/wp\/v2\/types\/post"}],"author":[{"embeddable":true,"href":"https:\/\/vimagazine.com.br\/index.php?rest_route=\/wp\/v2\/users\/1"}],"replies":[{"embeddable":true,"href":"https:\/\/vimagazine.com.br\/index.php?rest_route=%2Fwp%2Fv2%2Fcomments&post=4403"}],"version-history":[{"count":3,"href":"https:\/\/vimagazine.com.br\/index.php?rest_route=\/wp\/v2\/posts\/4403\/revisions"}],"predecessor-version":[{"id":4411,"href":"https:\/\/vimagazine.com.br\/index.php?rest_route=\/wp\/v2\/posts\/4403\/revisions\/4411"}],"wp:featuredmedia":[{"embeddable":true,"href":"https:\/\/vimagazine.com.br\/index.php?rest_route=\/wp\/v2\/media\/4407"}],"wp:attachment":[{"href":"https:\/\/vimagazine.com.br\/index.php?rest_route=%2Fwp%2Fv2%2Fmedia&parent=4403"}],"wp:term":[{"taxonomy":"category","embeddable":true,"href":"https:\/\/vimagazine.com.br\/index.php?rest_route=%2Fwp%2Fv2%2Fcategories&post=4403"},{"taxonomy":"post_tag","embeddable":true,"href":"https:\/\/vimagazine.com.br\/index.php?rest_route=%2Fwp%2Fv2%2Ftags&post=4403"}],"curies":[{"name":"wp","href":"https:\/\/api.w.org\/{rel}","templated":true}]}}