{"id":4423,"date":"2022-05-18T18:03:45","date_gmt":"2022-05-18T21:03:45","guid":{"rendered":"https:\/\/vimagazine.com.br\/?p=4423"},"modified":"2022-05-18T18:03:48","modified_gmt":"2022-05-18T21:03:48","slug":"voraz-na-5a-semana-cultural-de-curitiba-reverbere","status":"publish","type":"post","link":"https:\/\/vimagazine.com.br\/?p=4423","title":{"rendered":"Voraz na \u201c 5\u00aa Semana Cultural de Curitiba &#8211; Reverbere\u201d"},"content":{"rendered":"\n<p>A Voraz leva seu show intimista para a \u201c 5\u00aa Semana Cultural de Curitiba &#8211; Reverbere\u201d,&nbsp; no pr\u00f3ximo dia 18 de maio, a partir das 20h, no Port\u00e3o Cultural \u2013 Teatro Antonio Kraide .<\/p>\n\n\n\n<p>No repert\u00f3rio podemos conferir as&nbsp;faixas \u201cVibe Boa\u201d, \u201cCom Voc\u00ea&#8221;, &#8220;Pra Me fazer Feliz\u201d, \u201cQuero ser Feliz\u201d \u2013 Natiruts, entre outras. Durante a apresenta\u00e7\u00e3o a Voraz vai contar com a participa\u00e7\u00e3o especial da cantora Carol Passos.<\/p>\n\n\n\n<p>As mensagens positivas nas autorais da banda, tem se tornado um referencial e merecem destaque. Recentemente&nbsp;a Voraz lan\u00e7ou nova vers\u00e3o da m\u00fasica \u201cO Tempo \u00e9 Rei\u201d, comemorando os cinco milh\u00f5es de streamings no Spotify, a m\u00fasica veio com nova roupagem e novos elementos no estilo pop\/rap com viol\u00e3o e beats eletr\u00f4nicos.<\/p>\n\n\n\n<p><strong>\u201cPela primeira vez vamos participar do evento e estamos felizes em poder fazer isso, ajudando da forma que amamos, levando nosso som e transmitindo nossa mensagem\u201d. Vamos fazer uma apresenta\u00e7\u00e3o incr\u00edvel. Enfatiza o vocalista Diogo Ferraz<\/strong><\/p>\n\n\n\n<p>A 5a semana cultural de Curitiba acontece de 17 a 21 de maio com eventos gratuitos como espet\u00e1culos de dan\u00e7a, teatros, esportes e shows. A entrada \u00e9 franca,<\/p>\n\n\n\n<p>Durante o evento, haver\u00e1 uma Central de A\u00e7\u00e3o Social recebendo doa\u00e7\u00f5es de itens de higiene pessoal feminina.<\/p>\n\n\n\n<p>Vale curtir esse&nbsp;show mais intimista com a Voraz!&nbsp;<\/p>\n\n\n\n<p><strong><u>Para saber mais acesse:&nbsp;<\/u><\/strong>&nbsp;<\/p>\n\n\n\n<p>&nbsp;<a href=\"https:\/\/web.facebook.com\/oficialvoraz\/\" target=\"_blank\" rel=\"noreferrer noopener\">facebook.com\/oficialvoraz\/<\/a><\/p>\n\n\n\n<p>&nbsp;<a href=\"https:\/\/www.instagram.com\/vorazoficial\/\" target=\"_blank\" rel=\"noreferrer noopener\">www.instagram.com\/vorazoficial\/<\/a><\/p>\n\n\n\n<p>\u00a0 \u00a0\u00a0Assessoria de Imprensa\/ Divulga\u00e7\u00e3o TV<br><strong>\u00a0\u00a0Fernanda Lara Rocca\u00a0<\/strong><br>\u00a0Instagram:@fernanda.l.rocca<a href=\"http:\/\/twitter.com\/FernandaLara01\" target=\"_blank\" rel=\"noreferrer noopener\">twitter:@FernandaLara01<\/a><a href=\"https:\/\/www.facebook.com\/fernanda.l.rocca\" target=\"_blank\" rel=\"noreferrer noopener\">https:\/\/www.facebook.com\/fernanda.l.rocca<\/a><\/p>\n\n\n\n<figure class=\"wp-block-image\"><img alt=\"\" \/><\/figure>\n","protected":false},"excerpt":{"rendered":"<p>A Voraz leva seu show intimista para a \u201c 5\u00aa Semana Cultural de Curitiba &#8211;&#8230;<\/p>\n","protected":false},"author":3,"featured_media":4424,"comment_status":"closed","ping_status":"open","sticky":false,"template":"","format":"standard","meta":{"om_disable_all_campaigns":false,"_monsterinsights_skip_tracking":false,"_monsterinsights_sitenote_active":false,"_monsterinsights_sitenote_note":"","_monsterinsights_sitenote_category":0,"spay_email":""},"categories":[1],"tags":[],"jetpack_featured_media_url":"https:\/\/vimagazine.com.br\/wp-content\/uploads\/2022\/05\/128-Banda-Voraz-e1652907730788.jpg","_links":{"self":[{"href":"https:\/\/vimagazine.com.br\/index.php?rest_route=\/wp\/v2\/posts\/4423"}],"collection":[{"href":"https:\/\/vimagazine.com.br\/index.php?rest_route=\/wp\/v2\/posts"}],"about":[{"href":"https:\/\/vimagazine.com.br\/index.php?rest_route=\/wp\/v2\/types\/post"}],"author":[{"embeddable":true,"href":"https:\/\/vimagazine.com.br\/index.php?rest_route=\/wp\/v2\/users\/3"}],"replies":[{"embeddable":true,"href":"https:\/\/vimagazine.com.br\/index.php?rest_route=%2Fwp%2Fv2%2Fcomments&post=4423"}],"version-history":[{"count":2,"href":"https:\/\/vimagazine.com.br\/index.php?rest_route=\/wp\/v2\/posts\/4423\/revisions"}],"predecessor-version":[{"id":4427,"href":"https:\/\/vimagazine.com.br\/index.php?rest_route=\/wp\/v2\/posts\/4423\/revisions\/4427"}],"wp:featuredmedia":[{"embeddable":true,"href":"https:\/\/vimagazine.com.br\/index.php?rest_route=\/wp\/v2\/media\/4424"}],"wp:attachment":[{"href":"https:\/\/vimagazine.com.br\/index.php?rest_route=%2Fwp%2Fv2%2Fmedia&parent=4423"}],"wp:term":[{"taxonomy":"category","embeddable":true,"href":"https:\/\/vimagazine.com.br\/index.php?rest_route=%2Fwp%2Fv2%2Fcategories&post=4423"},{"taxonomy":"post_tag","embeddable":true,"href":"https:\/\/vimagazine.com.br\/index.php?rest_route=%2Fwp%2Fv2%2Ftags&post=4423"}],"curies":[{"name":"wp","href":"https:\/\/api.w.org\/{rel}","templated":true}]}}